{"id":119403,"date":"2026-04-28T12:53:30","date_gmt":"2026-04-28T09:53:30","guid":{"rendered":"https:\/\/corludahaber.com\/h\/baskan-yuceer-seffaflik-konusunda-turkiye-ortalamasinin-cok-ustundeyiz\/119403"},"modified":"2026-04-28T12:53:38","modified_gmt":"2026-04-28T09:53:38","slug":"baskan-yuceer-seffaflik-konusunda-turkiye-ortalamasinin-cok-ustundeyiz","status":"publish","type":"post","link":"https:\/\/corludahaber.com\/h\/baskan-yuceer-seffaflik-konusunda-turkiye-ortalamasinin-cok-ustundeyiz\/119403","title":{"rendered":"Ba\u015fkan Y\u00fcceer: \u015eeffafl\u0131k konusunda T\u00fcrkiye ortalamas\u0131n\u0131n \u00e7ok \u00fcst\u00fcndeyiz"},"content":{"rendered":"<div class=\"corlu-icerikten-once_3\" id=\"corlu-2557159120\"><script type='text\/javascript' src='https:\/\/platform-api.sharethis.com\/js\/sharethis.js#property=5ce8cf08af7d000012cb0ca1&product=inline-reaction-buttons' async='async'><\/script>\r\n\r\n<\/div><div readability=\"94\"><span class=\"category-name hidden\"><\/span><\/p><div class=\"corlu-icerik-2\" id=\"corlu-2047009544\"><!-- Admatic AUTO ads START -->\r\n<ins data-publisher=\"adm-pub-155556240050\" data-ad-network=\"659428a24d11b285b616c18d\"   class=\"adm-ads-area\"><\/ins>\r\n<script type=\"text\/javascript\" src=\"https:\/\/static.cdn.admatic.com.tr\/showad\/showad.min.js\"><\/script>\r\n<!-- Admatic AUTO ads END --><\/div>\n<p>TEK\u0130RDA\u011e, (Haber Merkezi)- TEK\u0130RDA\u011e B\u00fcy\u00fck\u015fehir Belediye Ba\u015fkan\u0131 Dr. Candan Y\u00fcceer,  &#8220;Bug\u00fcn vadesi ge\u00e7mi\u015f tek bir kuru\u015f borcumuz yok. \u00d6z gelirlerimizi y\u00fczde 7&#8217;den y\u00fczde 14&#8217;e \u00e7\u0131kard\u0131k. \u015eeffafl\u0131k konusunda ise sadece T\u00fcrkiye&#8217;nin ortalamas\u0131n\u0131n \u00e7ok \u00fcst\u00fcndeyiz. Biz bu alanda kendimizle yar\u0131\u015f\u0131yoruz&#8221; dedi.<\/p>\n<p>Tekirda\u011f B\u00fcy\u00fck\u015fehir Belediye Ba\u015fkan\u0131 Candan Y\u00fcceer, g\u00f6revinin ikinci y\u0131l\u0131n\u0131 &#8216;S\u00f6z verdik, yapt\u0131k&#8217; vizyonu ile kamuoyuna sundu. \u0130lk iki y\u0131l\u0131n\u0131n de\u011ferlendirildi\u011fi bas\u0131n toplant\u0131s\u0131nda, kentte g\u00f6rev yapan yerel ve ulusal bas\u0131n temsilcileriyle bir araya gelen Y\u00fcceer; temel \u00f6nceliklerinin mali disiplin, \u015feffaf y\u00f6netim ve sosyal dayan\u0131\u015fma oldu\u011funu ifade etti. G\u00fcn\u00fc kurtaran de\u011fil, gelece\u011fi planlayan bir belediyecilik anlay\u0131\u015f\u0131yla hareket ettiklerini belirten Y\u00fcceer, Tekirda\u011f B\u00fcy\u00fck\u015fehir Belediyesi&#8217;nin bug\u00fcn T\u00fcrkiye&#8217;de \u00f6rnek g\u00f6sterilecek bir mali yap\u0131da oldu\u011funu s\u00f6yledi.<\/p>\n<p>&#8216;\u015eEFFAFLIK KONUSUNDA T\u00dcRK\u0130YE ORTALAMASININ \u00c7OK \u00dcST\u00dcNDEY\u0130Z&#8217;<\/p>\n<p>\u015eeffafl\u0131k ve mali disiplin konusundaki \u00e7al\u0131\u015fmalara de\u011finen Y\u00fcceer, &#8220;Hep s\u00f6yl\u00fcyorum; mali disiplin bir kurumun g\u00fcveninin en bilimsel \u00f6l\u00e7\u00fcs\u00fcd\u00fcr ve rakamlar yalan s\u00f6ylemez. Bug\u00fcn vadesi ge\u00e7mi\u015f tek bir kuru\u015f borcumuz yok. \u00d6z gelirlerimizi y\u00fczde 7&#8217;den y\u00fczde 14&#8217;e \u00e7\u0131kard\u0131k. \u015eeffafl\u0131k konusunda ise sadece T\u00fcrkiye&#8217;nin ortalamas\u0131n\u0131n \u00e7ok \u00fcst\u00fcndeyiz. Biz bu alanda kendimizle yar\u0131\u015f\u0131yoruz. T\u00fcrkiye genelinde a\u00e7\u0131k ihale oran\u0131 y\u00fczde 70&#8217;ler seviyesindeyken, biz bu oran\u0131 y\u00fczde 93.44&#8217;e \u00e7\u0131kard\u0131k. Bu, halk\u0131m\u0131z\u0131n her bir kuru\u015funun nerede ve nas\u0131l harcand\u0131\u011f\u0131n\u0131n en a\u00e7\u0131k kan\u0131t\u0131d\u0131r. G\u00f6reve geldi\u011fimiz g\u00fcn &#8216;kendi bask\u0131m\u0131z\u0131 kendimiz yapaca\u011f\u0131z, kendi ara\u00e7lar\u0131m\u0131zla kentimize hizmet edece\u011fiz&#8217; demi\u015ftik. Tek bir m\u00fclk\u00fcm\u00fcz\u00fc satmadan, bir kuru\u015f kredi \u00e7ekmeden 433 yeni hizmet arac\u0131n\u0131 \u00f6z mal\u0131m\u0131z yapt\u0131k. Kiralama giderlerimizi b\u00fct\u00e7ede sembolik bir d\u00fczeye indirdik. Biz bu \u015fehrin kaynaklar\u0131n\u0131 en do\u011fru, en bereketli \u015fekilde kullanma iradesini ortaya koyduk&#8221; dedi.<\/p>\n<p>&#8216;TEK\u0130RDA\u011e&#8217;A, TEK\u0130RDA\u011eLIYA HAKSIZLIK DE\u011e\u0130L M\u0130?&#8217;<\/p>\n<p>Tekirda\u011f&#8217;\u0131n vergi \u00f6demede ilk 5 \u015fehir aras\u0131nda yer almas\u0131na ra\u011fmen merkezi h\u00fck\u00fcmet yat\u0131r\u0131mlar\u0131ndan bekledi\u011fi pay\u0131 alamad\u0131\u011f\u0131n\u0131 s\u00f6yleyen Y\u00fcceer, &#8220;B\u00fcy\u00fck\u015fehirler ortalama merkezi idareden ki\u015fi ba\u015f\u0131 ortalama 6 bin 817 lira bedelinde yat\u0131r\u0131m alm\u0131\u015f. Tekirda\u011f ortalamas\u0131na bakt\u0131\u011f\u0131m\u0131zda ki\u015fi ba\u015f\u0131na 5 bin lirada kalm\u0131\u015f. \u015eimdi bu Tekirda\u011f&#8217;a, Tekirda\u011fl\u0131ya haks\u0131zl\u0131k de\u011fil mi? ifadelerini kulland\u0131.<\/p>\n<p>&#8216;DO\u011eUMDAN \u00d6L\u00dcME HER KES\u0130M\u0130N YANINDAYIZ&#8217;<\/p>\n<p>Hizmetin merkezine insan\u0131 koyduklar\u0131n\u0131, belediyecili\u011fin sadece fiziksel yat\u0131r\u0131mlardan ibaret olmad\u0131\u011f\u0131n\u0131 s\u00f6yleyen Y\u00fcceer, &#8220;Belediyecilik sadece beton d\u00f6kmek de\u011fildir; \u00fcreticimizin mazot deste\u011finde, \u00f6\u011frencimizin ula\u015f\u0131m\u0131nda, emeklimizin pazar al\u0131\u015fveri\u015finde yan\u0131nda olmakt\u0131r. Biz de bu anlay\u0131\u015fla g\u00f6rev y\u0131l\u0131m\u0131z\u0131n ilk y\u0131l\u0131 dolmadan sosyal desteklerimizi tam 7 kat art\u0131rd\u0131k. Belediyemizin t\u00fcm birimlerini, yap\u0131lar\u0131n\u0131 daha i\u015flevsel bir yap\u0131ya d\u00f6n\u00fc\u015ft\u00fcrd\u00fck. Do\u011fumdan \u00f6l\u00fcme kadar her bir hem\u015fehrimizin sofras\u0131nda, e\u011fitiminde, sa\u011fl\u0131\u011f\u0131nda yan\u0131nday\u0131z. Sorumlulu\u011fumuz b\u00fcy\u00fck, ald\u0131\u011f\u0131m\u0131z vebal \u00e7ok y\u00fcksek. Bu ger\u00e7eklikle, gecemizi g\u00fcnd\u00fcz\u00fcm\u00fcze katarak Tekirda\u011f i\u00e7in \u00e7al\u0131\u015fmaya devam edece\u011fiz&#8221; diye konu\u015ftu.<\/p>\n<p>Toplant\u0131n\u0131n ard\u0131ndan Y\u00fcceer,  bas\u0131n mensuplar\u0131yla birlikte belediye b\u00fcnyesinde yeni kurulan Dijital Bask\u0131 Merkezi&#8217;ni ziyaret etti. Matbaa ve bask\u0131 i\u015flemlerinin art\u0131k belediyenin kendi \u00f6z g\u00fcc\u00fcyle yap\u0131laca\u011f\u0131n\u0131 belirten Ba\u015fkan Y\u00fcceer, her ad\u0131mda kaynaklar\u0131n\u0131 daha verimli kullanmaya \u00e7al\u0131\u015ft\u0131klar\u0131n\u0131 ifade etti.(Haber Merkezi)<\/p>\n<\/div>\n<div class=\"corlu-icerikten-sonra_3\" id=\"corlu-1823002155\"><p><img loading=\"lazy\" decoding=\"async\" class=\"aligncenter\" src=\"https:\/\/www.corludahaber.com\/bahcesehir.jpg\" alt=\"\" width=\"624\" height=\"196\" \/><\/p>\n<table style=\"text-align: left; width: 100%;\" border=\"1\" cellspacing=\"2\" cellpadding=\"2\">\n<tbody>\n<tr>\n<td style=\"background-color: #050805;\"><span style=\"font-size: 12pt;\"><small><small><em><strong><big><span style=\"color: #ff0000;\">Haber ve resimlerin telif haklar\u0131ndan dolay\u0131 kullan\u0131m\u0131 yasakt\u0131r<span style=\"color: #000000;\">.<\/span><\/span><span style=\"color: #000000;\">\u00a0<\/span><span style=\"color: #ffffff;\">Yaz\u0131l\u0131 izni al\u0131nmadan hi\u00e7bir yaz\u0131l\u0131, g\u00f6rsel, i\u015fitsel i\u00e7erik kopyalanamaz, de\u011fi\u015ftirilemez, yay\u0131nlanamaz veya sat\u0131lamaz. Aksi halde<\/span>\u00a0<span style=\"color: #ff0000;\">5846<span style=\"color: #ffffff;\">\u00a0<\/span><\/span><span style=\"color: #ffffff;\">say\u0131l\u0131 Fikir ve Sanat Eserleri Kanunu\u2019na ve<\/span>\u00a0<span style=\"color: #800000;\"><span style=\"color: #ff0000;\">6102<\/span><span style=\"color: #ffffff;\">\u00a0<\/span><\/span><span style=\"color: #ffffff;\">say\u0131l\u0131 maddesine g\u00f6re<\/span>\u00a0<span style=\"color: #ff0000;\">gerekli i\u015flemler uygulanacakt\u0131r.<\/span><br \/>\n<span style=\"color: #ffffff;\">\u00a9 Copyright 2014<\/span><\/big><\/strong><\/em><\/small><\/small><\/span><\/td>\n<\/tr>\n<\/tbody>\n<\/table>\n<p><small><small>\u00a0<\/small><\/small><\/p>\n<\/div>","protected":false},"excerpt":{"rendered":"<p>TEK\u0130RDA\u011e, (Haber Merkezi)- TEK\u0130RDA\u011e B\u00fcy\u00fck\u015fehir Belediye Ba\u015fkan\u0131 Dr. Candan Y\u00fcceer, &#8220;Bug\u00fcn vadesi ge\u00e7mi\u015f tek bir kuru\u015f borcumuz yok. \u00d6z gelirlerimizi y\u00fczde 7&#8217;den y\u00fczde 14&#8217;e \u00e7\u0131kard\u0131k. \u015eeffafl\u0131k konusunda ise sadece T\u00fcrkiye&#8217;nin ortalamas\u0131n\u0131n \u00e7ok \u00fcst\u00fcndeyiz. Biz bu alanda kendimizle yar\u0131\u015f\u0131yoruz&#8221; dedi. Tekirda\u011f B\u00fcy\u00fck\u015fehir Belediye Ba\u015fkan\u0131 Candan Y\u00fcceer, g\u00f6revinin ikinci y\u0131l\u0131n\u0131 &#8216;S\u00f6z verdik, yapt\u0131k&#8217; vizyonu ile kamuoyuna sundu. &hellip;<\/p>\n","protected":false},"author":151,"featured_media":119404,"comment_status":"open","ping_status":"closed","sticky":false,"template":"","format":"standard","meta":{"footnotes":""},"categories":[27],"tags":[8025,395,33508,9376,15478,378,25944,23622,3661,89,33507,6908],"class_list":["post-119403","post","type-post","status-publish","format-standard","has-post-thumbnail","hentry","category-yasam","tag-asayis","tag-baskan","tag-baskan-yuceer-seffaflik-konusunda-turkiye-ortalamasinin-cok-ustundeyiz","tag-corlu-kaza","tag-corlu-son-dakika-kaza","tag-konusunda","tag-ortalamasinin","tag-seffaflik","tag-son-dakika-kaza","tag-turkiye","tag-ustundeyiz","tag-yuceer"],"yoast_head":"<!-- This site is optimized with the Yoast SEO Premium plugin v23.3 (Yoast SEO v23.3) - https:\/\/yoast.com\/wordpress\/plugins\/seo\/ -->\n<title>Ba\u015fkan Y\u00fcceer: \u015eeffafl\u0131k konusunda T\u00fcrkiye ortalamas\u0131n\u0131n \u00e7ok \u00fcst\u00fcndeyiz | \u00c7orlu&#039;da Haber<\/title>\n<meta name=\"description\" content=\"Ba\u015fkan Y\u00fcceer: \u015eeffafl\u0131k konusunda T\u00fcrkiye ortalamas\u0131n\u0131n \u00e7ok \u00fcst\u00fcndeyiz | \u00c7orlu&#039;da Haber\" \/>\n<meta name=\"robots\" content=\"index, follow, max-snippet:-1, max-image-preview:large, max-video-preview:-1\" \/>\n<link rel=\"canonical\" href=\"https:\/\/corludahaber.com\/h\/baskan-yuceer-seffaflik-konusunda-turkiye-ortalamasinin-cok-ustundeyiz\/119403\" \/>\n<meta property=\"og:locale\" content=\"tr_TR\" \/>\n<meta property=\"og:type\" content=\"article\" \/>\n<meta property=\"og:title\" content=\"Ba\u015fkan Y\u00fcceer: \u015eeffafl\u0131k konusunda T\u00fcrkiye ortalamas\u0131n\u0131n \u00e7ok \u00fcst\u00fcndeyiz | \u00c7orlu&#039;da Haber\" \/>\n<meta property=\"og:description\" content=\"Ba\u015fkan Y\u00fcceer: \u015eeffafl\u0131k konusunda T\u00fcrkiye ortalamas\u0131n\u0131n \u00e7ok \u00fcst\u00fcndeyiz | \u00c7orlu&#039;da Haber\" \/>\n<meta property=\"og:url\" content=\"https:\/\/corludahaber.com\/h\/baskan-yuceer-seffaflik-konusunda-turkiye-ortalamasinin-cok-ustundeyiz\/119403\" \/>\n<meta property=\"og:site_name\" content=\"\u00c7orlu&#039;da Haber\" \/>\n<meta property=\"article:publisher\" content=\"https:\/\/facebook.com\/habercorluda\" \/>\n<meta property=\"article:published_time\" content=\"2026-04-28T09:53:30+00:00\" \/>\n<meta property=\"article:modified_time\" content=\"2026-04-28T09:53:38+00:00\" \/>\n<meta property=\"og:image\" content=\"http:\/\/corludahaber.com\/h\/wp-content\/uploads\/2026\/04\/baskan-yuceer-seffaflik-konusunda-turkiye-ortalamasinin-cok-ustundeyiz_69f0839c3e7e8.jpeg\" \/>\n\t<meta property=\"og:image:width\" content=\"2300\" \/>\n\t<meta property=\"og:image:height\" content=\"1861\" \/>\n\t<meta property=\"og:image:type\" content=\"image\/jpeg\" \/>\n<meta name=\"author\" content=\"\u00c7orlu&#039;da Haber\" \/>\n<meta name=\"twitter:card\" content=\"summary_large_image\" \/>\n<meta name=\"twitter:creator\" content=\"@habercorluda\" \/>\n<meta name=\"twitter:site\" content=\"@habercorluda\" \/>\n<meta name=\"twitter:label1\" content=\"Yazan:\" \/>\n\t<meta name=\"twitter:data1\" content=\"\u00c7orlu&#039;da Haber\" \/>\n\t<meta name=\"twitter:label2\" content=\"Tahmini okuma s\u00fcresi\" \/>\n\t<meta name=\"twitter:data2\" content=\"3 dakika\" \/>\n<script type=\"application\/ld+json\" class=\"yoast-schema-graph\">{\"@context\":\"https:\/\/schema.org\",\"@graph\":[{\"@type\":\"Article\",\"@id\":\"https:\/\/corludahaber.com\/h\/baskan-yuceer-seffaflik-konusunda-turkiye-ortalamasinin-cok-ustundeyiz\/119403#article\",\"isPartOf\":{\"@id\":\"https:\/\/corludahaber.com\/h\/baskan-yuceer-seffaflik-konusunda-turkiye-ortalamasinin-cok-ustundeyiz\/119403\"},\"author\":{\"name\":\"\u00c7orlu'da Haber\",\"@id\":\"https:\/\/corludahaber.com\/h\/#\/schema\/person\/b523522be44b062db5d74a62589768cd\"},\"headline\":\"Ba\u015fkan Y\u00fcceer: \u015eeffafl\u0131k konusunda T\u00fcrkiye ortalamas\u0131n\u0131n \u00e7ok \u00fcst\u00fcndeyiz\",\"datePublished\":\"2026-04-28T09:53:30+00:00\",\"dateModified\":\"2026-04-28T09:53:38+00:00\",\"mainEntityOfPage\":{\"@id\":\"https:\/\/corludahaber.com\/h\/baskan-yuceer-seffaflik-konusunda-turkiye-ortalamasinin-cok-ustundeyiz\/119403\"},\"wordCount\":671,\"commentCount\":0,\"publisher\":{\"@id\":\"https:\/\/corludahaber.com\/h\/#organization\"},\"image\":{\"@id\":\"https:\/\/corludahaber.com\/h\/baskan-yuceer-seffaflik-konusunda-turkiye-ortalamasinin-cok-ustundeyiz\/119403#primaryimage\"},\"thumbnailUrl\":\"https:\/\/corludahaber.com\/h\/wp-content\/uploads\/2026\/04\/baskan-yuceer-seffaflik-konusunda-turkiye-ortalamasinin-cok-ustundeyiz_69f0839c3e7e8.jpeg\",\"keywords\":[\"asayi\u015f\",\"BA\u015eKAN\",\"Ba\u015fkan Y\u00fcceer: \u015eeffafl\u0131k konusunda T\u00fcrkiye ortalamas\u0131n\u0131n \u00e7ok \u00fcst\u00fcndeyiz\",\"\u00c7orlu kaza\",\"\u00c7orlu son dakika kaza\",\"Konusunda\",\"ortalamas\u0131n\u0131n\",\"\u015feffafl\u0131k\",\"son dakika kaza\",\"T\u00fcrkiye\",\"\u00fcst\u00fcndeyiz\",\"Y\u00fcceer\"],\"articleSection\":[\"Ya\u015fam\"],\"inLanguage\":\"tr\",\"potentialAction\":[{\"@type\":\"CommentAction\",\"name\":\"Comment\",\"target\":[\"https:\/\/corludahaber.com\/h\/baskan-yuceer-seffaflik-konusunda-turkiye-ortalamasinin-cok-ustundeyiz\/119403#respond\"]}]},{\"@type\":\"WebPage\",\"@id\":\"https:\/\/corludahaber.com\/h\/baskan-yuceer-seffaflik-konusunda-turkiye-ortalamasinin-cok-ustundeyiz\/119403\",\"url\":\"https:\/\/corludahaber.com\/h\/baskan-yuceer-seffaflik-konusunda-turkiye-ortalamasinin-cok-ustundeyiz\/119403\",\"name\":\"Ba\u015fkan Y\u00fcceer: \u015eeffafl\u0131k konusunda T\u00fcrkiye ortalamas\u0131n\u0131n \u00e7ok \u00fcst\u00fcndeyiz | \u00c7orlu&#039;da Haber\",\"isPartOf\":{\"@id\":\"https:\/\/corludahaber.com\/h\/#website\"},\"primaryImageOfPage\":{\"@id\":\"https:\/\/corludahaber.com\/h\/baskan-yuceer-seffaflik-konusunda-turkiye-ortalamasinin-cok-ustundeyiz\/119403#primaryimage\"},\"image\":{\"@id\":\"https:\/\/corludahaber.com\/h\/baskan-yuceer-seffaflik-konusunda-turkiye-ortalamasinin-cok-ustundeyiz\/119403#primaryimage\"},\"thumbnailUrl\":\"https:\/\/corludahaber.com\/h\/wp-content\/uploads\/2026\/04\/baskan-yuceer-seffaflik-konusunda-turkiye-ortalamasinin-cok-ustundeyiz_69f0839c3e7e8.jpeg\",\"datePublished\":\"2026-04-28T09:53:30+00:00\",\"dateModified\":\"2026-04-28T09:53:38+00:00\",\"description\":\"Ba\u015fkan Y\u00fcceer: \u015eeffafl\u0131k konusunda T\u00fcrkiye ortalamas\u0131n\u0131n \u00e7ok \u00fcst\u00fcndeyiz | \u00c7orlu&#039;da Haber\",\"breadcrumb\":{\"@id\":\"https:\/\/corludahaber.com\/h\/baskan-yuceer-seffaflik-konusunda-turkiye-ortalamasinin-cok-ustundeyiz\/119403#breadcrumb\"},\"inLanguage\":\"tr\",\"potentialAction\":[{\"@type\":\"ReadAction\",\"target\":[\"https:\/\/corludahaber.com\/h\/baskan-yuceer-seffaflik-konusunda-turkiye-ortalamasinin-cok-ustundeyiz\/119403\"]}]},{\"@type\":\"ImageObject\",\"inLanguage\":\"tr\",\"@id\":\"https:\/\/corludahaber.com\/h\/baskan-yuceer-seffaflik-konusunda-turkiye-ortalamasinin-cok-ustundeyiz\/119403#primaryimage\",\"url\":\"https:\/\/corludahaber.com\/h\/wp-content\/uploads\/2026\/04\/baskan-yuceer-seffaflik-konusunda-turkiye-ortalamasinin-cok-ustundeyiz_69f0839c3e7e8.jpeg\",\"contentUrl\":\"https:\/\/corludahaber.com\/h\/wp-content\/uploads\/2026\/04\/baskan-yuceer-seffaflik-konusunda-turkiye-ortalamasinin-cok-ustundeyiz_69f0839c3e7e8.jpeg\",\"width\":2300,\"height\":1861},{\"@type\":\"BreadcrumbList\",\"@id\":\"https:\/\/corludahaber.com\/h\/baskan-yuceer-seffaflik-konusunda-turkiye-ortalamasinin-cok-ustundeyiz\/119403#breadcrumb\",\"itemListElement\":[{\"@type\":\"ListItem\",\"position\":1,\"name\":\"Anasayfa\",\"item\":\"https:\/\/corludahaber.com\/h\/\"},{\"@type\":\"ListItem\",\"position\":2,\"name\":\"Ya\u015fam\",\"item\":\"https:\/\/corludahaber.com\/h\/kategori\/yasam\"},{\"@type\":\"ListItem\",\"position\":3,\"name\":\"Ba\u015fkan Y\u00fcceer: \u015eeffafl\u0131k konusunda T\u00fcrkiye ortalamas\u0131n\u0131n \u00e7ok \u00fcst\u00fcndeyiz\"}]},{\"@type\":\"WebSite\",\"@id\":\"https:\/\/corludahaber.com\/h\/#website\",\"url\":\"https:\/\/corludahaber.com\/h\/\",\"name\":\"\u00c7orlu'da Haber\",\"description\":\"Ger\u00e7ek Tarafs\u0131z Haber\",\"publisher\":{\"@id\":\"https:\/\/corludahaber.com\/h\/#organization\"},\"potentialAction\":[{\"@type\":\"SearchAction\",\"target\":{\"@type\":\"EntryPoint\",\"urlTemplate\":\"https:\/\/corludahaber.com\/h\/?s={search_term_string}\"},\"query-input\":\"required name=search_term_string\"}],\"inLanguage\":\"tr\"},{\"@type\":\"Organization\",\"@id\":\"https:\/\/corludahaber.com\/h\/#organization\",\"name\":\"\u00c7orlu'da Haber\",\"url\":\"https:\/\/corludahaber.com\/h\/\",\"logo\":{\"@type\":\"ImageObject\",\"inLanguage\":\"tr\",\"@id\":\"https:\/\/corludahaber.com\/h\/#\/schema\/logo\/image\/\",\"url\":\"https:\/\/corludahaber.com\/h\/wp-content\/uploads\/2021\/12\/logo__9__1_-removebg-preview.png\",\"contentUrl\":\"https:\/\/corludahaber.com\/h\/wp-content\/uploads\/2021\/12\/logo__9__1_-removebg-preview.png\",\"width\":500,\"height\":157,\"caption\":\"\u00c7orlu'da Haber\"},\"image\":{\"@id\":\"https:\/\/corludahaber.com\/h\/#\/schema\/logo\/image\/\"},\"sameAs\":[\"https:\/\/facebook.com\/habercorluda\",\"https:\/\/x.com\/habercorluda\",\"https:\/\/www.instagram.com\/corludahaber\",\"https:\/\/www.youtube.com\/user\/corludahaber\"]},{\"@type\":\"Person\",\"@id\":\"https:\/\/corludahaber.com\/h\/#\/schema\/person\/b523522be44b062db5d74a62589768cd\",\"name\":\"\u00c7orlu'da Haber\",\"image\":{\"@type\":\"ImageObject\",\"inLanguage\":\"tr\",\"@id\":\"https:\/\/corludahaber.com\/h\/#\/schema\/person\/image\/\",\"url\":\"https:\/\/secure.gravatar.com\/avatar\/1033e54e078c29fd7f053370086ff627ba414b05c2b231c418a481adecd764ce?s=96&d=blank&r=g\",\"contentUrl\":\"https:\/\/secure.gravatar.com\/avatar\/1033e54e078c29fd7f053370086ff627ba414b05c2b231c418a481adecd764ce?s=96&d=blank&r=g\",\"caption\":\"\u00c7orlu'da Haber\"},\"sameAs\":[\"https:\/\/corludahaber.com\/h\"],\"url\":\"https:\/\/corludahaber.com\/h\/author\/admin\"}]}<\/script>\n<!-- \/ Yoast SEO Premium plugin. -->","yoast_head_json":{"title":"Ba\u015fkan Y\u00fcceer: \u015eeffafl\u0131k konusunda T\u00fcrkiye ortalamas\u0131n\u0131n \u00e7ok \u00fcst\u00fcndeyiz | \u00c7orlu&#039;da Haber","description":"Ba\u015fkan Y\u00fcceer: \u015eeffafl\u0131k konusunda T\u00fcrkiye ortalamas\u0131n\u0131n \u00e7ok \u00fcst\u00fcndeyiz | \u00c7orlu&#039;da Haber","robots":{"index":"index","follow":"follow","max-snippet":"max-snippet:-1","max-image-preview":"max-image-preview:large","max-video-preview":"max-video-preview:-1"},"canonical":"https:\/\/corludahaber.com\/h\/baskan-yuceer-seffaflik-konusunda-turkiye-ortalamasinin-cok-ustundeyiz\/119403","og_locale":"tr_TR","og_type":"article","og_title":"Ba\u015fkan Y\u00fcceer: \u015eeffafl\u0131k konusunda T\u00fcrkiye ortalamas\u0131n\u0131n \u00e7ok \u00fcst\u00fcndeyiz | \u00c7orlu&#039;da Haber","og_description":"Ba\u015fkan Y\u00fcceer: \u015eeffafl\u0131k konusunda T\u00fcrkiye ortalamas\u0131n\u0131n \u00e7ok \u00fcst\u00fcndeyiz | \u00c7orlu&#039;da Haber","og_url":"https:\/\/corludahaber.com\/h\/baskan-yuceer-seffaflik-konusunda-turkiye-ortalamasinin-cok-ustundeyiz\/119403","og_site_name":"\u00c7orlu&#039;da Haber","article_publisher":"https:\/\/facebook.com\/habercorluda","article_published_time":"2026-04-28T09:53:30+00:00","article_modified_time":"2026-04-28T09:53:38+00:00","og_image":[{"width":2300,"height":1861,"url":"http:\/\/corludahaber.com\/h\/wp-content\/uploads\/2026\/04\/baskan-yuceer-seffaflik-konusunda-turkiye-ortalamasinin-cok-ustundeyiz_69f0839c3e7e8.jpeg","type":"image\/jpeg"}],"author":"\u00c7orlu'da Haber","twitter_card":"summary_large_image","twitter_creator":"@habercorluda","twitter_site":"@habercorluda","twitter_misc":{"Yazan:":"\u00c7orlu'da Haber","Tahmini okuma s\u00fcresi":"3 dakika"},"schema":{"@context":"https:\/\/schema.org","@graph":[{"@type":"Article","@id":"https:\/\/corludahaber.com\/h\/baskan-yuceer-seffaflik-konusunda-turkiye-ortalamasinin-cok-ustundeyiz\/119403#article","isPartOf":{"@id":"https:\/\/corludahaber.com\/h\/baskan-yuceer-seffaflik-konusunda-turkiye-ortalamasinin-cok-ustundeyiz\/119403"},"author":{"name":"\u00c7orlu'da Haber","@id":"https:\/\/corludahaber.com\/h\/#\/schema\/person\/b523522be44b062db5d74a62589768cd"},"headline":"Ba\u015fkan Y\u00fcceer: \u015eeffafl\u0131k konusunda T\u00fcrkiye ortalamas\u0131n\u0131n \u00e7ok \u00fcst\u00fcndeyiz","datePublished":"2026-04-28T09:53:30+00:00","dateModified":"2026-04-28T09:53:38+00:00","mainEntityOfPage":{"@id":"https:\/\/corludahaber.com\/h\/baskan-yuceer-seffaflik-konusunda-turkiye-ortalamasinin-cok-ustundeyiz\/119403"},"wordCount":671,"commentCount":0,"publisher":{"@id":"https:\/\/corludahaber.com\/h\/#organization"},"image":{"@id":"https:\/\/corludahaber.com\/h\/baskan-yuceer-seffaflik-konusunda-turkiye-ortalamasinin-cok-ustundeyiz\/119403#primaryimage"},"thumbnailUrl":"https:\/\/corludahaber.com\/h\/wp-content\/uploads\/2026\/04\/baskan-yuceer-seffaflik-konusunda-turkiye-ortalamasinin-cok-ustundeyiz_69f0839c3e7e8.jpeg","keywords":["asayi\u015f","BA\u015eKAN","Ba\u015fkan Y\u00fcceer: \u015eeffafl\u0131k konusunda T\u00fcrkiye ortalamas\u0131n\u0131n \u00e7ok \u00fcst\u00fcndeyiz","\u00c7orlu kaza","\u00c7orlu son dakika kaza","Konusunda","ortalamas\u0131n\u0131n","\u015feffafl\u0131k","son dakika kaza","T\u00fcrkiye","\u00fcst\u00fcndeyiz","Y\u00fcceer"],"articleSection":["Ya\u015fam"],"inLanguage":"tr","potentialAction":[{"@type":"CommentAction","name":"Comment","target":["https:\/\/corludahaber.com\/h\/baskan-yuceer-seffaflik-konusunda-turkiye-ortalamasinin-cok-ustundeyiz\/119403#respond"]}]},{"@type":"WebPage","@id":"https:\/\/corludahaber.com\/h\/baskan-yuceer-seffaflik-konusunda-turkiye-ortalamasinin-cok-ustundeyiz\/119403","url":"https:\/\/corludahaber.com\/h\/baskan-yuceer-seffaflik-konusunda-turkiye-ortalamasinin-cok-ustundeyiz\/119403","name":"Ba\u015fkan Y\u00fcceer: \u015eeffafl\u0131k konusunda T\u00fcrkiye ortalamas\u0131n\u0131n \u00e7ok \u00fcst\u00fcndeyiz | \u00c7orlu&#039;da Haber","isPartOf":{"@id":"https:\/\/corludahaber.com\/h\/#website"},"primaryImageOfPage":{"@id":"https:\/\/corludahaber.com\/h\/baskan-yuceer-seffaflik-konusunda-turkiye-ortalamasinin-cok-ustundeyiz\/119403#primaryimage"},"image":{"@id":"https:\/\/corludahaber.com\/h\/baskan-yuceer-seffaflik-konusunda-turkiye-ortalamasinin-cok-ustundeyiz\/119403#primaryimage"},"thumbnailUrl":"https:\/\/corludahaber.com\/h\/wp-content\/uploads\/2026\/04\/baskan-yuceer-seffaflik-konusunda-turkiye-ortalamasinin-cok-ustundeyiz_69f0839c3e7e8.jpeg","datePublished":"2026-04-28T09:53:30+00:00","dateModified":"2026-04-28T09:53:38+00:00","description":"Ba\u015fkan Y\u00fcceer: \u015eeffafl\u0131k konusunda T\u00fcrkiye ortalamas\u0131n\u0131n \u00e7ok \u00fcst\u00fcndeyiz | \u00c7orlu&#039;da Haber","breadcrumb":{"@id":"https:\/\/corludahaber.com\/h\/baskan-yuceer-seffaflik-konusunda-turkiye-ortalamasinin-cok-ustundeyiz\/119403#breadcrumb"},"inLanguage":"tr","potentialAction":[{"@type":"ReadAction","target":["https:\/\/corludahaber.com\/h\/baskan-yuceer-seffaflik-konusunda-turkiye-ortalamasinin-cok-ustundeyiz\/119403"]}]},{"@type":"ImageObject","inLanguage":"tr","@id":"https:\/\/corludahaber.com\/h\/baskan-yuceer-seffaflik-konusunda-turkiye-ortalamasinin-cok-ustundeyiz\/119403#primaryimage","url":"https:\/\/corludahaber.com\/h\/wp-content\/uploads\/2026\/04\/baskan-yuceer-seffaflik-konusunda-turkiye-ortalamasinin-cok-ustundeyiz_69f0839c3e7e8.jpeg","contentUrl":"https:\/\/corludahaber.com\/h\/wp-content\/uploads\/2026\/04\/baskan-yuceer-seffaflik-konusunda-turkiye-ortalamasinin-cok-ustundeyiz_69f0839c3e7e8.jpeg","width":2300,"height":1861},{"@type":"BreadcrumbList","@id":"https:\/\/corludahaber.com\/h\/baskan-yuceer-seffaflik-konusunda-turkiye-ortalamasinin-cok-ustundeyiz\/119403#breadcrumb","itemListElement":[{"@type":"ListItem","position":1,"name":"Anasayfa","item":"https:\/\/corludahaber.com\/h\/"},{"@type":"ListItem","position":2,"name":"Ya\u015fam","item":"https:\/\/corludahaber.com\/h\/kategori\/yasam"},{"@type":"ListItem","position":3,"name":"Ba\u015fkan Y\u00fcceer: \u015eeffafl\u0131k konusunda T\u00fcrkiye ortalamas\u0131n\u0131n \u00e7ok \u00fcst\u00fcndeyiz"}]},{"@type":"WebSite","@id":"https:\/\/corludahaber.com\/h\/#website","url":"https:\/\/corludahaber.com\/h\/","name":"\u00c7orlu'da Haber","description":"Ger\u00e7ek Tarafs\u0131z Haber","publisher":{"@id":"https:\/\/corludahaber.com\/h\/#organization"},"potentialAction":[{"@type":"SearchAction","target":{"@type":"EntryPoint","urlTemplate":"https:\/\/corludahaber.com\/h\/?s={search_term_string}"},"query-input":"required name=search_term_string"}],"inLanguage":"tr"},{"@type":"Organization","@id":"https:\/\/corludahaber.com\/h\/#organization","name":"\u00c7orlu'da Haber","url":"https:\/\/corludahaber.com\/h\/","logo":{"@type":"ImageObject","inLanguage":"tr","@id":"https:\/\/corludahaber.com\/h\/#\/schema\/logo\/image\/","url":"https:\/\/corludahaber.com\/h\/wp-content\/uploads\/2021\/12\/logo__9__1_-removebg-preview.png","contentUrl":"https:\/\/corludahaber.com\/h\/wp-content\/uploads\/2021\/12\/logo__9__1_-removebg-preview.png","width":500,"height":157,"caption":"\u00c7orlu'da Haber"},"image":{"@id":"https:\/\/corludahaber.com\/h\/#\/schema\/logo\/image\/"},"sameAs":["https:\/\/facebook.com\/habercorluda","https:\/\/x.com\/habercorluda","https:\/\/www.instagram.com\/corludahaber","https:\/\/www.youtube.com\/user\/corludahaber"]},{"@type":"Person","@id":"https:\/\/corludahaber.com\/h\/#\/schema\/person\/b523522be44b062db5d74a62589768cd","name":"\u00c7orlu'da Haber","image":{"@type":"ImageObject","inLanguage":"tr","@id":"https:\/\/corludahaber.com\/h\/#\/schema\/person\/image\/","url":"https:\/\/secure.gravatar.com\/avatar\/1033e54e078c29fd7f053370086ff627ba414b05c2b231c418a481adecd764ce?s=96&d=blank&r=g","contentUrl":"https:\/\/secure.gravatar.com\/avatar\/1033e54e078c29fd7f053370086ff627ba414b05c2b231c418a481adecd764ce?s=96&d=blank&r=g","caption":"\u00c7orlu'da Haber"},"sameAs":["https:\/\/corludahaber.com\/h"],"url":"https:\/\/corludahaber.com\/h\/author\/admin"}]}},"_links":{"self":[{"href":"https:\/\/corludahaber.com\/h\/wp-json\/wp\/v2\/posts\/119403","targetHints":{"allow":["GET"]}}],"collection":[{"href":"https:\/\/corludahaber.com\/h\/wp-json\/wp\/v2\/posts"}],"about":[{"href":"https:\/\/corludahaber.com\/h\/wp-json\/wp\/v2\/types\/post"}],"author":[{"embeddable":true,"href":"https:\/\/corludahaber.com\/h\/wp-json\/wp\/v2\/users\/151"}],"replies":[{"embeddable":true,"href":"https:\/\/corludahaber.com\/h\/wp-json\/wp\/v2\/comments?post=119403"}],"version-history":[{"count":1,"href":"https:\/\/corludahaber.com\/h\/wp-json\/wp\/v2\/posts\/119403\/revisions"}],"predecessor-version":[{"id":119405,"href":"https:\/\/corludahaber.com\/h\/wp-json\/wp\/v2\/posts\/119403\/revisions\/119405"}],"wp:featuredmedia":[{"embeddable":true,"href":"https:\/\/corludahaber.com\/h\/wp-json\/wp\/v2\/media\/119404"}],"wp:attachment":[{"href":"https:\/\/corludahaber.com\/h\/wp-json\/wp\/v2\/media?parent=119403"}],"wp:term":[{"taxonomy":"category","embeddable":true,"href":"https:\/\/corludahaber.com\/h\/wp-json\/wp\/v2\/categories?post=119403"},{"taxonomy":"post_tag","embeddable":true,"href":"https:\/\/corludahaber.com\/h\/wp-json\/wp\/v2\/tags?post=119403"}],"curies":[{"name":"wp","href":"https:\/\/api.w.org\/{rel}","templated":true}]}}