{"id":119394,"date":"2026-04-28T07:18:37","date_gmt":"2026-04-28T04:18:37","guid":{"rendered":"https:\/\/corludahaber.com\/h\/corluda-kusaklar-arasi-gonul-koprusu-kuruldu\/119394"},"modified":"2026-04-28T07:18:40","modified_gmt":"2026-04-28T04:18:40","slug":"corluda-kusaklar-arasi-gonul-koprusu-kuruldu","status":"publish","type":"post","link":"https:\/\/corludahaber.com\/h\/corluda-kusaklar-arasi-gonul-koprusu-kuruldu\/119394","title":{"rendered":"\u00c7orlu`da Ku\u015faklar Aras\u0131 G\u00f6n\u00fcl K\u00f6pr\u00fcs\u00fc Kuruldu"},"content":{"rendered":"<div class=\"corlu-icerikten-once_3\" id=\"corlu-122979774\"><script type='text\/javascript' src='https:\/\/platform-api.sharethis.com\/js\/sharethis.js#property=5ce8cf08af7d000012cb0ca1&product=inline-reaction-buttons' async='async'><\/script>\r\n\r\n<\/div><p>\u00c7orlu Belediye Ba\u015fkan\u0131 Ahmet Sar\u0131kurt, 23 Nisan Ulusal Egemenlik ve \u00c7ocuk Bayram\u0131 etkinlikleri kapsam\u0131nda tecr\u00fcbe ile enerjiyi ayn\u0131 masada bulu\u015fturdu. \u201cNesiller Yar\u0131\u015f\u0131yor\u201d etkinli\u011finde minik \u00f6\u011frenciler ve \u201cYa\u015fayan \u00c7\u0131narlar\u201d bir araya gelerek bayram sevincini ortak bir g\u00fcl\u00fcmsemede payla\u015ft\u0131.<\/p><div class=\"corlu-icerik-2\" id=\"corlu-1764827581\"><!-- Admatic AUTO ads START -->\r\n<ins data-publisher=\"adm-pub-155556240050\" data-ad-network=\"659428a24d11b285b616c18d\"   class=\"adm-ads-area\"><\/ins>\r\n<script type=\"text\/javascript\" src=\"https:\/\/static.cdn.admatic.com.tr\/showad\/showad.min.js\"><\/script>\r\n<!-- Admatic AUTO ads END --><\/div>\n<p>\u00c7orlu Belediyesi, 23 Nisan co\u015fkusunu al\u0131\u015f\u0131lm\u0131\u015f\u0131n d\u0131\u015f\u0131na ta\u015f\u0131yarak kentin ge\u00e7mi\u015fi ile gelece\u011fini bir araya getirdi. Emine-Ali Yeter \u00c7ok Ama\u00e7l\u0131 E\u011fitim Merkezi \u00f6\u011frencileri, Ya\u015fayan \u00c7\u0131narlar Sosyal Tesisi\u2019ni ziyaret ederek b\u00fcy\u00fckleriyle unutulmaz bir g\u00fcn ge\u00e7irdi.<\/p>\n<p>Tecr\u00fcbe ve Enerjinin Renkli Rekabetinde Nesiller Yar\u0131\u015ft\u0131<\/p>\n<p>Etkinlik kapsam\u0131nda d\u00fczenlenen \u201cNesiller Yar\u0131\u015f\u0131yor\u201d bulu\u015fmas\u0131nda, miniklerin bitmek bilmeyen enerjisi ile b\u00fcy\u00fcklerin hayat tecr\u00fcbesi keyifli bir rekabete d\u00f6n\u00fc\u015ft\u00fc. Ak\u0131l oyunlar\u0131ndan geleneksel payla\u015f\u0131mlara kadar pek \u00e7ok aktivitenin yer ald\u0131\u011f\u0131 bulu\u015fmada, sosyal tesisin sakinleri adeta \u00e7ocukluklar\u0131na d\u00f6nerken minik \u00f6\u011frenciler de b\u00fcy\u00fcklerinden yeni \u015feyler \u00f6\u011frenmenin heyecan\u0131n\u0131 ya\u015fad\u0131.<\/p>\n<p>Ba\u015fkan Sar\u0131kurt: \u201cEn B\u00fcy\u00fck Zenginli\u011fimiz G\u00f6n\u00fcl Birli\u011fi\u201d<\/p>\n<p>Etkinli\u011fe kat\u0131larak her iki ku\u015fakla da yak\u0131ndan ilgilenen ve oyunlara e\u015flik eden \u00c7orlu Belediye Ba\u015fkan\u0131 Ahmet Sar\u0131kurt, bulu\u015fman\u0131n \u00f6nemine dair \u015fu ifadeleri kulland\u0131: \u201cBug\u00fcn burada sadece bir bayram\u0131 kutlam\u0131yoruz; ge\u00e7mi\u015fimiz ile gelece\u011fimiz aras\u0131nda sars\u0131lmaz bir g\u00f6n\u00fcl k\u00f6pr\u00fcs\u00fc kuruyoruz. Emine-Ali Yeter \u00c7ok Ama\u00e7l\u0131 E\u011fitim Merkezi\u2019mizin sevgili \u00f6\u011frencileriyle, Ya\u015fayan \u00c7\u0131narlar Sosyal Tesisi\u2019mizde b\u00fcy\u00fcklerimizi bulu\u015fturmak, 23 Nisan co\u015fkusunu ayn\u0131 g\u00fcl\u00fcmsemede payla\u015fmak bizim i\u00e7in \u00e7ok k\u0131ymetliydi. \u00c7ocuklar\u0131m\u0131z\u0131n g\u00f6zlerindeki \u0131\u015f\u0131lt\u0131 ile b\u00fcy\u00fcklerimizin bilgeli\u011fi birle\u015fti\u011finde ortaya \u00e7\u0131kan o e\u015fsiz manzara, \u00c7orlu\u2019muzun en b\u00fcy\u00fck zenginli\u011fidir. Bu g\u00fczel bulu\u015fmada eme\u011fi ge\u00e7en mesai arkada\u015flar\u0131ma ve bizleri sevgiyle kar\u015f\u0131layan \u00e7\u0131narlar\u0131m\u0131za te\u015fekk\u00fcr ediyor, t\u00fcm \u00e7ocuklar\u0131m\u0131z\u0131n bayram\u0131n\u0131 bir kez daha y\u00fcrekten kutluyorum.\u201d dedi.<\/p>\n<p>Bayram Sevinci Hat\u0131ralarda \u00d6l\u00fcms\u00fczle\u015fti<\/p>\n<p>Birlikte kesilen pasta ve edilen sohbetlerin ard\u0131ndan g\u00fcn\u00fcn an\u0131s\u0131na \u00e7ekilen hat\u0131ra foto\u011fraflar\u0131yla etkinlik sona erdi. B\u00fcy\u00fcklerin ellerinden \u00f6pen minikler, onlara kendi yapt\u0131klar\u0131 resimleri hediye ederken ya\u015fayan \u00e7\u0131narlar\u0131m\u0131z ise \u00e7ocuklara bayram hediyelerini takdim ederek bu \u00f6zel g\u00fcn\u00fc \u00f6l\u00fcms\u00fczle\u015ftirdi.<\/p>\n<table style=\"text-align: left; color: #ff0000; font-weight: bold; width: 100%; height: 100%;\" border=\"1\" cellspacing=\"2\" cellpadding=\"2\">\n<tbody>\n<tr>\n<td style=\"background-color: #000000;\">\n<h5><em><span style=\"color: #ff0000;\">Bu haber <span style=\"color: #ffffff;\">\u00c7orlu Belediyesi&#8217;nin<\/span> Kendi sitesinden botlar yard\u0131m\u0131yla otomatik olarak eklenmi\u015ftir. Bu i\u00e7erikte \u00c7orlu&#8217;da Haber edit\u00f6rleri herhangi bir m\u00fcdahalede bulunmam\u0131\u015ft\u0131r.<\/span><\/em><\/h5>\n<\/td>\n<\/tr>\n<\/tbody>\n<\/table>\n<div class=\"corlu-icerikten-sonra_3\" id=\"corlu-3350192480\"><p><img loading=\"lazy\" decoding=\"async\" class=\"aligncenter\" src=\"https:\/\/www.corludahaber.com\/bahcesehir.jpg\" alt=\"\" width=\"624\" height=\"196\" \/><\/p>\n<table style=\"text-align: left; width: 100%;\" border=\"1\" cellspacing=\"2\" cellpadding=\"2\">\n<tbody>\n<tr>\n<td style=\"background-color: #050805;\"><span style=\"font-size: 12pt;\"><small><small><em><strong><big><span style=\"color: #ff0000;\">Haber ve resimlerin telif haklar\u0131ndan dolay\u0131 kullan\u0131m\u0131 yasakt\u0131r<span style=\"color: #000000;\">.<\/span><\/span><span style=\"color: #000000;\">\u00a0<\/span><span style=\"color: #ffffff;\">Yaz\u0131l\u0131 izni al\u0131nmadan hi\u00e7bir yaz\u0131l\u0131, g\u00f6rsel, i\u015fitsel i\u00e7erik kopyalanamaz, de\u011fi\u015ftirilemez, yay\u0131nlanamaz veya sat\u0131lamaz. Aksi halde<\/span>\u00a0<span style=\"color: #ff0000;\">5846<span style=\"color: #ffffff;\">\u00a0<\/span><\/span><span style=\"color: #ffffff;\">say\u0131l\u0131 Fikir ve Sanat Eserleri Kanunu\u2019na ve<\/span>\u00a0<span style=\"color: #800000;\"><span style=\"color: #ff0000;\">6102<\/span><span style=\"color: #ffffff;\">\u00a0<\/span><\/span><span style=\"color: #ffffff;\">say\u0131l\u0131 maddesine g\u00f6re<\/span>\u00a0<span style=\"color: #ff0000;\">gerekli i\u015flemler uygulanacakt\u0131r.<\/span><br \/>\n<span style=\"color: #ffffff;\">\u00a9 Copyright 2014<\/span><\/big><\/strong><\/em><\/small><\/small><\/span><\/td>\n<\/tr>\n<\/tbody>\n<\/table>\n<p><small><small>\u00a0<\/small><\/small><\/p>\n<\/div>","protected":false},"excerpt":{"rendered":"<p>\u00c7orlu Belediye Ba\u015fkan\u0131 Ahmet Sar\u0131kurt, 23 Nisan Ulusal Egemenlik ve \u00c7ocuk Bayram\u0131 etkinlikleri kapsam\u0131nda tecr\u00fcbe ile enerjiyi ayn\u0131 masada bulu\u015fturdu. \u201cNesiller Yar\u0131\u015f\u0131yor\u201d etkinli\u011finde minik \u00f6\u011frenciler ve \u201cYa\u015fayan \u00c7\u0131narlar\u201d bir araya gelerek bayram sevincini ortak bir g\u00fcl\u00fcmsemede payla\u015ft\u0131. \u00c7orlu Belediyesi, 23 Nisan co\u015fkusunu al\u0131\u015f\u0131lm\u0131\u015f\u0131n d\u0131\u015f\u0131na ta\u015f\u0131yarak kentin ge\u00e7mi\u015fi ile gelece\u011fini bir araya getirdi. Emine-Ali Yeter \u00c7ok &hellip;<\/p>\n","protected":false},"author":151,"featured_media":119395,"comment_status":"closed","ping_status":"closed","sticky":false,"template":"","format":"standard","meta":{"footnotes":""},"categories":[24],"tags":[1912,8025,411,9376,15478,33503,24612,2582,9012,33502,3661],"class_list":["post-119394","post","type-post","status-publish","format-standard","has-post-thumbnail","hentry","category-corlu","tag-arasi","tag-asayis","tag-corlu","tag-corlu-kaza","tag-corlu-son-dakika-kaza","tag-corluda-kusaklar-arasi-gonul-koprusu-kuruldu","tag-gonul","tag-koprusu","tag-kuruldu","tag-kusaklar","tag-son-dakika-kaza"],"yoast_head":"<!-- This site is optimized with the Yoast SEO Premium plugin v23.3 (Yoast SEO v23.3) - https:\/\/yoast.com\/wordpress\/plugins\/seo\/ -->\n<title>\u00c7orlu`da Ku\u015faklar Aras\u0131 G\u00f6n\u00fcl K\u00f6pr\u00fcs\u00fc Kuruldu | \u00c7orlu&#039;da Haber<\/title>\n<meta name=\"description\" content=\"\u00c7orlu`da Ku\u015faklar Aras\u0131 G\u00f6n\u00fcl K\u00f6pr\u00fcs\u00fc Kuruldu | \u00c7orlu&#039;da Haber\" \/>\n<meta name=\"robots\" content=\"index, follow, max-snippet:-1, max-image-preview:large, max-video-preview:-1\" \/>\n<link rel=\"canonical\" href=\"https:\/\/corludahaber.com\/h\/corluda-kusaklar-arasi-gonul-koprusu-kuruldu\/119394\" \/>\n<meta property=\"og:locale\" content=\"tr_TR\" \/>\n<meta property=\"og:type\" content=\"article\" \/>\n<meta property=\"og:title\" content=\"\u00c7orlu`da Ku\u015faklar Aras\u0131 G\u00f6n\u00fcl K\u00f6pr\u00fcs\u00fc Kuruldu | \u00c7orlu&#039;da Haber\" \/>\n<meta property=\"og:description\" content=\"\u00c7orlu`da Ku\u015faklar Aras\u0131 G\u00f6n\u00fcl K\u00f6pr\u00fcs\u00fc Kuruldu | \u00c7orlu&#039;da Haber\" \/>\n<meta property=\"og:url\" content=\"https:\/\/corludahaber.com\/h\/corluda-kusaklar-arasi-gonul-koprusu-kuruldu\/119394\" \/>\n<meta property=\"og:site_name\" content=\"\u00c7orlu&#039;da Haber\" \/>\n<meta property=\"article:publisher\" content=\"https:\/\/facebook.com\/habercorluda\" \/>\n<meta property=\"article:published_time\" content=\"2026-04-28T04:18:37+00:00\" \/>\n<meta property=\"article:modified_time\" content=\"2026-04-28T04:18:40+00:00\" \/>\n<meta property=\"og:image\" content=\"http:\/\/corludahaber.com\/h\/wp-content\/uploads\/2026\/04\/corluda-kusaklar-arasi-gonul-koprusu-kuruldu_69f0351fc2783.jpeg\" \/>\n\t<meta property=\"og:image:width\" content=\"832\" \/>\n\t<meta property=\"og:image:height\" content=\"407\" \/>\n\t<meta property=\"og:image:type\" content=\"image\/jpeg\" \/>\n<meta name=\"author\" content=\"\u00c7orlu&#039;da Haber\" \/>\n<meta name=\"twitter:card\" content=\"summary_large_image\" \/>\n<meta name=\"twitter:creator\" content=\"@habercorluda\" \/>\n<meta name=\"twitter:site\" content=\"@habercorluda\" \/>\n<meta name=\"twitter:label1\" content=\"Yazan:\" \/>\n\t<meta name=\"twitter:data1\" content=\"\u00c7orlu&#039;da Haber\" \/>\n\t<meta name=\"twitter:label2\" content=\"Tahmini okuma s\u00fcresi\" \/>\n\t<meta name=\"twitter:data2\" content=\"2 dakika\" \/>\n<script type=\"application\/ld+json\" class=\"yoast-schema-graph\">{\"@context\":\"https:\/\/schema.org\",\"@graph\":[{\"@type\":\"Article\",\"@id\":\"https:\/\/corludahaber.com\/h\/corluda-kusaklar-arasi-gonul-koprusu-kuruldu\/119394#article\",\"isPartOf\":{\"@id\":\"https:\/\/corludahaber.com\/h\/corluda-kusaklar-arasi-gonul-koprusu-kuruldu\/119394\"},\"author\":{\"name\":\"\u00c7orlu'da Haber\",\"@id\":\"https:\/\/corludahaber.com\/h\/#\/schema\/person\/b523522be44b062db5d74a62589768cd\"},\"headline\":\"\u00c7orlu`da Ku\u015faklar Aras\u0131 G\u00f6n\u00fcl K\u00f6pr\u00fcs\u00fc Kuruldu\",\"datePublished\":\"2026-04-28T04:18:37+00:00\",\"dateModified\":\"2026-04-28T04:18:40+00:00\",\"mainEntityOfPage\":{\"@id\":\"https:\/\/corludahaber.com\/h\/corluda-kusaklar-arasi-gonul-koprusu-kuruldu\/119394\"},\"wordCount\":453,\"publisher\":{\"@id\":\"https:\/\/corludahaber.com\/h\/#organization\"},\"image\":{\"@id\":\"https:\/\/corludahaber.com\/h\/corluda-kusaklar-arasi-gonul-koprusu-kuruldu\/119394#primaryimage\"},\"thumbnailUrl\":\"https:\/\/corludahaber.com\/h\/wp-content\/uploads\/2026\/04\/corluda-kusaklar-arasi-gonul-koprusu-kuruldu_69f0351fc2783.jpeg\",\"keywords\":[\"ARASI\",\"asayi\u015f\",\"\u00c7orlu\",\"\u00c7orlu kaza\",\"\u00c7orlu son dakika kaza\",\"\u00c7orlu`da Ku\u015faklar Aras\u0131 G\u00f6n\u00fcl K\u00f6pr\u00fcs\u00fc Kuruldu\",\"G\u00f6n\u00fcl\",\"K\u00f6pr\u00fcs\u00fc\",\"Kuruldu\",\"Ku\u015faklar\",\"son dakika kaza\"],\"articleSection\":[\"\u00c7orlu\"],\"inLanguage\":\"tr\"},{\"@type\":\"WebPage\",\"@id\":\"https:\/\/corludahaber.com\/h\/corluda-kusaklar-arasi-gonul-koprusu-kuruldu\/119394\",\"url\":\"https:\/\/corludahaber.com\/h\/corluda-kusaklar-arasi-gonul-koprusu-kuruldu\/119394\",\"name\":\"\u00c7orlu`da Ku\u015faklar Aras\u0131 G\u00f6n\u00fcl K\u00f6pr\u00fcs\u00fc Kuruldu | \u00c7orlu&#039;da Haber\",\"isPartOf\":{\"@id\":\"https:\/\/corludahaber.com\/h\/#website\"},\"primaryImageOfPage\":{\"@id\":\"https:\/\/corludahaber.com\/h\/corluda-kusaklar-arasi-gonul-koprusu-kuruldu\/119394#primaryimage\"},\"image\":{\"@id\":\"https:\/\/corludahaber.com\/h\/corluda-kusaklar-arasi-gonul-koprusu-kuruldu\/119394#primaryimage\"},\"thumbnailUrl\":\"https:\/\/corludahaber.com\/h\/wp-content\/uploads\/2026\/04\/corluda-kusaklar-arasi-gonul-koprusu-kuruldu_69f0351fc2783.jpeg\",\"datePublished\":\"2026-04-28T04:18:37+00:00\",\"dateModified\":\"2026-04-28T04:18:40+00:00\",\"description\":\"\u00c7orlu`da Ku\u015faklar Aras\u0131 G\u00f6n\u00fcl K\u00f6pr\u00fcs\u00fc Kuruldu | \u00c7orlu&#039;da Haber\",\"breadcrumb\":{\"@id\":\"https:\/\/corludahaber.com\/h\/corluda-kusaklar-arasi-gonul-koprusu-kuruldu\/119394#breadcrumb\"},\"inLanguage\":\"tr\",\"potentialAction\":[{\"@type\":\"ReadAction\",\"target\":[\"https:\/\/corludahaber.com\/h\/corluda-kusaklar-arasi-gonul-koprusu-kuruldu\/119394\"]}]},{\"@type\":\"ImageObject\",\"inLanguage\":\"tr\",\"@id\":\"https:\/\/corludahaber.com\/h\/corluda-kusaklar-arasi-gonul-koprusu-kuruldu\/119394#primaryimage\",\"url\":\"https:\/\/corludahaber.com\/h\/wp-content\/uploads\/2026\/04\/corluda-kusaklar-arasi-gonul-koprusu-kuruldu_69f0351fc2783.jpeg\",\"contentUrl\":\"https:\/\/corludahaber.com\/h\/wp-content\/uploads\/2026\/04\/corluda-kusaklar-arasi-gonul-koprusu-kuruldu_69f0351fc2783.jpeg\",\"width\":832,\"height\":407},{\"@type\":\"BreadcrumbList\",\"@id\":\"https:\/\/corludahaber.com\/h\/corluda-kusaklar-arasi-gonul-koprusu-kuruldu\/119394#breadcrumb\",\"itemListElement\":[{\"@type\":\"ListItem\",\"position\":1,\"name\":\"Anasayfa\",\"item\":\"https:\/\/corludahaber.com\/h\/\"},{\"@type\":\"ListItem\",\"position\":2,\"name\":\"\u00c7orlu\",\"item\":\"https:\/\/corludahaber.com\/h\/kategori\/corlu\"},{\"@type\":\"ListItem\",\"position\":3,\"name\":\"\u00c7orlu`da Ku\u015faklar Aras\u0131 G\u00f6n\u00fcl K\u00f6pr\u00fcs\u00fc Kuruldu\"}]},{\"@type\":\"WebSite\",\"@id\":\"https:\/\/corludahaber.com\/h\/#website\",\"url\":\"https:\/\/corludahaber.com\/h\/\",\"name\":\"\u00c7orlu'da Haber\",\"description\":\"Ger\u00e7ek Tarafs\u0131z Haber\",\"publisher\":{\"@id\":\"https:\/\/corludahaber.com\/h\/#organization\"},\"potentialAction\":[{\"@type\":\"SearchAction\",\"target\":{\"@type\":\"EntryPoint\",\"urlTemplate\":\"https:\/\/corludahaber.com\/h\/?s={search_term_string}\"},\"query-input\":\"required name=search_term_string\"}],\"inLanguage\":\"tr\"},{\"@type\":\"Organization\",\"@id\":\"https:\/\/corludahaber.com\/h\/#organization\",\"name\":\"\u00c7orlu'da Haber\",\"url\":\"https:\/\/corludahaber.com\/h\/\",\"logo\":{\"@type\":\"ImageObject\",\"inLanguage\":\"tr\",\"@id\":\"https:\/\/corludahaber.com\/h\/#\/schema\/logo\/image\/\",\"url\":\"https:\/\/corludahaber.com\/h\/wp-content\/uploads\/2021\/12\/logo__9__1_-removebg-preview.png\",\"contentUrl\":\"https:\/\/corludahaber.com\/h\/wp-content\/uploads\/2021\/12\/logo__9__1_-removebg-preview.png\",\"width\":500,\"height\":157,\"caption\":\"\u00c7orlu'da Haber\"},\"image\":{\"@id\":\"https:\/\/corludahaber.com\/h\/#\/schema\/logo\/image\/\"},\"sameAs\":[\"https:\/\/facebook.com\/habercorluda\",\"https:\/\/x.com\/habercorluda\",\"https:\/\/www.instagram.com\/corludahaber\",\"https:\/\/www.youtube.com\/user\/corludahaber\"]},{\"@type\":\"Person\",\"@id\":\"https:\/\/corludahaber.com\/h\/#\/schema\/person\/b523522be44b062db5d74a62589768cd\",\"name\":\"\u00c7orlu'da Haber\",\"image\":{\"@type\":\"ImageObject\",\"inLanguage\":\"tr\",\"@id\":\"https:\/\/corludahaber.com\/h\/#\/schema\/person\/image\/\",\"url\":\"https:\/\/secure.gravatar.com\/avatar\/1033e54e078c29fd7f053370086ff627ba414b05c2b231c418a481adecd764ce?s=96&d=blank&r=g\",\"contentUrl\":\"https:\/\/secure.gravatar.com\/avatar\/1033e54e078c29fd7f053370086ff627ba414b05c2b231c418a481adecd764ce?s=96&d=blank&r=g\",\"caption\":\"\u00c7orlu'da Haber\"},\"sameAs\":[\"https:\/\/corludahaber.com\/h\"],\"url\":\"https:\/\/corludahaber.com\/h\/author\/admin\"}]}<\/script>\n<!-- \/ Yoast SEO Premium plugin. -->","yoast_head_json":{"title":"\u00c7orlu`da Ku\u015faklar Aras\u0131 G\u00f6n\u00fcl K\u00f6pr\u00fcs\u00fc Kuruldu | \u00c7orlu&#039;da Haber","description":"\u00c7orlu`da Ku\u015faklar Aras\u0131 G\u00f6n\u00fcl K\u00f6pr\u00fcs\u00fc Kuruldu | \u00c7orlu&#039;da Haber","robots":{"index":"index","follow":"follow","max-snippet":"max-snippet:-1","max-image-preview":"max-image-preview:large","max-video-preview":"max-video-preview:-1"},"canonical":"https:\/\/corludahaber.com\/h\/corluda-kusaklar-arasi-gonul-koprusu-kuruldu\/119394","og_locale":"tr_TR","og_type":"article","og_title":"\u00c7orlu`da Ku\u015faklar Aras\u0131 G\u00f6n\u00fcl K\u00f6pr\u00fcs\u00fc Kuruldu | \u00c7orlu&#039;da Haber","og_description":"\u00c7orlu`da Ku\u015faklar Aras\u0131 G\u00f6n\u00fcl K\u00f6pr\u00fcs\u00fc Kuruldu | \u00c7orlu&#039;da Haber","og_url":"https:\/\/corludahaber.com\/h\/corluda-kusaklar-arasi-gonul-koprusu-kuruldu\/119394","og_site_name":"\u00c7orlu&#039;da Haber","article_publisher":"https:\/\/facebook.com\/habercorluda","article_published_time":"2026-04-28T04:18:37+00:00","article_modified_time":"2026-04-28T04:18:40+00:00","og_image":[{"width":832,"height":407,"url":"http:\/\/corludahaber.com\/h\/wp-content\/uploads\/2026\/04\/corluda-kusaklar-arasi-gonul-koprusu-kuruldu_69f0351fc2783.jpeg","type":"image\/jpeg"}],"author":"\u00c7orlu'da Haber","twitter_card":"summary_large_image","twitter_creator":"@habercorluda","twitter_site":"@habercorluda","twitter_misc":{"Yazan:":"\u00c7orlu'da Haber","Tahmini okuma s\u00fcresi":"2 dakika"},"schema":{"@context":"https:\/\/schema.org","@graph":[{"@type":"Article","@id":"https:\/\/corludahaber.com\/h\/corluda-kusaklar-arasi-gonul-koprusu-kuruldu\/119394#article","isPartOf":{"@id":"https:\/\/corludahaber.com\/h\/corluda-kusaklar-arasi-gonul-koprusu-kuruldu\/119394"},"author":{"name":"\u00c7orlu'da Haber","@id":"https:\/\/corludahaber.com\/h\/#\/schema\/person\/b523522be44b062db5d74a62589768cd"},"headline":"\u00c7orlu`da Ku\u015faklar Aras\u0131 G\u00f6n\u00fcl K\u00f6pr\u00fcs\u00fc Kuruldu","datePublished":"2026-04-28T04:18:37+00:00","dateModified":"2026-04-28T04:18:40+00:00","mainEntityOfPage":{"@id":"https:\/\/corludahaber.com\/h\/corluda-kusaklar-arasi-gonul-koprusu-kuruldu\/119394"},"wordCount":453,"publisher":{"@id":"https:\/\/corludahaber.com\/h\/#organization"},"image":{"@id":"https:\/\/corludahaber.com\/h\/corluda-kusaklar-arasi-gonul-koprusu-kuruldu\/119394#primaryimage"},"thumbnailUrl":"https:\/\/corludahaber.com\/h\/wp-content\/uploads\/2026\/04\/corluda-kusaklar-arasi-gonul-koprusu-kuruldu_69f0351fc2783.jpeg","keywords":["ARASI","asayi\u015f","\u00c7orlu","\u00c7orlu kaza","\u00c7orlu son dakika kaza","\u00c7orlu`da Ku\u015faklar Aras\u0131 G\u00f6n\u00fcl K\u00f6pr\u00fcs\u00fc Kuruldu","G\u00f6n\u00fcl","K\u00f6pr\u00fcs\u00fc","Kuruldu","Ku\u015faklar","son dakika kaza"],"articleSection":["\u00c7orlu"],"inLanguage":"tr"},{"@type":"WebPage","@id":"https:\/\/corludahaber.com\/h\/corluda-kusaklar-arasi-gonul-koprusu-kuruldu\/119394","url":"https:\/\/corludahaber.com\/h\/corluda-kusaklar-arasi-gonul-koprusu-kuruldu\/119394","name":"\u00c7orlu`da Ku\u015faklar Aras\u0131 G\u00f6n\u00fcl K\u00f6pr\u00fcs\u00fc Kuruldu | \u00c7orlu&#039;da Haber","isPartOf":{"@id":"https:\/\/corludahaber.com\/h\/#website"},"primaryImageOfPage":{"@id":"https:\/\/corludahaber.com\/h\/corluda-kusaklar-arasi-gonul-koprusu-kuruldu\/119394#primaryimage"},"image":{"@id":"https:\/\/corludahaber.com\/h\/corluda-kusaklar-arasi-gonul-koprusu-kuruldu\/119394#primaryimage"},"thumbnailUrl":"https:\/\/corludahaber.com\/h\/wp-content\/uploads\/2026\/04\/corluda-kusaklar-arasi-gonul-koprusu-kuruldu_69f0351fc2783.jpeg","datePublished":"2026-04-28T04:18:37+00:00","dateModified":"2026-04-28T04:18:40+00:00","description":"\u00c7orlu`da Ku\u015faklar Aras\u0131 G\u00f6n\u00fcl K\u00f6pr\u00fcs\u00fc Kuruldu | \u00c7orlu&#039;da Haber","breadcrumb":{"@id":"https:\/\/corludahaber.com\/h\/corluda-kusaklar-arasi-gonul-koprusu-kuruldu\/119394#breadcrumb"},"inLanguage":"tr","potentialAction":[{"@type":"ReadAction","target":["https:\/\/corludahaber.com\/h\/corluda-kusaklar-arasi-gonul-koprusu-kuruldu\/119394"]}]},{"@type":"ImageObject","inLanguage":"tr","@id":"https:\/\/corludahaber.com\/h\/corluda-kusaklar-arasi-gonul-koprusu-kuruldu\/119394#primaryimage","url":"https:\/\/corludahaber.com\/h\/wp-content\/uploads\/2026\/04\/corluda-kusaklar-arasi-gonul-koprusu-kuruldu_69f0351fc2783.jpeg","contentUrl":"https:\/\/corludahaber.com\/h\/wp-content\/uploads\/2026\/04\/corluda-kusaklar-arasi-gonul-koprusu-kuruldu_69f0351fc2783.jpeg","width":832,"height":407},{"@type":"BreadcrumbList","@id":"https:\/\/corludahaber.com\/h\/corluda-kusaklar-arasi-gonul-koprusu-kuruldu\/119394#breadcrumb","itemListElement":[{"@type":"ListItem","position":1,"name":"Anasayfa","item":"https:\/\/corludahaber.com\/h\/"},{"@type":"ListItem","position":2,"name":"\u00c7orlu","item":"https:\/\/corludahaber.com\/h\/kategori\/corlu"},{"@type":"ListItem","position":3,"name":"\u00c7orlu`da Ku\u015faklar Aras\u0131 G\u00f6n\u00fcl K\u00f6pr\u00fcs\u00fc Kuruldu"}]},{"@type":"WebSite","@id":"https:\/\/corludahaber.com\/h\/#website","url":"https:\/\/corludahaber.com\/h\/","name":"\u00c7orlu'da Haber","description":"Ger\u00e7ek Tarafs\u0131z Haber","publisher":{"@id":"https:\/\/corludahaber.com\/h\/#organization"},"potentialAction":[{"@type":"SearchAction","target":{"@type":"EntryPoint","urlTemplate":"https:\/\/corludahaber.com\/h\/?s={search_term_string}"},"query-input":"required name=search_term_string"}],"inLanguage":"tr"},{"@type":"Organization","@id":"https:\/\/corludahaber.com\/h\/#organization","name":"\u00c7orlu'da Haber","url":"https:\/\/corludahaber.com\/h\/","logo":{"@type":"ImageObject","inLanguage":"tr","@id":"https:\/\/corludahaber.com\/h\/#\/schema\/logo\/image\/","url":"https:\/\/corludahaber.com\/h\/wp-content\/uploads\/2021\/12\/logo__9__1_-removebg-preview.png","contentUrl":"https:\/\/corludahaber.com\/h\/wp-content\/uploads\/2021\/12\/logo__9__1_-removebg-preview.png","width":500,"height":157,"caption":"\u00c7orlu'da Haber"},"image":{"@id":"https:\/\/corludahaber.com\/h\/#\/schema\/logo\/image\/"},"sameAs":["https:\/\/facebook.com\/habercorluda","https:\/\/x.com\/habercorluda","https:\/\/www.instagram.com\/corludahaber","https:\/\/www.youtube.com\/user\/corludahaber"]},{"@type":"Person","@id":"https:\/\/corludahaber.com\/h\/#\/schema\/person\/b523522be44b062db5d74a62589768cd","name":"\u00c7orlu'da Haber","image":{"@type":"ImageObject","inLanguage":"tr","@id":"https:\/\/corludahaber.com\/h\/#\/schema\/person\/image\/","url":"https:\/\/secure.gravatar.com\/avatar\/1033e54e078c29fd7f053370086ff627ba414b05c2b231c418a481adecd764ce?s=96&d=blank&r=g","contentUrl":"https:\/\/secure.gravatar.com\/avatar\/1033e54e078c29fd7f053370086ff627ba414b05c2b231c418a481adecd764ce?s=96&d=blank&r=g","caption":"\u00c7orlu'da Haber"},"sameAs":["https:\/\/corludahaber.com\/h"],"url":"https:\/\/corludahaber.com\/h\/author\/admin"}]}},"_links":{"self":[{"href":"https:\/\/corludahaber.com\/h\/wp-json\/wp\/v2\/posts\/119394","targetHints":{"allow":["GET"]}}],"collection":[{"href":"https:\/\/corludahaber.com\/h\/wp-json\/wp\/v2\/posts"}],"about":[{"href":"https:\/\/corludahaber.com\/h\/wp-json\/wp\/v2\/types\/post"}],"author":[{"embeddable":true,"href":"https:\/\/corludahaber.com\/h\/wp-json\/wp\/v2\/users\/151"}],"replies":[{"embeddable":true,"href":"https:\/\/corludahaber.com\/h\/wp-json\/wp\/v2\/comments?post=119394"}],"version-history":[{"count":1,"href":"https:\/\/corludahaber.com\/h\/wp-json\/wp\/v2\/posts\/119394\/revisions"}],"predecessor-version":[{"id":119396,"href":"https:\/\/corludahaber.com\/h\/wp-json\/wp\/v2\/posts\/119394\/revisions\/119396"}],"wp:featuredmedia":[{"embeddable":true,"href":"https:\/\/corludahaber.com\/h\/wp-json\/wp\/v2\/media\/119395"}],"wp:attachment":[{"href":"https:\/\/corludahaber.com\/h\/wp-json\/wp\/v2\/media?parent=119394"}],"wp:term":[{"taxonomy":"category","embeddable":true,"href":"https:\/\/corludahaber.com\/h\/wp-json\/wp\/v2\/categories?post=119394"},{"taxonomy":"post_tag","embeddable":true,"href":"https:\/\/corludahaber.com\/h\/wp-json\/wp\/v2\/tags?post=119394"}],"curies":[{"name":"wp","href":"https:\/\/api.w.org\/{rel}","templated":true}]}}