{"id":119390,"date":"2026-04-28T11:00:42","date_gmt":"2026-04-28T08:00:42","guid":{"rendered":"https:\/\/corludahaber.com\/h\/?p=119390"},"modified":"2026-04-28T11:00:42","modified_gmt":"2026-04-28T08:00:42","slug":"camide-skandal-olay-2-cocuk-tuvaletini-yapti","status":"publish","type":"post","link":"https:\/\/corludahaber.com\/h\/camide-skandal-olay-2-cocuk-tuvaletini-yapti\/119390","title":{"rendered":"Camide Skandal Olay: 2 \u00c7ocuk Tuvaletini Yapt\u0131"},"content":{"rendered":"<div class=\"corlu-icerikten-once_3\" id=\"corlu-2366307919\"><script type='text\/javascript' src='https:\/\/platform-api.sharethis.com\/js\/sharethis.js#property=5ce8cf08af7d000012cb0ca1&product=inline-reaction-buttons' async='async'><\/script>\r\n\r\n<\/div><p>Tekirda\u011f\u2019da bulunan bir camide gece saatlerinde ya\u015fanan skandal olay, sabah namaz\u0131na gelen cemaati adeta \u015foke etti. Camiye camdan giren iki ki\u015finin ibadethaneye tuvaletlerini yapt\u0131\u011f\u0131 ortaya \u00e7\u0131karken, olay g\u00fcvenlik kameralar\u0131na saniye saniye yans\u0131d\u0131. 17 ve 18 ya\u015flar\u0131nda olan 2 ki\u015fi jandarma ekipleri taraf\u0131ndan g\u00f6zalt\u0131na al\u0131nd\u0131.<\/p><div class=\"corlu-icerik-2\" id=\"corlu-4278998513\"><!-- Admatic AUTO ads START -->\r\n<ins data-publisher=\"adm-pub-155556240050\" data-ad-network=\"659428a24d11b285b616c18d\"   class=\"adm-ads-area\"><\/ins>\r\n<script type=\"text\/javascript\" src=\"https:\/\/static.cdn.admatic.com.tr\/showad\/showad.min.js\"><\/script>\r\n<!-- Admatic AUTO ads END --><\/div>\n<p>Edinilen bilgilere g\u00f6re olay, Kapakl\u0131 Karaa\u011fa\u00e7 Mahallesi Merkez Camii\u2019nde gece ge\u00e7 saatlerde meydana geldi. Kimli\u011fi belirsiz iki ki\u015fi camdan i\u00e7eri girerek cami i\u00e7erisine girdi.<\/p>\n<p>\u015e\u00fcphelilerin burada ibadethanenin i\u00e7ine tuvaletlerini yapt\u0131ktan sonra \u00e7e\u015fitli garip hareketler sergileyerek camiden ayr\u0131ld\u0131klar\u0131 \u00f6\u011frenildi.<\/p>\n<p>Ya\u015fanan \u00e7irkin olay, caminin g\u00fcvenlik kameralar\u0131na anbean yans\u0131d\u0131.<\/p>\n<p>Sabah namaz\u0131 i\u00e7in camiye gelen imam Emrah Tik, i\u00e7erideki yo\u011fun k\u00f6t\u00fc kokuyu fark etti. Durumdan \u015f\u00fcphelenen imam\u0131n yapt\u0131\u011f\u0131 kontrol sonras\u0131 kar\u015f\u0131la\u015ft\u0131\u011f\u0131 manzara kar\u015f\u0131s\u0131nda b\u00fcy\u00fck \u015fa\u015fk\u0131nl\u0131k ya\u015fad\u0131\u011f\u0131 belirtildi.<\/p>\n<p>K\u0131sa s\u00fcre sonra camiye gelen cemaat de ya\u015fananlar\u0131 g\u00f6r\u00fcnce b\u00fcy\u00fck tepki g\u00f6sterdi. \u0130badethanede ya\u015fanan bu olay mahallede geni\u015f yank\u0131 uyand\u0131rd\u0131.<\/p>\n<p>\u0130hbar \u00fczerine harekete ge\u00e7en jandarma ekipleri, caminin g\u00fcvenlik kamera kay\u0131tlar\u0131n\u0131 detayl\u0131 \u015fekilde incelemeye ald\u0131.<\/p>\n<p>G\u00f6r\u00fcnt\u00fclerdeki \u015fah\u0131slar\u0131n kimliklerini k\u0131sa s\u00fcrede tespit eden ekipler, \u015f\u00fcphelileri Karaa\u011fa\u00e7 Mahallesi\u2019nde yakalayarak g\u00f6zalt\u0131na ald\u0131.<\/p>\n<p>Jandarmadaki i\u015flemlerinin ard\u0131ndan \u00c7erkezk\u00f6y Adliyesi\u2019ne sevk edilen E.\u00d6. (17) ve Yi\u011fit G. (18), savc\u0131l\u0131k sorgular\u0131n\u0131n ard\u0131ndan ibadethaneyi kirlettikleri gerek\u00e7esiyle tutuklanma talebiyle Sulh Ceza H\u00e2kimli\u011fi\u2019ne \u00e7\u0131kar\u0131ld\u0131.<\/p>\n<p>Olayla ilgili ba\u015flat\u0131lan soru\u015fturman\u0131n s\u00fcrd\u00fc\u011f\u00fc \u00f6\u011frenildi.<\/p>\n<div class=\"corlu-icerikten-sonra_3\" id=\"corlu-155029530\"><p><img loading=\"lazy\" decoding=\"async\" class=\"aligncenter\" src=\"https:\/\/www.corludahaber.com\/bahcesehir.jpg\" alt=\"\" width=\"624\" height=\"196\" \/><\/p>\n<table style=\"text-align: left; width: 100%;\" border=\"1\" cellspacing=\"2\" cellpadding=\"2\">\n<tbody>\n<tr>\n<td style=\"background-color: #050805;\"><span style=\"font-size: 12pt;\"><small><small><em><strong><big><span style=\"color: #ff0000;\">Haber ve resimlerin telif haklar\u0131ndan dolay\u0131 kullan\u0131m\u0131 yasakt\u0131r<span style=\"color: #000000;\">.<\/span><\/span><span style=\"color: #000000;\">\u00a0<\/span><span style=\"color: #ffffff;\">Yaz\u0131l\u0131 izni al\u0131nmadan hi\u00e7bir yaz\u0131l\u0131, g\u00f6rsel, i\u015fitsel i\u00e7erik kopyalanamaz, de\u011fi\u015ftirilemez, yay\u0131nlanamaz veya sat\u0131lamaz. Aksi halde<\/span>\u00a0<span style=\"color: #ff0000;\">5846<span style=\"color: #ffffff;\">\u00a0<\/span><\/span><span style=\"color: #ffffff;\">say\u0131l\u0131 Fikir ve Sanat Eserleri Kanunu\u2019na ve<\/span>\u00a0<span style=\"color: #800000;\"><span style=\"color: #ff0000;\">6102<\/span><span style=\"color: #ffffff;\">\u00a0<\/span><\/span><span style=\"color: #ffffff;\">say\u0131l\u0131 maddesine g\u00f6re<\/span>\u00a0<span style=\"color: #ff0000;\">gerekli i\u015flemler uygulanacakt\u0131r.<\/span><br \/>\n<span style=\"color: #ffffff;\">\u00a9 Copyright 2014<\/span><\/big><\/strong><\/em><\/small><\/small><\/span><\/td>\n<\/tr>\n<\/tbody>\n<\/table>\n<p><small><small>\u00a0<\/small><\/small><\/p>\n<\/div>","protected":false},"excerpt":{"rendered":"<p>Tekirda\u011f\u2019da bulunan bir camide gece saatlerinde ya\u015fanan skandal olay, sabah namaz\u0131na gelen cemaati adeta \u015foke etti. Camiye camdan giren iki ki\u015finin ibadethaneye tuvaletlerini yapt\u0131\u011f\u0131 ortaya \u00e7\u0131karken, olay g\u00fcvenlik kameralar\u0131na saniye saniye yans\u0131d\u0131. 17 ve 18 ya\u015flar\u0131nda olan 2 ki\u015fi jandarma ekipleri taraf\u0131ndan g\u00f6zalt\u0131na al\u0131nd\u0131. Edinilen bilgilere g\u00f6re olay, Kapakl\u0131 Karaa\u011fa\u00e7 Mahallesi Merkez Camii\u2019nde gece ge\u00e7 &hellip;<\/p>\n","protected":false},"author":151,"featured_media":119401,"comment_status":"open","ping_status":"open","sticky":false,"template":"","format":"standard","meta":{"footnotes":""},"categories":[27],"tags":[8025,23515,33506,936,9376,15478,6755,3661,33505,800],"class_list":["post-119390","post","type-post","status-publish","format-standard","has-post-thumbnail","hentry","category-yasam","tag-asayis","tag-camide","tag-camide-skandal-olay-2-cocuk-tuvaletini-yapti","tag-cocuk","tag-corlu-kaza","tag-corlu-son-dakika-kaza","tag-skandal","tag-son-dakika-kaza","tag-tuvaletini","tag-yapti"],"yoast_head":"<!-- This site is optimized with the Yoast SEO Premium plugin v23.3 (Yoast SEO v23.3) - https:\/\/yoast.com\/wordpress\/plugins\/seo\/ -->\n<title>Camide Skandal Olay: 2 \u00c7ocuk Tuvaletini Yapt\u0131 | \u00c7orlu&#039;da Haber<\/title>\n<meta name=\"description\" content=\"Camide Skandal Olay: 2 \u00c7ocuk Tuvaletini Yapt\u0131 | Ya\u015fam \u00c7orlu&#039;da Haber\" \/>\n<meta name=\"robots\" content=\"index, follow, max-snippet:-1, max-image-preview:large, max-video-preview:-1\" \/>\n<link rel=\"canonical\" href=\"https:\/\/corludahaber.com\/h\/camide-skandal-olay-2-cocuk-tuvaletini-yapti\/119390\" \/>\n<meta property=\"og:locale\" content=\"tr_TR\" \/>\n<meta property=\"og:type\" content=\"article\" \/>\n<meta property=\"og:title\" content=\"Camide Skandal Olay: 2 \u00c7ocuk Tuvaletini Yapt\u0131 | \u00c7orlu&#039;da Haber\" \/>\n<meta property=\"og:description\" content=\"Camide Skandal Olay: 2 \u00c7ocuk Tuvaletini Yapt\u0131 | Ya\u015fam \u00c7orlu&#039;da Haber\" \/>\n<meta property=\"og:url\" content=\"https:\/\/corludahaber.com\/h\/camide-skandal-olay-2-cocuk-tuvaletini-yapti\/119390\" \/>\n<meta property=\"og:site_name\" content=\"\u00c7orlu&#039;da Haber\" \/>\n<meta property=\"article:publisher\" content=\"https:\/\/facebook.com\/habercorluda\" \/>\n<meta property=\"article:published_time\" content=\"2026-04-28T08:00:42+00:00\" \/>\n<meta property=\"og:image\" content=\"http:\/\/corludahaber.com\/h\/wp-content\/uploads\/2026\/04\/Screenshot_20260428_105952_Canva.jpg\" \/>\n\t<meta property=\"og:image:width\" content=\"919\" \/>\n\t<meta property=\"og:image:height\" content=\"497\" \/>\n\t<meta property=\"og:image:type\" content=\"image\/jpeg\" \/>\n<meta name=\"author\" content=\"\u00c7orlu&#039;da Haber\" \/>\n<meta name=\"twitter:card\" content=\"summary_large_image\" \/>\n<meta name=\"twitter:creator\" content=\"@habercorluda\" \/>\n<meta name=\"twitter:site\" content=\"@habercorluda\" \/>\n<meta name=\"twitter:label1\" content=\"Yazan:\" \/>\n\t<meta name=\"twitter:data1\" content=\"\u00c7orlu&#039;da Haber\" \/>\n\t<meta name=\"twitter:label2\" content=\"Tahmini okuma s\u00fcresi\" \/>\n\t<meta name=\"twitter:data2\" content=\"2 dakika\" \/>\n<script type=\"application\/ld+json\" class=\"yoast-schema-graph\">{\"@context\":\"https:\/\/schema.org\",\"@graph\":[{\"@type\":\"Article\",\"@id\":\"https:\/\/corludahaber.com\/h\/camide-skandal-olay-2-cocuk-tuvaletini-yapti\/119390#article\",\"isPartOf\":{\"@id\":\"https:\/\/corludahaber.com\/h\/camide-skandal-olay-2-cocuk-tuvaletini-yapti\/119390\"},\"author\":{\"name\":\"\u00c7orlu'da Haber\",\"@id\":\"https:\/\/corludahaber.com\/h\/#\/schema\/person\/b523522be44b062db5d74a62589768cd\"},\"headline\":\"Camide Skandal Olay: 2 \u00c7ocuk Tuvaletini Yapt\u0131\",\"datePublished\":\"2026-04-28T08:00:42+00:00\",\"dateModified\":\"2026-04-28T08:00:42+00:00\",\"mainEntityOfPage\":{\"@id\":\"https:\/\/corludahaber.com\/h\/camide-skandal-olay-2-cocuk-tuvaletini-yapti\/119390\"},\"wordCount\":287,\"commentCount\":0,\"publisher\":{\"@id\":\"https:\/\/corludahaber.com\/h\/#organization\"},\"image\":{\"@id\":\"https:\/\/corludahaber.com\/h\/camide-skandal-olay-2-cocuk-tuvaletini-yapti\/119390#primaryimage\"},\"thumbnailUrl\":\"https:\/\/corludahaber.com\/h\/wp-content\/uploads\/2026\/04\/Screenshot_20260428_105952_Canva.jpg\",\"keywords\":[\"asayi\u015f\",\"camide\",\"Camide Skandal Olay: 2 \u00c7ocuk Tuvaletini Yapt\u0131\",\"\u00c7ocuk\",\"\u00c7orlu kaza\",\"\u00c7orlu son dakika kaza\",\"Skandal\",\"son dakika kaza\",\"Tuvaletini\",\"Yapt\u0131\"],\"articleSection\":[\"Ya\u015fam\"],\"inLanguage\":\"tr\",\"potentialAction\":[{\"@type\":\"CommentAction\",\"name\":\"Comment\",\"target\":[\"https:\/\/corludahaber.com\/h\/camide-skandal-olay-2-cocuk-tuvaletini-yapti\/119390#respond\"]}]},{\"@type\":\"WebPage\",\"@id\":\"https:\/\/corludahaber.com\/h\/camide-skandal-olay-2-cocuk-tuvaletini-yapti\/119390\",\"url\":\"https:\/\/corludahaber.com\/h\/camide-skandal-olay-2-cocuk-tuvaletini-yapti\/119390\",\"name\":\"Camide Skandal Olay: 2 \u00c7ocuk Tuvaletini Yapt\u0131 | \u00c7orlu&#039;da Haber\",\"isPartOf\":{\"@id\":\"https:\/\/corludahaber.com\/h\/#website\"},\"primaryImageOfPage\":{\"@id\":\"https:\/\/corludahaber.com\/h\/camide-skandal-olay-2-cocuk-tuvaletini-yapti\/119390#primaryimage\"},\"image\":{\"@id\":\"https:\/\/corludahaber.com\/h\/camide-skandal-olay-2-cocuk-tuvaletini-yapti\/119390#primaryimage\"},\"thumbnailUrl\":\"https:\/\/corludahaber.com\/h\/wp-content\/uploads\/2026\/04\/Screenshot_20260428_105952_Canva.jpg\",\"datePublished\":\"2026-04-28T08:00:42+00:00\",\"dateModified\":\"2026-04-28T08:00:42+00:00\",\"description\":\"Camide Skandal Olay: 2 \u00c7ocuk Tuvaletini Yapt\u0131 | Ya\u015fam \u00c7orlu&#039;da Haber\",\"breadcrumb\":{\"@id\":\"https:\/\/corludahaber.com\/h\/camide-skandal-olay-2-cocuk-tuvaletini-yapti\/119390#breadcrumb\"},\"inLanguage\":\"tr\",\"potentialAction\":[{\"@type\":\"ReadAction\",\"target\":[\"https:\/\/corludahaber.com\/h\/camide-skandal-olay-2-cocuk-tuvaletini-yapti\/119390\"]}]},{\"@type\":\"ImageObject\",\"inLanguage\":\"tr\",\"@id\":\"https:\/\/corludahaber.com\/h\/camide-skandal-olay-2-cocuk-tuvaletini-yapti\/119390#primaryimage\",\"url\":\"https:\/\/corludahaber.com\/h\/wp-content\/uploads\/2026\/04\/Screenshot_20260428_105952_Canva.jpg\",\"contentUrl\":\"https:\/\/corludahaber.com\/h\/wp-content\/uploads\/2026\/04\/Screenshot_20260428_105952_Canva.jpg\",\"width\":919,\"height\":497},{\"@type\":\"BreadcrumbList\",\"@id\":\"https:\/\/corludahaber.com\/h\/camide-skandal-olay-2-cocuk-tuvaletini-yapti\/119390#breadcrumb\",\"itemListElement\":[{\"@type\":\"ListItem\",\"position\":1,\"name\":\"Anasayfa\",\"item\":\"https:\/\/corludahaber.com\/h\/\"},{\"@type\":\"ListItem\",\"position\":2,\"name\":\"Ya\u015fam\",\"item\":\"https:\/\/corludahaber.com\/h\/kategori\/yasam\"},{\"@type\":\"ListItem\",\"position\":3,\"name\":\"Camide Skandal Olay: 2 \u00c7ocuk Tuvaletini Yapt\u0131\"}]},{\"@type\":\"WebSite\",\"@id\":\"https:\/\/corludahaber.com\/h\/#website\",\"url\":\"https:\/\/corludahaber.com\/h\/\",\"name\":\"\u00c7orlu'da Haber\",\"description\":\"Ger\u00e7ek Tarafs\u0131z Haber\",\"publisher\":{\"@id\":\"https:\/\/corludahaber.com\/h\/#organization\"},\"potentialAction\":[{\"@type\":\"SearchAction\",\"target\":{\"@type\":\"EntryPoint\",\"urlTemplate\":\"https:\/\/corludahaber.com\/h\/?s={search_term_string}\"},\"query-input\":\"required name=search_term_string\"}],\"inLanguage\":\"tr\"},{\"@type\":\"Organization\",\"@id\":\"https:\/\/corludahaber.com\/h\/#organization\",\"name\":\"\u00c7orlu'da Haber\",\"url\":\"https:\/\/corludahaber.com\/h\/\",\"logo\":{\"@type\":\"ImageObject\",\"inLanguage\":\"tr\",\"@id\":\"https:\/\/corludahaber.com\/h\/#\/schema\/logo\/image\/\",\"url\":\"https:\/\/corludahaber.com\/h\/wp-content\/uploads\/2021\/12\/logo__9__1_-removebg-preview.png\",\"contentUrl\":\"https:\/\/corludahaber.com\/h\/wp-content\/uploads\/2021\/12\/logo__9__1_-removebg-preview.png\",\"width\":500,\"height\":157,\"caption\":\"\u00c7orlu'da Haber\"},\"image\":{\"@id\":\"https:\/\/corludahaber.com\/h\/#\/schema\/logo\/image\/\"},\"sameAs\":[\"https:\/\/facebook.com\/habercorluda\",\"https:\/\/x.com\/habercorluda\",\"https:\/\/www.instagram.com\/corludahaber\",\"https:\/\/www.youtube.com\/user\/corludahaber\"]},{\"@type\":\"Person\",\"@id\":\"https:\/\/corludahaber.com\/h\/#\/schema\/person\/b523522be44b062db5d74a62589768cd\",\"name\":\"\u00c7orlu'da Haber\",\"image\":{\"@type\":\"ImageObject\",\"inLanguage\":\"tr\",\"@id\":\"https:\/\/corludahaber.com\/h\/#\/schema\/person\/image\/\",\"url\":\"https:\/\/secure.gravatar.com\/avatar\/1033e54e078c29fd7f053370086ff627ba414b05c2b231c418a481adecd764ce?s=96&d=blank&r=g\",\"contentUrl\":\"https:\/\/secure.gravatar.com\/avatar\/1033e54e078c29fd7f053370086ff627ba414b05c2b231c418a481adecd764ce?s=96&d=blank&r=g\",\"caption\":\"\u00c7orlu'da Haber\"},\"sameAs\":[\"https:\/\/corludahaber.com\/h\"],\"url\":\"https:\/\/corludahaber.com\/h\/author\/admin\"}]}<\/script>\n<!-- \/ Yoast SEO Premium plugin. -->","yoast_head_json":{"title":"Camide Skandal Olay: 2 \u00c7ocuk Tuvaletini Yapt\u0131 | \u00c7orlu&#039;da Haber","description":"Camide Skandal Olay: 2 \u00c7ocuk Tuvaletini Yapt\u0131 | Ya\u015fam \u00c7orlu&#039;da Haber","robots":{"index":"index","follow":"follow","max-snippet":"max-snippet:-1","max-image-preview":"max-image-preview:large","max-video-preview":"max-video-preview:-1"},"canonical":"https:\/\/corludahaber.com\/h\/camide-skandal-olay-2-cocuk-tuvaletini-yapti\/119390","og_locale":"tr_TR","og_type":"article","og_title":"Camide Skandal Olay: 2 \u00c7ocuk Tuvaletini Yapt\u0131 | \u00c7orlu&#039;da Haber","og_description":"Camide Skandal Olay: 2 \u00c7ocuk Tuvaletini Yapt\u0131 | Ya\u015fam \u00c7orlu&#039;da Haber","og_url":"https:\/\/corludahaber.com\/h\/camide-skandal-olay-2-cocuk-tuvaletini-yapti\/119390","og_site_name":"\u00c7orlu&#039;da Haber","article_publisher":"https:\/\/facebook.com\/habercorluda","article_published_time":"2026-04-28T08:00:42+00:00","og_image":[{"width":919,"height":497,"url":"http:\/\/corludahaber.com\/h\/wp-content\/uploads\/2026\/04\/Screenshot_20260428_105952_Canva.jpg","type":"image\/jpeg"}],"author":"\u00c7orlu'da Haber","twitter_card":"summary_large_image","twitter_creator":"@habercorluda","twitter_site":"@habercorluda","twitter_misc":{"Yazan:":"\u00c7orlu'da Haber","Tahmini okuma s\u00fcresi":"2 dakika"},"schema":{"@context":"https:\/\/schema.org","@graph":[{"@type":"Article","@id":"https:\/\/corludahaber.com\/h\/camide-skandal-olay-2-cocuk-tuvaletini-yapti\/119390#article","isPartOf":{"@id":"https:\/\/corludahaber.com\/h\/camide-skandal-olay-2-cocuk-tuvaletini-yapti\/119390"},"author":{"name":"\u00c7orlu'da Haber","@id":"https:\/\/corludahaber.com\/h\/#\/schema\/person\/b523522be44b062db5d74a62589768cd"},"headline":"Camide Skandal Olay: 2 \u00c7ocuk Tuvaletini Yapt\u0131","datePublished":"2026-04-28T08:00:42+00:00","dateModified":"2026-04-28T08:00:42+00:00","mainEntityOfPage":{"@id":"https:\/\/corludahaber.com\/h\/camide-skandal-olay-2-cocuk-tuvaletini-yapti\/119390"},"wordCount":287,"commentCount":0,"publisher":{"@id":"https:\/\/corludahaber.com\/h\/#organization"},"image":{"@id":"https:\/\/corludahaber.com\/h\/camide-skandal-olay-2-cocuk-tuvaletini-yapti\/119390#primaryimage"},"thumbnailUrl":"https:\/\/corludahaber.com\/h\/wp-content\/uploads\/2026\/04\/Screenshot_20260428_105952_Canva.jpg","keywords":["asayi\u015f","camide","Camide Skandal Olay: 2 \u00c7ocuk Tuvaletini Yapt\u0131","\u00c7ocuk","\u00c7orlu kaza","\u00c7orlu son dakika kaza","Skandal","son dakika kaza","Tuvaletini","Yapt\u0131"],"articleSection":["Ya\u015fam"],"inLanguage":"tr","potentialAction":[{"@type":"CommentAction","name":"Comment","target":["https:\/\/corludahaber.com\/h\/camide-skandal-olay-2-cocuk-tuvaletini-yapti\/119390#respond"]}]},{"@type":"WebPage","@id":"https:\/\/corludahaber.com\/h\/camide-skandal-olay-2-cocuk-tuvaletini-yapti\/119390","url":"https:\/\/corludahaber.com\/h\/camide-skandal-olay-2-cocuk-tuvaletini-yapti\/119390","name":"Camide Skandal Olay: 2 \u00c7ocuk Tuvaletini Yapt\u0131 | \u00c7orlu&#039;da Haber","isPartOf":{"@id":"https:\/\/corludahaber.com\/h\/#website"},"primaryImageOfPage":{"@id":"https:\/\/corludahaber.com\/h\/camide-skandal-olay-2-cocuk-tuvaletini-yapti\/119390#primaryimage"},"image":{"@id":"https:\/\/corludahaber.com\/h\/camide-skandal-olay-2-cocuk-tuvaletini-yapti\/119390#primaryimage"},"thumbnailUrl":"https:\/\/corludahaber.com\/h\/wp-content\/uploads\/2026\/04\/Screenshot_20260428_105952_Canva.jpg","datePublished":"2026-04-28T08:00:42+00:00","dateModified":"2026-04-28T08:00:42+00:00","description":"Camide Skandal Olay: 2 \u00c7ocuk Tuvaletini Yapt\u0131 | Ya\u015fam \u00c7orlu&#039;da Haber","breadcrumb":{"@id":"https:\/\/corludahaber.com\/h\/camide-skandal-olay-2-cocuk-tuvaletini-yapti\/119390#breadcrumb"},"inLanguage":"tr","potentialAction":[{"@type":"ReadAction","target":["https:\/\/corludahaber.com\/h\/camide-skandal-olay-2-cocuk-tuvaletini-yapti\/119390"]}]},{"@type":"ImageObject","inLanguage":"tr","@id":"https:\/\/corludahaber.com\/h\/camide-skandal-olay-2-cocuk-tuvaletini-yapti\/119390#primaryimage","url":"https:\/\/corludahaber.com\/h\/wp-content\/uploads\/2026\/04\/Screenshot_20260428_105952_Canva.jpg","contentUrl":"https:\/\/corludahaber.com\/h\/wp-content\/uploads\/2026\/04\/Screenshot_20260428_105952_Canva.jpg","width":919,"height":497},{"@type":"BreadcrumbList","@id":"https:\/\/corludahaber.com\/h\/camide-skandal-olay-2-cocuk-tuvaletini-yapti\/119390#breadcrumb","itemListElement":[{"@type":"ListItem","position":1,"name":"Anasayfa","item":"https:\/\/corludahaber.com\/h\/"},{"@type":"ListItem","position":2,"name":"Ya\u015fam","item":"https:\/\/corludahaber.com\/h\/kategori\/yasam"},{"@type":"ListItem","position":3,"name":"Camide Skandal Olay: 2 \u00c7ocuk Tuvaletini Yapt\u0131"}]},{"@type":"WebSite","@id":"https:\/\/corludahaber.com\/h\/#website","url":"https:\/\/corludahaber.com\/h\/","name":"\u00c7orlu'da Haber","description":"Ger\u00e7ek Tarafs\u0131z Haber","publisher":{"@id":"https:\/\/corludahaber.com\/h\/#organization"},"potentialAction":[{"@type":"SearchAction","target":{"@type":"EntryPoint","urlTemplate":"https:\/\/corludahaber.com\/h\/?s={search_term_string}"},"query-input":"required name=search_term_string"}],"inLanguage":"tr"},{"@type":"Organization","@id":"https:\/\/corludahaber.com\/h\/#organization","name":"\u00c7orlu'da Haber","url":"https:\/\/corludahaber.com\/h\/","logo":{"@type":"ImageObject","inLanguage":"tr","@id":"https:\/\/corludahaber.com\/h\/#\/schema\/logo\/image\/","url":"https:\/\/corludahaber.com\/h\/wp-content\/uploads\/2021\/12\/logo__9__1_-removebg-preview.png","contentUrl":"https:\/\/corludahaber.com\/h\/wp-content\/uploads\/2021\/12\/logo__9__1_-removebg-preview.png","width":500,"height":157,"caption":"\u00c7orlu'da Haber"},"image":{"@id":"https:\/\/corludahaber.com\/h\/#\/schema\/logo\/image\/"},"sameAs":["https:\/\/facebook.com\/habercorluda","https:\/\/x.com\/habercorluda","https:\/\/www.instagram.com\/corludahaber","https:\/\/www.youtube.com\/user\/corludahaber"]},{"@type":"Person","@id":"https:\/\/corludahaber.com\/h\/#\/schema\/person\/b523522be44b062db5d74a62589768cd","name":"\u00c7orlu'da Haber","image":{"@type":"ImageObject","inLanguage":"tr","@id":"https:\/\/corludahaber.com\/h\/#\/schema\/person\/image\/","url":"https:\/\/secure.gravatar.com\/avatar\/1033e54e078c29fd7f053370086ff627ba414b05c2b231c418a481adecd764ce?s=96&d=blank&r=g","contentUrl":"https:\/\/secure.gravatar.com\/avatar\/1033e54e078c29fd7f053370086ff627ba414b05c2b231c418a481adecd764ce?s=96&d=blank&r=g","caption":"\u00c7orlu'da Haber"},"sameAs":["https:\/\/corludahaber.com\/h"],"url":"https:\/\/corludahaber.com\/h\/author\/admin"}]}},"_links":{"self":[{"href":"https:\/\/corludahaber.com\/h\/wp-json\/wp\/v2\/posts\/119390","targetHints":{"allow":["GET"]}}],"collection":[{"href":"https:\/\/corludahaber.com\/h\/wp-json\/wp\/v2\/posts"}],"about":[{"href":"https:\/\/corludahaber.com\/h\/wp-json\/wp\/v2\/types\/post"}],"author":[{"embeddable":true,"href":"https:\/\/corludahaber.com\/h\/wp-json\/wp\/v2\/users\/151"}],"replies":[{"embeddable":true,"href":"https:\/\/corludahaber.com\/h\/wp-json\/wp\/v2\/comments?post=119390"}],"version-history":[{"count":1,"href":"https:\/\/corludahaber.com\/h\/wp-json\/wp\/v2\/posts\/119390\/revisions"}],"predecessor-version":[{"id":119402,"href":"https:\/\/corludahaber.com\/h\/wp-json\/wp\/v2\/posts\/119390\/revisions\/119402"}],"wp:featuredmedia":[{"embeddable":true,"href":"https:\/\/corludahaber.com\/h\/wp-json\/wp\/v2\/media\/119401"}],"wp:attachment":[{"href":"https:\/\/corludahaber.com\/h\/wp-json\/wp\/v2\/media?parent=119390"}],"wp:term":[{"taxonomy":"category","embeddable":true,"href":"https:\/\/corludahaber.com\/h\/wp-json\/wp\/v2\/categories?post=119390"},{"taxonomy":"post_tag","embeddable":true,"href":"https:\/\/corludahaber.com\/h\/wp-json\/wp\/v2\/tags?post=119390"}],"curies":[{"name":"wp","href":"https:\/\/api.w.org\/{rel}","templated":true}]}}