{"id":119383,"date":"2026-04-27T18:53:28","date_gmt":"2026-04-27T15:53:28","guid":{"rendered":"https:\/\/corludahaber.com\/h\/tekirdag-buyuksehir-belediye-baskani-yuceer-suleymanpasada-cocuklar-icin-yeni-yuva-yukseliyor\/119383"},"modified":"2026-04-27T18:53:35","modified_gmt":"2026-04-27T15:53:35","slug":"tekirdag-buyuksehir-belediye-baskani-yuceer-suleymanpasada-cocuklar-icin-yeni-yuva-yukseliyor","status":"publish","type":"post","link":"https:\/\/corludahaber.com\/h\/tekirdag-buyuksehir-belediye-baskani-yuceer-suleymanpasada-cocuklar-icin-yeni-yuva-yukseliyor\/119383","title":{"rendered":"Tekirda\u011f B\u00fcy\u00fck\u015fehir Belediye Ba\u015fkan\u0131 Y\u00fcceer: S\u00fcleymanpa\u015fa\u2019da \u00e7ocuklar i\u00e7in yeni yuva y\u00fckseliyor"},"content":{"rendered":"<div class=\"corlu-icerikten-once_3\" id=\"corlu-631625177\"><script type='text\/javascript' src='https:\/\/platform-api.sharethis.com\/js\/sharethis.js#property=5ce8cf08af7d000012cb0ca1&product=inline-reaction-buttons' async='async'><\/script>\r\n\r\n<\/div><div readability=\"97\"><span class=\"category-name hidden\"><\/span><\/p><div class=\"corlu-icerik-2\" id=\"corlu-1298749371\"><!-- Admatic AUTO ads START -->\r\n<ins data-publisher=\"adm-pub-155556240050\" data-ad-network=\"659428a24d11b285b616c18d\"   class=\"adm-ads-area\"><\/ins>\r\n<script type=\"text\/javascript\" src=\"https:\/\/static.cdn.admatic.com.tr\/showad\/showad.min.js\"><\/script>\r\n<!-- Admatic AUTO ads END --><\/div>\n<p>TEK\u0130RDA\u011e, (Haber Merkezi)- TEK\u0130RDA\u011e B\u00fcy\u00fck\u015fehir Belediyesi taraf\u0131ndan, \u00e7ocuklar\u0131n g\u00fcvenli ve nitelikli bir ortamda geli\u015fimini desteklemek ve kad\u0131nlar\u0131n sosyal hayata kat\u0131l\u0131m\u0131n\u0131 g\u00fc\u00e7lendirmek amac\u0131yla hayata ge\u00e7irilen TEK \u00c7ocuk Yuvam\u0131z S\u00fcleymanpa\u015fa G\u00fcnd\u00fcz Bak\u0131mevi\u2019nin temeli at\u0131ld\u0131.<\/p>\n<p>Tekirda\u011f B\u00fcy\u00fck\u015fehir Belediyesi taraf\u0131ndan 11 il\u00e7eye 11 g\u00fcnd\u00fcz bak\u0131mevi projesi kapsam\u0131nda hayata ge\u00e7irilen g\u00fcnd\u00fcz bak\u0131mevinin temeli d\u00fczenlenen t\u00f6renle at\u0131ld\u0131. S\u00fcleymanpa\u015fa il\u00e7esi Atat\u00fcrk Mahallesi&#8217;nde <\/p>\n<p>TEK \u00c7ocuk Yuvam\u0131z S\u00fcleymanpa\u015fa G\u00fcnd\u00fcz Bak\u0131mevi&#8217;nin temeli t\u00f6renle at\u0131ld\u0131. T\u00f6rene, il\u00e7e belediye ba\u015fkanlar\u0131, kurum ve kurulu\u015flar\u0131n amirleri, meclis \u00fcyeleri, sivil toplum kurulu\u015fu \u00fcyeleri, siyasi partilerin temsilcileri ve \u00e7ok say\u0131da vatanda\u015f kat\u0131ld\u0131.<\/p>\n<p>&#8216;EN \u00d6NEML\u0130 YATIRIM \u00c7OCUKLARIMIZA YAPTI\u011eIMIZ YATIRIMDIR&#8217;<\/p>\n<p>Temel atma t\u00f6reninde konu\u015fan B\u00fcy\u00fck\u015fehir Belediye Ba\u015fkan\u0131 Candan Y\u00fcceer, \u00e7ocuklar\u0131n gelece\u011fi ve g\u00fcvenli\u011finin t\u00fcm projelerin \u00f6n\u00fcnde geldi\u011fini belirterek, &#8220;\u015eehrimize kazand\u0131r\u0131lan, sorunlar\u0131 \u00e7\u00f6zen ve ihtiya\u00e7lar\u0131 kar\u015f\u0131layan her proje bizim i\u00e7in \u00e7ok k\u0131ymetli. Ancak s\u00f6z konusu \u00e7ocuklar\u0131m\u0131z oldu\u011funda, onlar\u0131n gelece\u011fi ve g\u00fcvenli\u011fi oldu\u011funda bu bizim i\u00e7in her \u015feyin \u00f6n\u00fcne ge\u00e7iyor. En \u00f6nemli yat\u0131r\u0131m\u0131m\u0131z, \u00e7ocuklar\u0131m\u0131za yapt\u0131\u011f\u0131m\u0131z yat\u0131r\u0131md\u0131r. Onlar\u0131n e\u011fitimi, g\u00fcvenli\u011fi ve gelece\u011fi bizim \u00f6nceli\u011fimizdir.  Bu projeyle, ba\u015fta \u00e7ocuklar\u0131m\u0131z olmak \u00fczere \u00f6zellikle ekonomik zorluk ya\u015fayan ailelerimize destek olmay\u0131 hedefledik. G\u00f6reve geldi\u011fimiz g\u00fcn de g\u00fcnd\u00fcz bak\u0131mevi projemizi 11 il\u00e7emizde hayata ge\u00e7irme s\u00f6z\u00fc verdik. Bizler de biliyoruz ki; bir kentin ger\u00e7ek b\u00fcy\u00fckl\u00fc\u011f\u00fc, \u00e7ocuklar\u0131na sundu\u011fu imk\u00e2nlarla \u00f6l\u00e7\u00fcl\u00fcr. Bir \u015fehir; \u00e7ocuklar\u0131na g\u00fcvenli bir hayat sunuyorsa b\u00fcy\u00fckt\u00fcr. Ailelerin y\u00fck\u00fcn\u00fc hafifletiyorsa g\u00fc\u00e7l\u00fcd\u00fcr. Kad\u0131nlar\u0131n hayat\u0131n\u0131 kolayla\u015ft\u0131r\u0131yor, onlar\u0131 sosyal ve ekonomik hayatta destekliyorsa \u00e7a\u011fda\u015ft\u0131r. Biz de bu anlay\u0131\u015fla \u00e7al\u0131\u015f\u0131yoruz&#8221; dedi.<\/p>\n<p>&#8216;\u00c7OCUKLARA GEL\u0130\u015e\u0130M A\u0130LELERE DESTEK&#8217;<\/p>\n<p>Hayata ge\u00e7irilen bak\u0131mevi projesinin \u00e7ocuklara umut, ailelere g\u00fcven olaca\u011f\u0131n\u0131 belirten Y\u00fcceer, &#8220;Bug\u00fcn temelini att\u0131\u011f\u0131m\u0131z \u2018TEK \u00c7ocuk Yuvam\u0131z S\u00fcleymanpa\u015fa\u2019 tam da bu ihtiya\u00e7lara cevap verecek. Bu merkez, \u00e7ocuklar\u0131m\u0131za umut, ailelerimize g\u00fcven olacak. \u00c7ocuklar\u0131m\u0131z burada sosyalle\u015fecek, kendilerini ke\u015ffedecek, yeteneklerini geli\u015ftirecekler. Her il\u00e7emizde bak\u0131mevlerimizi hayata ge\u00e7irmeye devam edece\u011fiz. Projede eme\u011fi ge\u00e7en t\u00fcm \u00e7al\u0131\u015fma arkada\u015flar\u0131ma, b\u00fcrokratlar\u0131m\u0131za ve y\u00fcklenici firmaya te\u015fekk\u00fcr ediyorum. Sa\u011f olun, var olun&#8221; ifadelerini kulland\u0131.<\/p>\n<p>B\u00fcy\u00fck\u015fehir Belediyesi Et\u00fct ve Projeler Dairesi Ba\u015fkan\u0131 \u0130smail G\u00fclsen, temel atma t\u00f6reninde yapt\u0131\u011f\u0131 konu\u015fmada TEK \u00c7ocuk Yuvam\u0131z S\u00fcleymanpa\u015fa G\u00fcnd\u00fcz Bak\u0131mevi\u2019nin teknik detaylar\u0131n\u0131 payla\u015ft\u0131. <\/p>\n<p>G\u00fclsen, toplam 1567 metrekarelik yap\u0131 alan\u0131na sahip kre\u015fte 2 at\u00f6lye, 4 etkinlik alan\u0131, 4 uyku odas\u0131, jimnastik salonu, yemekhane, revir ile rehberlik, m\u00fcd\u00fcr ve \u00f6\u011fretmen odalar\u0131n\u0131n yer alaca\u011f\u0131n\u0131 belirtti. (Haber Merkezi)<\/p>\n<\/div>\n<div class=\"corlu-icerikten-sonra_3\" id=\"corlu-2769984409\"><p><img loading=\"lazy\" decoding=\"async\" class=\"aligncenter\" src=\"https:\/\/www.corludahaber.com\/bahcesehir.jpg\" alt=\"\" width=\"624\" height=\"196\" \/><\/p>\n<table style=\"text-align: left; width: 100%;\" border=\"1\" cellspacing=\"2\" cellpadding=\"2\">\n<tbody>\n<tr>\n<td style=\"background-color: #050805;\"><span style=\"font-size: 12pt;\"><small><small><em><strong><big><span style=\"color: #ff0000;\">Haber ve resimlerin telif haklar\u0131ndan dolay\u0131 kullan\u0131m\u0131 yasakt\u0131r<span style=\"color: #000000;\">.<\/span><\/span><span style=\"color: #000000;\">\u00a0<\/span><span style=\"color: #ffffff;\">Yaz\u0131l\u0131 izni al\u0131nmadan hi\u00e7bir yaz\u0131l\u0131, g\u00f6rsel, i\u015fitsel i\u00e7erik kopyalanamaz, de\u011fi\u015ftirilemez, yay\u0131nlanamaz veya sat\u0131lamaz. Aksi halde<\/span>\u00a0<span style=\"color: #ff0000;\">5846<span style=\"color: #ffffff;\">\u00a0<\/span><\/span><span style=\"color: #ffffff;\">say\u0131l\u0131 Fikir ve Sanat Eserleri Kanunu\u2019na ve<\/span>\u00a0<span style=\"color: #800000;\"><span style=\"color: #ff0000;\">6102<\/span><span style=\"color: #ffffff;\">\u00a0<\/span><\/span><span style=\"color: #ffffff;\">say\u0131l\u0131 maddesine g\u00f6re<\/span>\u00a0<span style=\"color: #ff0000;\">gerekli i\u015flemler uygulanacakt\u0131r.<\/span><br \/>\n<span style=\"color: #ffffff;\">\u00a9 Copyright 2014<\/span><\/big><\/strong><\/em><\/small><\/small><\/span><\/td>\n<\/tr>\n<\/tbody>\n<\/table>\n<p><small><small>\u00a0<\/small><\/small><\/p>\n<\/div>","protected":false},"excerpt":{"rendered":"<p>TEK\u0130RDA\u011e, (Haber Merkezi)- TEK\u0130RDA\u011e B\u00fcy\u00fck\u015fehir Belediyesi taraf\u0131ndan, \u00e7ocuklar\u0131n g\u00fcvenli ve nitelikli bir ortamda geli\u015fimini desteklemek ve kad\u0131nlar\u0131n sosyal hayata kat\u0131l\u0131m\u0131n\u0131 g\u00fc\u00e7lendirmek amac\u0131yla hayata ge\u00e7irilen TEK \u00c7ocuk Yuvam\u0131z S\u00fcleymanpa\u015fa G\u00fcnd\u00fcz Bak\u0131mevi\u2019nin temeli at\u0131ld\u0131. Tekirda\u011f B\u00fcy\u00fck\u015fehir Belediyesi taraf\u0131ndan 11 il\u00e7eye 11 g\u00fcnd\u00fcz bak\u0131mevi projesi kapsam\u0131nda hayata ge\u00e7irilen g\u00fcnd\u00fcz bak\u0131mevinin temeli d\u00fczenlenen t\u00f6renle at\u0131ld\u0131. S\u00fcleymanpa\u015fa il\u00e7esi Atat\u00fcrk Mahallesi&#8217;nde &hellip;<\/p>\n","protected":false},"author":151,"featured_media":119384,"comment_status":"open","ping_status":"closed","sticky":false,"template":"","format":"standard","meta":{"footnotes":""},"categories":[27],"tags":[8025,76,75,382,2165,9376,15478,594,3661,405,376,33498,6908,14139],"class_list":["post-119383","post","type-post","status-publish","format-standard","has-post-thumbnail","hentry","category-yasam","tag-asayis","tag-baskani","tag-belediye","tag-buyuksehir","tag-cocuklar","tag-corlu-kaza","tag-corlu-son-dakika-kaza","tag-icin","tag-son-dakika-kaza","tag-suleymanpasa","tag-tekirdag","tag-tekirdag-buyuksehir-belediye-baskani-yuceer-suleymanpasada-cocuklar-icin-yeni-yuva-yukseliyor","tag-yuceer","tag-yukseliyor"],"yoast_head":"<!-- This site is optimized with the Yoast SEO Premium plugin v23.3 (Yoast SEO v23.3) - https:\/\/yoast.com\/wordpress\/plugins\/seo\/ -->\n<title>Tekirda\u011f B\u00fcy\u00fck\u015fehir Belediye Ba\u015fkan\u0131 Y\u00fcceer: S\u00fcleymanpa\u015fa\u2019da \u00e7ocuklar i\u00e7in yeni yuva y\u00fckseliyor | \u00c7orlu&#039;da Haber<\/title>\n<meta name=\"description\" content=\"Tekirda\u011f B\u00fcy\u00fck\u015fehir Belediye Ba\u015fkan\u0131 Y\u00fcceer: S\u00fcleymanpa\u015fa\u2019da \u00e7ocuklar i\u00e7in yeni yuva y\u00fckseliyor | \u00c7orlu&#039;da Haber\" \/>\n<meta name=\"robots\" content=\"index, follow, max-snippet:-1, max-image-preview:large, max-video-preview:-1\" \/>\n<link rel=\"canonical\" href=\"https:\/\/corludahaber.com\/h\/tekirdag-buyuksehir-belediye-baskani-yuceer-suleymanpasada-cocuklar-icin-yeni-yuva-yukseliyor\/119383\" \/>\n<meta property=\"og:locale\" content=\"tr_TR\" \/>\n<meta property=\"og:type\" content=\"article\" \/>\n<meta property=\"og:title\" content=\"Tekirda\u011f B\u00fcy\u00fck\u015fehir Belediye Ba\u015fkan\u0131 Y\u00fcceer: S\u00fcleymanpa\u015fa\u2019da \u00e7ocuklar i\u00e7in yeni yuva y\u00fckseliyor | \u00c7orlu&#039;da Haber\" \/>\n<meta property=\"og:description\" content=\"Tekirda\u011f B\u00fcy\u00fck\u015fehir Belediye Ba\u015fkan\u0131 Y\u00fcceer: S\u00fcleymanpa\u015fa\u2019da \u00e7ocuklar i\u00e7in yeni yuva y\u00fckseliyor | \u00c7orlu&#039;da Haber\" \/>\n<meta property=\"og:url\" content=\"https:\/\/corludahaber.com\/h\/tekirdag-buyuksehir-belediye-baskani-yuceer-suleymanpasada-cocuklar-icin-yeni-yuva-yukseliyor\/119383\" \/>\n<meta property=\"og:site_name\" content=\"\u00c7orlu&#039;da Haber\" \/>\n<meta property=\"article:publisher\" content=\"https:\/\/facebook.com\/habercorluda\" \/>\n<meta property=\"article:published_time\" content=\"2026-04-27T15:53:28+00:00\" \/>\n<meta property=\"article:modified_time\" content=\"2026-04-27T15:53:35+00:00\" \/>\n<meta property=\"og:image\" content=\"http:\/\/corludahaber.com\/h\/wp-content\/uploads\/2026\/04\/tekirdag-buyuksehir-belediye-baskani-yuceer-suleymanpasada-cocuklar-icin-yeni-yuva-yukseliyor_69ef867b77a06.jpeg\" \/>\n\t<meta property=\"og:image:width\" content=\"2300\" \/>\n\t<meta property=\"og:image:height\" content=\"1294\" \/>\n\t<meta property=\"og:image:type\" content=\"image\/jpeg\" \/>\n<meta name=\"author\" content=\"\u00c7orlu&#039;da Haber\" \/>\n<meta name=\"twitter:card\" content=\"summary_large_image\" \/>\n<meta name=\"twitter:creator\" content=\"@habercorluda\" \/>\n<meta name=\"twitter:site\" content=\"@habercorluda\" \/>\n<meta name=\"twitter:label1\" content=\"Yazan:\" \/>\n\t<meta name=\"twitter:data1\" content=\"\u00c7orlu&#039;da Haber\" \/>\n\t<meta name=\"twitter:label2\" content=\"Tahmini okuma s\u00fcresi\" \/>\n\t<meta name=\"twitter:data2\" content=\"3 dakika\" \/>\n<script type=\"application\/ld+json\" class=\"yoast-schema-graph\">{\"@context\":\"https:\/\/schema.org\",\"@graph\":[{\"@type\":\"Article\",\"@id\":\"https:\/\/corludahaber.com\/h\/tekirdag-buyuksehir-belediye-baskani-yuceer-suleymanpasada-cocuklar-icin-yeni-yuva-yukseliyor\/119383#article\",\"isPartOf\":{\"@id\":\"https:\/\/corludahaber.com\/h\/tekirdag-buyuksehir-belediye-baskani-yuceer-suleymanpasada-cocuklar-icin-yeni-yuva-yukseliyor\/119383\"},\"author\":{\"name\":\"\u00c7orlu'da Haber\",\"@id\":\"https:\/\/corludahaber.com\/h\/#\/schema\/person\/b523522be44b062db5d74a62589768cd\"},\"headline\":\"Tekirda\u011f B\u00fcy\u00fck\u015fehir Belediye Ba\u015fkan\u0131 Y\u00fcceer: S\u00fcleymanpa\u015fa\u2019da \u00e7ocuklar i\u00e7in yeni yuva y\u00fckseliyor\",\"datePublished\":\"2026-04-27T15:53:28+00:00\",\"dateModified\":\"2026-04-27T15:53:35+00:00\",\"mainEntityOfPage\":{\"@id\":\"https:\/\/corludahaber.com\/h\/tekirdag-buyuksehir-belediye-baskani-yuceer-suleymanpasada-cocuklar-icin-yeni-yuva-yukseliyor\/119383\"},\"wordCount\":575,\"commentCount\":0,\"publisher\":{\"@id\":\"https:\/\/corludahaber.com\/h\/#organization\"},\"image\":{\"@id\":\"https:\/\/corludahaber.com\/h\/tekirdag-buyuksehir-belediye-baskani-yuceer-suleymanpasada-cocuklar-icin-yeni-yuva-yukseliyor\/119383#primaryimage\"},\"thumbnailUrl\":\"https:\/\/corludahaber.com\/h\/wp-content\/uploads\/2026\/04\/tekirdag-buyuksehir-belediye-baskani-yuceer-suleymanpasada-cocuklar-icin-yeni-yuva-yukseliyor_69ef867b77a06.jpeg\",\"keywords\":[\"asayi\u015f\",\"BA\u015eKANI\",\"BELED\u0130YE\",\"B\u00fcy\u00fck\u015fehir\",\"\u00c7ocuklar\",\"\u00c7orlu kaza\",\"\u00c7orlu son dakika kaza\",\"i\u00e7in\",\"son dakika kaza\",\"S\u00fcleymanpa\u015fa\",\"Tekirda\u011f\",\"Tekirda\u011f B\u00fcy\u00fck\u015fehir Belediye Ba\u015fkan\u0131 Y\u00fcceer: S\u00fcleymanpa\u015fa\u2019da \u00e7ocuklar i\u00e7in yeni yuva y\u00fckseliyor\",\"Y\u00fcceer\",\"Y\u00fckseliyor\"],\"articleSection\":[\"Ya\u015fam\"],\"inLanguage\":\"tr\",\"potentialAction\":[{\"@type\":\"CommentAction\",\"name\":\"Comment\",\"target\":[\"https:\/\/corludahaber.com\/h\/tekirdag-buyuksehir-belediye-baskani-yuceer-suleymanpasada-cocuklar-icin-yeni-yuva-yukseliyor\/119383#respond\"]}]},{\"@type\":\"WebPage\",\"@id\":\"https:\/\/corludahaber.com\/h\/tekirdag-buyuksehir-belediye-baskani-yuceer-suleymanpasada-cocuklar-icin-yeni-yuva-yukseliyor\/119383\",\"url\":\"https:\/\/corludahaber.com\/h\/tekirdag-buyuksehir-belediye-baskani-yuceer-suleymanpasada-cocuklar-icin-yeni-yuva-yukseliyor\/119383\",\"name\":\"Tekirda\u011f B\u00fcy\u00fck\u015fehir Belediye Ba\u015fkan\u0131 Y\u00fcceer: S\u00fcleymanpa\u015fa\u2019da \u00e7ocuklar i\u00e7in yeni yuva y\u00fckseliyor | \u00c7orlu&#039;da Haber\",\"isPartOf\":{\"@id\":\"https:\/\/corludahaber.com\/h\/#website\"},\"primaryImageOfPage\":{\"@id\":\"https:\/\/corludahaber.com\/h\/tekirdag-buyuksehir-belediye-baskani-yuceer-suleymanpasada-cocuklar-icin-yeni-yuva-yukseliyor\/119383#primaryimage\"},\"image\":{\"@id\":\"https:\/\/corludahaber.com\/h\/tekirdag-buyuksehir-belediye-baskani-yuceer-suleymanpasada-cocuklar-icin-yeni-yuva-yukseliyor\/119383#primaryimage\"},\"thumbnailUrl\":\"https:\/\/corludahaber.com\/h\/wp-content\/uploads\/2026\/04\/tekirdag-buyuksehir-belediye-baskani-yuceer-suleymanpasada-cocuklar-icin-yeni-yuva-yukseliyor_69ef867b77a06.jpeg\",\"datePublished\":\"2026-04-27T15:53:28+00:00\",\"dateModified\":\"2026-04-27T15:53:35+00:00\",\"description\":\"Tekirda\u011f B\u00fcy\u00fck\u015fehir Belediye Ba\u015fkan\u0131 Y\u00fcceer: S\u00fcleymanpa\u015fa\u2019da \u00e7ocuklar i\u00e7in yeni yuva y\u00fckseliyor | \u00c7orlu&#039;da Haber\",\"breadcrumb\":{\"@id\":\"https:\/\/corludahaber.com\/h\/tekirdag-buyuksehir-belediye-baskani-yuceer-suleymanpasada-cocuklar-icin-yeni-yuva-yukseliyor\/119383#breadcrumb\"},\"inLanguage\":\"tr\",\"potentialAction\":[{\"@type\":\"ReadAction\",\"target\":[\"https:\/\/corludahaber.com\/h\/tekirdag-buyuksehir-belediye-baskani-yuceer-suleymanpasada-cocuklar-icin-yeni-yuva-yukseliyor\/119383\"]}]},{\"@type\":\"ImageObject\",\"inLanguage\":\"tr\",\"@id\":\"https:\/\/corludahaber.com\/h\/tekirdag-buyuksehir-belediye-baskani-yuceer-suleymanpasada-cocuklar-icin-yeni-yuva-yukseliyor\/119383#primaryimage\",\"url\":\"https:\/\/corludahaber.com\/h\/wp-content\/uploads\/2026\/04\/tekirdag-buyuksehir-belediye-baskani-yuceer-suleymanpasada-cocuklar-icin-yeni-yuva-yukseliyor_69ef867b77a06.jpeg\",\"contentUrl\":\"https:\/\/corludahaber.com\/h\/wp-content\/uploads\/2026\/04\/tekirdag-buyuksehir-belediye-baskani-yuceer-suleymanpasada-cocuklar-icin-yeni-yuva-yukseliyor_69ef867b77a06.jpeg\",\"width\":2300,\"height\":1294},{\"@type\":\"BreadcrumbList\",\"@id\":\"https:\/\/corludahaber.com\/h\/tekirdag-buyuksehir-belediye-baskani-yuceer-suleymanpasada-cocuklar-icin-yeni-yuva-yukseliyor\/119383#breadcrumb\",\"itemListElement\":[{\"@type\":\"ListItem\",\"position\":1,\"name\":\"Anasayfa\",\"item\":\"https:\/\/corludahaber.com\/h\/\"},{\"@type\":\"ListItem\",\"position\":2,\"name\":\"Ya\u015fam\",\"item\":\"https:\/\/corludahaber.com\/h\/kategori\/yasam\"},{\"@type\":\"ListItem\",\"position\":3,\"name\":\"Tekirda\u011f B\u00fcy\u00fck\u015fehir Belediye Ba\u015fkan\u0131 Y\u00fcceer: S\u00fcleymanpa\u015fa\u2019da \u00e7ocuklar i\u00e7in yeni yuva y\u00fckseliyor\"}]},{\"@type\":\"WebSite\",\"@id\":\"https:\/\/corludahaber.com\/h\/#website\",\"url\":\"https:\/\/corludahaber.com\/h\/\",\"name\":\"\u00c7orlu'da Haber\",\"description\":\"Ger\u00e7ek Tarafs\u0131z Haber\",\"publisher\":{\"@id\":\"https:\/\/corludahaber.com\/h\/#organization\"},\"potentialAction\":[{\"@type\":\"SearchAction\",\"target\":{\"@type\":\"EntryPoint\",\"urlTemplate\":\"https:\/\/corludahaber.com\/h\/?s={search_term_string}\"},\"query-input\":\"required name=search_term_string\"}],\"inLanguage\":\"tr\"},{\"@type\":\"Organization\",\"@id\":\"https:\/\/corludahaber.com\/h\/#organization\",\"name\":\"\u00c7orlu'da Haber\",\"url\":\"https:\/\/corludahaber.com\/h\/\",\"logo\":{\"@type\":\"ImageObject\",\"inLanguage\":\"tr\",\"@id\":\"https:\/\/corludahaber.com\/h\/#\/schema\/logo\/image\/\",\"url\":\"https:\/\/corludahaber.com\/h\/wp-content\/uploads\/2021\/12\/logo__9__1_-removebg-preview.png\",\"contentUrl\":\"https:\/\/corludahaber.com\/h\/wp-content\/uploads\/2021\/12\/logo__9__1_-removebg-preview.png\",\"width\":500,\"height\":157,\"caption\":\"\u00c7orlu'da Haber\"},\"image\":{\"@id\":\"https:\/\/corludahaber.com\/h\/#\/schema\/logo\/image\/\"},\"sameAs\":[\"https:\/\/facebook.com\/habercorluda\",\"https:\/\/x.com\/habercorluda\",\"https:\/\/www.instagram.com\/corludahaber\",\"https:\/\/www.youtube.com\/user\/corludahaber\"]},{\"@type\":\"Person\",\"@id\":\"https:\/\/corludahaber.com\/h\/#\/schema\/person\/b523522be44b062db5d74a62589768cd\",\"name\":\"\u00c7orlu'da Haber\",\"image\":{\"@type\":\"ImageObject\",\"inLanguage\":\"tr\",\"@id\":\"https:\/\/corludahaber.com\/h\/#\/schema\/person\/image\/\",\"url\":\"https:\/\/secure.gravatar.com\/avatar\/1033e54e078c29fd7f053370086ff627ba414b05c2b231c418a481adecd764ce?s=96&d=blank&r=g\",\"contentUrl\":\"https:\/\/secure.gravatar.com\/avatar\/1033e54e078c29fd7f053370086ff627ba414b05c2b231c418a481adecd764ce?s=96&d=blank&r=g\",\"caption\":\"\u00c7orlu'da Haber\"},\"sameAs\":[\"https:\/\/corludahaber.com\/h\"],\"url\":\"https:\/\/corludahaber.com\/h\/author\/admin\"}]}<\/script>\n<!-- \/ Yoast SEO Premium plugin. -->","yoast_head_json":{"title":"Tekirda\u011f B\u00fcy\u00fck\u015fehir Belediye Ba\u015fkan\u0131 Y\u00fcceer: S\u00fcleymanpa\u015fa\u2019da \u00e7ocuklar i\u00e7in yeni yuva y\u00fckseliyor | \u00c7orlu&#039;da Haber","description":"Tekirda\u011f B\u00fcy\u00fck\u015fehir Belediye Ba\u015fkan\u0131 Y\u00fcceer: S\u00fcleymanpa\u015fa\u2019da \u00e7ocuklar i\u00e7in yeni yuva y\u00fckseliyor | \u00c7orlu&#039;da Haber","robots":{"index":"index","follow":"follow","max-snippet":"max-snippet:-1","max-image-preview":"max-image-preview:large","max-video-preview":"max-video-preview:-1"},"canonical":"https:\/\/corludahaber.com\/h\/tekirdag-buyuksehir-belediye-baskani-yuceer-suleymanpasada-cocuklar-icin-yeni-yuva-yukseliyor\/119383","og_locale":"tr_TR","og_type":"article","og_title":"Tekirda\u011f B\u00fcy\u00fck\u015fehir Belediye Ba\u015fkan\u0131 Y\u00fcceer: S\u00fcleymanpa\u015fa\u2019da \u00e7ocuklar i\u00e7in yeni yuva y\u00fckseliyor | \u00c7orlu&#039;da Haber","og_description":"Tekirda\u011f B\u00fcy\u00fck\u015fehir Belediye Ba\u015fkan\u0131 Y\u00fcceer: S\u00fcleymanpa\u015fa\u2019da \u00e7ocuklar i\u00e7in yeni yuva y\u00fckseliyor | \u00c7orlu&#039;da Haber","og_url":"https:\/\/corludahaber.com\/h\/tekirdag-buyuksehir-belediye-baskani-yuceer-suleymanpasada-cocuklar-icin-yeni-yuva-yukseliyor\/119383","og_site_name":"\u00c7orlu&#039;da Haber","article_publisher":"https:\/\/facebook.com\/habercorluda","article_published_time":"2026-04-27T15:53:28+00:00","article_modified_time":"2026-04-27T15:53:35+00:00","og_image":[{"width":2300,"height":1294,"url":"http:\/\/corludahaber.com\/h\/wp-content\/uploads\/2026\/04\/tekirdag-buyuksehir-belediye-baskani-yuceer-suleymanpasada-cocuklar-icin-yeni-yuva-yukseliyor_69ef867b77a06.jpeg","type":"image\/jpeg"}],"author":"\u00c7orlu'da Haber","twitter_card":"summary_large_image","twitter_creator":"@habercorluda","twitter_site":"@habercorluda","twitter_misc":{"Yazan:":"\u00c7orlu'da Haber","Tahmini okuma s\u00fcresi":"3 dakika"},"schema":{"@context":"https:\/\/schema.org","@graph":[{"@type":"Article","@id":"https:\/\/corludahaber.com\/h\/tekirdag-buyuksehir-belediye-baskani-yuceer-suleymanpasada-cocuklar-icin-yeni-yuva-yukseliyor\/119383#article","isPartOf":{"@id":"https:\/\/corludahaber.com\/h\/tekirdag-buyuksehir-belediye-baskani-yuceer-suleymanpasada-cocuklar-icin-yeni-yuva-yukseliyor\/119383"},"author":{"name":"\u00c7orlu'da Haber","@id":"https:\/\/corludahaber.com\/h\/#\/schema\/person\/b523522be44b062db5d74a62589768cd"},"headline":"Tekirda\u011f B\u00fcy\u00fck\u015fehir Belediye Ba\u015fkan\u0131 Y\u00fcceer: S\u00fcleymanpa\u015fa\u2019da \u00e7ocuklar i\u00e7in yeni yuva y\u00fckseliyor","datePublished":"2026-04-27T15:53:28+00:00","dateModified":"2026-04-27T15:53:35+00:00","mainEntityOfPage":{"@id":"https:\/\/corludahaber.com\/h\/tekirdag-buyuksehir-belediye-baskani-yuceer-suleymanpasada-cocuklar-icin-yeni-yuva-yukseliyor\/119383"},"wordCount":575,"commentCount":0,"publisher":{"@id":"https:\/\/corludahaber.com\/h\/#organization"},"image":{"@id":"https:\/\/corludahaber.com\/h\/tekirdag-buyuksehir-belediye-baskani-yuceer-suleymanpasada-cocuklar-icin-yeni-yuva-yukseliyor\/119383#primaryimage"},"thumbnailUrl":"https:\/\/corludahaber.com\/h\/wp-content\/uploads\/2026\/04\/tekirdag-buyuksehir-belediye-baskani-yuceer-suleymanpasada-cocuklar-icin-yeni-yuva-yukseliyor_69ef867b77a06.jpeg","keywords":["asayi\u015f","BA\u015eKANI","BELED\u0130YE","B\u00fcy\u00fck\u015fehir","\u00c7ocuklar","\u00c7orlu kaza","\u00c7orlu son dakika kaza","i\u00e7in","son dakika kaza","S\u00fcleymanpa\u015fa","Tekirda\u011f","Tekirda\u011f B\u00fcy\u00fck\u015fehir Belediye Ba\u015fkan\u0131 Y\u00fcceer: S\u00fcleymanpa\u015fa\u2019da \u00e7ocuklar i\u00e7in yeni yuva y\u00fckseliyor","Y\u00fcceer","Y\u00fckseliyor"],"articleSection":["Ya\u015fam"],"inLanguage":"tr","potentialAction":[{"@type":"CommentAction","name":"Comment","target":["https:\/\/corludahaber.com\/h\/tekirdag-buyuksehir-belediye-baskani-yuceer-suleymanpasada-cocuklar-icin-yeni-yuva-yukseliyor\/119383#respond"]}]},{"@type":"WebPage","@id":"https:\/\/corludahaber.com\/h\/tekirdag-buyuksehir-belediye-baskani-yuceer-suleymanpasada-cocuklar-icin-yeni-yuva-yukseliyor\/119383","url":"https:\/\/corludahaber.com\/h\/tekirdag-buyuksehir-belediye-baskani-yuceer-suleymanpasada-cocuklar-icin-yeni-yuva-yukseliyor\/119383","name":"Tekirda\u011f B\u00fcy\u00fck\u015fehir Belediye Ba\u015fkan\u0131 Y\u00fcceer: S\u00fcleymanpa\u015fa\u2019da \u00e7ocuklar i\u00e7in yeni yuva y\u00fckseliyor | \u00c7orlu&#039;da Haber","isPartOf":{"@id":"https:\/\/corludahaber.com\/h\/#website"},"primaryImageOfPage":{"@id":"https:\/\/corludahaber.com\/h\/tekirdag-buyuksehir-belediye-baskani-yuceer-suleymanpasada-cocuklar-icin-yeni-yuva-yukseliyor\/119383#primaryimage"},"image":{"@id":"https:\/\/corludahaber.com\/h\/tekirdag-buyuksehir-belediye-baskani-yuceer-suleymanpasada-cocuklar-icin-yeni-yuva-yukseliyor\/119383#primaryimage"},"thumbnailUrl":"https:\/\/corludahaber.com\/h\/wp-content\/uploads\/2026\/04\/tekirdag-buyuksehir-belediye-baskani-yuceer-suleymanpasada-cocuklar-icin-yeni-yuva-yukseliyor_69ef867b77a06.jpeg","datePublished":"2026-04-27T15:53:28+00:00","dateModified":"2026-04-27T15:53:35+00:00","description":"Tekirda\u011f B\u00fcy\u00fck\u015fehir Belediye Ba\u015fkan\u0131 Y\u00fcceer: S\u00fcleymanpa\u015fa\u2019da \u00e7ocuklar i\u00e7in yeni yuva y\u00fckseliyor | \u00c7orlu&#039;da Haber","breadcrumb":{"@id":"https:\/\/corludahaber.com\/h\/tekirdag-buyuksehir-belediye-baskani-yuceer-suleymanpasada-cocuklar-icin-yeni-yuva-yukseliyor\/119383#breadcrumb"},"inLanguage":"tr","potentialAction":[{"@type":"ReadAction","target":["https:\/\/corludahaber.com\/h\/tekirdag-buyuksehir-belediye-baskani-yuceer-suleymanpasada-cocuklar-icin-yeni-yuva-yukseliyor\/119383"]}]},{"@type":"ImageObject","inLanguage":"tr","@id":"https:\/\/corludahaber.com\/h\/tekirdag-buyuksehir-belediye-baskani-yuceer-suleymanpasada-cocuklar-icin-yeni-yuva-yukseliyor\/119383#primaryimage","url":"https:\/\/corludahaber.com\/h\/wp-content\/uploads\/2026\/04\/tekirdag-buyuksehir-belediye-baskani-yuceer-suleymanpasada-cocuklar-icin-yeni-yuva-yukseliyor_69ef867b77a06.jpeg","contentUrl":"https:\/\/corludahaber.com\/h\/wp-content\/uploads\/2026\/04\/tekirdag-buyuksehir-belediye-baskani-yuceer-suleymanpasada-cocuklar-icin-yeni-yuva-yukseliyor_69ef867b77a06.jpeg","width":2300,"height":1294},{"@type":"BreadcrumbList","@id":"https:\/\/corludahaber.com\/h\/tekirdag-buyuksehir-belediye-baskani-yuceer-suleymanpasada-cocuklar-icin-yeni-yuva-yukseliyor\/119383#breadcrumb","itemListElement":[{"@type":"ListItem","position":1,"name":"Anasayfa","item":"https:\/\/corludahaber.com\/h\/"},{"@type":"ListItem","position":2,"name":"Ya\u015fam","item":"https:\/\/corludahaber.com\/h\/kategori\/yasam"},{"@type":"ListItem","position":3,"name":"Tekirda\u011f B\u00fcy\u00fck\u015fehir Belediye Ba\u015fkan\u0131 Y\u00fcceer: S\u00fcleymanpa\u015fa\u2019da \u00e7ocuklar i\u00e7in yeni yuva y\u00fckseliyor"}]},{"@type":"WebSite","@id":"https:\/\/corludahaber.com\/h\/#website","url":"https:\/\/corludahaber.com\/h\/","name":"\u00c7orlu'da Haber","description":"Ger\u00e7ek Tarafs\u0131z Haber","publisher":{"@id":"https:\/\/corludahaber.com\/h\/#organization"},"potentialAction":[{"@type":"SearchAction","target":{"@type":"EntryPoint","urlTemplate":"https:\/\/corludahaber.com\/h\/?s={search_term_string}"},"query-input":"required name=search_term_string"}],"inLanguage":"tr"},{"@type":"Organization","@id":"https:\/\/corludahaber.com\/h\/#organization","name":"\u00c7orlu'da Haber","url":"https:\/\/corludahaber.com\/h\/","logo":{"@type":"ImageObject","inLanguage":"tr","@id":"https:\/\/corludahaber.com\/h\/#\/schema\/logo\/image\/","url":"https:\/\/corludahaber.com\/h\/wp-content\/uploads\/2021\/12\/logo__9__1_-removebg-preview.png","contentUrl":"https:\/\/corludahaber.com\/h\/wp-content\/uploads\/2021\/12\/logo__9__1_-removebg-preview.png","width":500,"height":157,"caption":"\u00c7orlu'da Haber"},"image":{"@id":"https:\/\/corludahaber.com\/h\/#\/schema\/logo\/image\/"},"sameAs":["https:\/\/facebook.com\/habercorluda","https:\/\/x.com\/habercorluda","https:\/\/www.instagram.com\/corludahaber","https:\/\/www.youtube.com\/user\/corludahaber"]},{"@type":"Person","@id":"https:\/\/corludahaber.com\/h\/#\/schema\/person\/b523522be44b062db5d74a62589768cd","name":"\u00c7orlu'da Haber","image":{"@type":"ImageObject","inLanguage":"tr","@id":"https:\/\/corludahaber.com\/h\/#\/schema\/person\/image\/","url":"https:\/\/secure.gravatar.com\/avatar\/1033e54e078c29fd7f053370086ff627ba414b05c2b231c418a481adecd764ce?s=96&d=blank&r=g","contentUrl":"https:\/\/secure.gravatar.com\/avatar\/1033e54e078c29fd7f053370086ff627ba414b05c2b231c418a481adecd764ce?s=96&d=blank&r=g","caption":"\u00c7orlu'da Haber"},"sameAs":["https:\/\/corludahaber.com\/h"],"url":"https:\/\/corludahaber.com\/h\/author\/admin"}]}},"_links":{"self":[{"href":"https:\/\/corludahaber.com\/h\/wp-json\/wp\/v2\/posts\/119383","targetHints":{"allow":["GET"]}}],"collection":[{"href":"https:\/\/corludahaber.com\/h\/wp-json\/wp\/v2\/posts"}],"about":[{"href":"https:\/\/corludahaber.com\/h\/wp-json\/wp\/v2\/types\/post"}],"author":[{"embeddable":true,"href":"https:\/\/corludahaber.com\/h\/wp-json\/wp\/v2\/users\/151"}],"replies":[{"embeddable":true,"href":"https:\/\/corludahaber.com\/h\/wp-json\/wp\/v2\/comments?post=119383"}],"version-history":[{"count":1,"href":"https:\/\/corludahaber.com\/h\/wp-json\/wp\/v2\/posts\/119383\/revisions"}],"predecessor-version":[{"id":119385,"href":"https:\/\/corludahaber.com\/h\/wp-json\/wp\/v2\/posts\/119383\/revisions\/119385"}],"wp:featuredmedia":[{"embeddable":true,"href":"https:\/\/corludahaber.com\/h\/wp-json\/wp\/v2\/media\/119384"}],"wp:attachment":[{"href":"https:\/\/corludahaber.com\/h\/wp-json\/wp\/v2\/media?parent=119383"}],"wp:term":[{"taxonomy":"category","embeddable":true,"href":"https:\/\/corludahaber.com\/h\/wp-json\/wp\/v2\/categories?post=119383"},{"taxonomy":"post_tag","embeddable":true,"href":"https:\/\/corludahaber.com\/h\/wp-json\/wp\/v2\/tags?post=119383"}],"curies":[{"name":"wp","href":"https:\/\/api.w.org\/{rel}","templated":true}]}}