{"id":119347,"date":"2026-04-27T15:16:50","date_gmt":"2026-04-27T12:16:50","guid":{"rendered":"https:\/\/corludahaber.com\/h\/?p=119347"},"modified":"2026-04-27T15:16:50","modified_gmt":"2026-04-27T12:16:50","slug":"ormanlik-alanda-olu-bulundu","status":"publish","type":"post","link":"https:\/\/corludahaber.com\/h\/ormanlik-alanda-olu-bulundu\/119347","title":{"rendered":"Ormanl\u0131k Alanda \u00d6l\u00fc Bulundu"},"content":{"rendered":"<div class=\"corlu-icerikten-once_3\" id=\"corlu-2383395279\"><script type='text\/javascript' src='https:\/\/platform-api.sharethis.com\/js\/sharethis.js#property=5ce8cf08af7d000012cb0ca1&product=inline-reaction-buttons' async='async'><\/script>\r\n\r\n<\/div><p><strong>Ormanl\u0131k Alanda Bir Ki\u015fi \u00d6l\u00fc Bulundu<\/strong><\/p><div class=\"corlu-icerik-2\" id=\"corlu-2938871148\"><!-- Admatic AUTO ads START -->\r\n<ins data-publisher=\"adm-pub-155556240050\" data-ad-network=\"659428a24d11b285b616c18d\"   class=\"adm-ads-area\"><\/ins>\r\n<script type=\"text\/javascript\" src=\"https:\/\/static.cdn.admatic.com.tr\/showad\/showad.min.js\"><\/script>\r\n<!-- Admatic AUTO ads END --><\/div>\n<p>Tekirda\u011f\u2019da ormanl\u0131k alanda bir ki\u015fi \u00f6l\u00fc bulundu. Olayla ilgili jandarma ekipleri taraf\u0131ndan soru\u015fturma ba\u015flat\u0131ld\u0131.<\/p>\n<p>Olay, \u00c7erkezk\u00f6y\u2019e ba\u011fl\u0131 K\u0131z\u0131lp\u0131nar Mahallesi\u2019nde bulunan ormanl\u0131k alanda meydana geldi. Edinilen bilgilere g\u00f6re, vatanda\u015flar T.K.\u2019yi ormanda bir a\u011faca as\u0131l\u0131 halde buldu.<\/p>\n<p>Durumu fark eden vatanda\u015flar,\u00a0 112 Acil \u00c7a\u011fr\u0131 Merkezi\u2019ne ihbarda bulundu. \u0130hbar \u00fczerine b\u00f6lgeye jandarma ve sa\u011fl\u0131k ekipleri sevk edildi.<\/p>\n<p>Olay yerine ula\u015fan sa\u011fl\u0131k ekipleri taraf\u0131ndan yap\u0131lan ilk incelemede, T.K.\u2019nin hayat\u0131n\u0131 kaybetti\u011fi tespit edildi.<\/p>\n<p>\u00c7erkezk\u00f6y Cumhuriyet Savc\u0131s\u0131 ile olay yeri inceleme ekiplerinin b\u00f6lgede yapt\u0131\u011f\u0131 incelemelerin ard\u0131ndan T.K.\u2019nin cans\u0131z bedeni, otopsi i\u015flemleri yap\u0131lmak \u00fczere \u00c7erkezk\u00f6y Devlet Hastanesi morguna kald\u0131r\u0131ld\u0131.<\/p>\n<p>Jandarma ekipleri, olay\u0131n t\u00fcm y\u00f6nleriyle ayd\u0131nlat\u0131lmas\u0131 i\u00e7in geni\u015f \u00e7apl\u0131 soru\u015fturma ba\u015flatt\u0131.<\/p>\n<div class=\"corlu-icerikten-sonra_3\" id=\"corlu-3732918474\"><p><img loading=\"lazy\" decoding=\"async\" class=\"aligncenter\" src=\"https:\/\/www.corludahaber.com\/bahcesehir.jpg\" alt=\"\" width=\"624\" height=\"196\" \/><\/p>\n<table style=\"text-align: left; width: 100%;\" border=\"1\" cellspacing=\"2\" cellpadding=\"2\">\n<tbody>\n<tr>\n<td style=\"background-color: #050805;\"><span style=\"font-size: 12pt;\"><small><small><em><strong><big><span style=\"color: #ff0000;\">Haber ve resimlerin telif haklar\u0131ndan dolay\u0131 kullan\u0131m\u0131 yasakt\u0131r<span style=\"color: #000000;\">.<\/span><\/span><span style=\"color: #000000;\">\u00a0<\/span><span style=\"color: #ffffff;\">Yaz\u0131l\u0131 izni al\u0131nmadan hi\u00e7bir yaz\u0131l\u0131, g\u00f6rsel, i\u015fitsel i\u00e7erik kopyalanamaz, de\u011fi\u015ftirilemez, yay\u0131nlanamaz veya sat\u0131lamaz. Aksi halde<\/span>\u00a0<span style=\"color: #ff0000;\">5846<span style=\"color: #ffffff;\">\u00a0<\/span><\/span><span style=\"color: #ffffff;\">say\u0131l\u0131 Fikir ve Sanat Eserleri Kanunu\u2019na ve<\/span>\u00a0<span style=\"color: #800000;\"><span style=\"color: #ff0000;\">6102<\/span><span style=\"color: #ffffff;\">\u00a0<\/span><\/span><span style=\"color: #ffffff;\">say\u0131l\u0131 maddesine g\u00f6re<\/span>\u00a0<span style=\"color: #ff0000;\">gerekli i\u015flemler uygulanacakt\u0131r.<\/span><br \/>\n<span style=\"color: #ffffff;\">\u00a9 Copyright 2014<\/span><\/big><\/strong><\/em><\/small><\/small><\/span><\/td>\n<\/tr>\n<\/tbody>\n<\/table>\n<p><small><small>\u00a0<\/small><\/small><\/p>\n<\/div>","protected":false},"excerpt":{"rendered":"<p>Ormanl\u0131k Alanda Bir Ki\u015fi \u00d6l\u00fc Bulundu Tekirda\u011f\u2019da ormanl\u0131k alanda bir ki\u015fi \u00f6l\u00fc bulundu. Olayla ilgili jandarma ekipleri taraf\u0131ndan soru\u015fturma ba\u015flat\u0131ld\u0131. Olay, \u00c7erkezk\u00f6y\u2019e ba\u011fl\u0131 K\u0131z\u0131lp\u0131nar Mahallesi\u2019nde bulunan ormanl\u0131k alanda meydana geldi. Edinilen bilgilere g\u00f6re, vatanda\u015flar T.K.\u2019yi ormanda bir a\u011faca as\u0131l\u0131 halde buldu. Durumu fark eden vatanda\u015flar,\u00a0 112 Acil \u00c7a\u011fr\u0131 Merkezi\u2019ne ihbarda bulundu. \u0130hbar \u00fczerine b\u00f6lgeye jandarma &hellip;<\/p>\n","protected":false},"author":151,"featured_media":119348,"comment_status":"open","ping_status":"open","sticky":false,"template":"","format":"standard","meta":{"footnotes":""},"categories":[26],"tags":[1637,8025,483,9376,15478,103,18707,33490,3661],"class_list":["post-119347","post","type-post","status-publish","format-standard","has-post-thumbnail","hentry","category-asayis","tag-alanda","tag-asayis","tag-bulundu","tag-corlu-kaza","tag-corlu-son-dakika-kaza","tag-olu","tag-ormanlik","tag-ormanlik-alanda-olu-bulundu","tag-son-dakika-kaza"],"yoast_head":"<!-- This site is optimized with the Yoast SEO Premium plugin v23.3 (Yoast SEO v23.3) - https:\/\/yoast.com\/wordpress\/plugins\/seo\/ -->\n<title>Ormanl\u0131k Alanda \u00d6l\u00fc Bulundu | \u00c7orlu&#039;da Haber<\/title>\n<meta name=\"description\" content=\"Ormanl\u0131k Alanda \u00d6l\u00fc Bulundu | Asayi\u015f \u00c7orlu&#039;da Haber\" \/>\n<meta name=\"robots\" content=\"index, follow, max-snippet:-1, max-image-preview:large, max-video-preview:-1\" \/>\n<link rel=\"canonical\" href=\"https:\/\/corludahaber.com\/h\/ormanlik-alanda-olu-bulundu\/119347\" \/>\n<meta property=\"og:locale\" content=\"tr_TR\" \/>\n<meta property=\"og:type\" content=\"article\" \/>\n<meta property=\"og:title\" content=\"Ormanl\u0131k Alanda \u00d6l\u00fc Bulundu | \u00c7orlu&#039;da Haber\" \/>\n<meta property=\"og:description\" content=\"Ormanl\u0131k Alanda \u00d6l\u00fc Bulundu | Asayi\u015f \u00c7orlu&#039;da Haber\" \/>\n<meta property=\"og:url\" content=\"https:\/\/corludahaber.com\/h\/ormanlik-alanda-olu-bulundu\/119347\" \/>\n<meta property=\"og:site_name\" content=\"\u00c7orlu&#039;da Haber\" \/>\n<meta property=\"article:publisher\" content=\"https:\/\/facebook.com\/habercorluda\" \/>\n<meta property=\"article:published_time\" content=\"2026-04-27T12:16:50+00:00\" \/>\n<meta property=\"og:image\" content=\"http:\/\/corludahaber.com\/h\/wp-content\/uploads\/2026\/04\/jandarma-kutahya-aa-2248467-scaled.jpg\" \/>\n\t<meta property=\"og:image:width\" content=\"2560\" \/>\n\t<meta property=\"og:image:height\" content=\"1440\" \/>\n\t<meta property=\"og:image:type\" content=\"image\/jpeg\" \/>\n<meta name=\"author\" content=\"\u00c7orlu&#039;da Haber\" \/>\n<meta name=\"twitter:card\" content=\"summary_large_image\" \/>\n<meta name=\"twitter:creator\" content=\"@habercorluda\" \/>\n<meta name=\"twitter:site\" content=\"@habercorluda\" \/>\n<meta name=\"twitter:label1\" content=\"Yazan:\" \/>\n\t<meta name=\"twitter:data1\" content=\"\u00c7orlu&#039;da Haber\" \/>\n\t<meta name=\"twitter:label2\" content=\"Tahmini okuma s\u00fcresi\" \/>\n\t<meta name=\"twitter:data2\" content=\"1 dakika\" \/>\n<script type=\"application\/ld+json\" class=\"yoast-schema-graph\">{\"@context\":\"https:\/\/schema.org\",\"@graph\":[{\"@type\":\"Article\",\"@id\":\"https:\/\/corludahaber.com\/h\/ormanlik-alanda-olu-bulundu\/119347#article\",\"isPartOf\":{\"@id\":\"https:\/\/corludahaber.com\/h\/ormanlik-alanda-olu-bulundu\/119347\"},\"author\":{\"name\":\"\u00c7orlu'da Haber\",\"@id\":\"https:\/\/corludahaber.com\/h\/#\/schema\/person\/b523522be44b062db5d74a62589768cd\"},\"headline\":\"Ormanl\u0131k Alanda \u00d6l\u00fc Bulundu\",\"datePublished\":\"2026-04-27T12:16:50+00:00\",\"dateModified\":\"2026-04-27T12:16:50+00:00\",\"mainEntityOfPage\":{\"@id\":\"https:\/\/corludahaber.com\/h\/ormanlik-alanda-olu-bulundu\/119347\"},\"wordCount\":171,\"commentCount\":0,\"publisher\":{\"@id\":\"https:\/\/corludahaber.com\/h\/#organization\"},\"image\":{\"@id\":\"https:\/\/corludahaber.com\/h\/ormanlik-alanda-olu-bulundu\/119347#primaryimage\"},\"thumbnailUrl\":\"https:\/\/corludahaber.com\/h\/wp-content\/uploads\/2026\/04\/jandarma-kutahya-aa-2248467-scaled.jpg\",\"keywords\":[\"Alanda\",\"asayi\u015f\",\"Bulundu\",\"\u00c7orlu kaza\",\"\u00c7orlu son dakika kaza\",\"\u00f6l\u00fc\",\"Ormanl\u0131k\",\"Ormanl\u0131k Alanda \u00d6l\u00fc Bulundu\",\"son dakika kaza\"],\"articleSection\":[\"Asayi\u015f\"],\"inLanguage\":\"tr\",\"potentialAction\":[{\"@type\":\"CommentAction\",\"name\":\"Comment\",\"target\":[\"https:\/\/corludahaber.com\/h\/ormanlik-alanda-olu-bulundu\/119347#respond\"]}]},{\"@type\":\"WebPage\",\"@id\":\"https:\/\/corludahaber.com\/h\/ormanlik-alanda-olu-bulundu\/119347\",\"url\":\"https:\/\/corludahaber.com\/h\/ormanlik-alanda-olu-bulundu\/119347\",\"name\":\"Ormanl\u0131k Alanda \u00d6l\u00fc Bulundu | \u00c7orlu&#039;da Haber\",\"isPartOf\":{\"@id\":\"https:\/\/corludahaber.com\/h\/#website\"},\"primaryImageOfPage\":{\"@id\":\"https:\/\/corludahaber.com\/h\/ormanlik-alanda-olu-bulundu\/119347#primaryimage\"},\"image\":{\"@id\":\"https:\/\/corludahaber.com\/h\/ormanlik-alanda-olu-bulundu\/119347#primaryimage\"},\"thumbnailUrl\":\"https:\/\/corludahaber.com\/h\/wp-content\/uploads\/2026\/04\/jandarma-kutahya-aa-2248467-scaled.jpg\",\"datePublished\":\"2026-04-27T12:16:50+00:00\",\"dateModified\":\"2026-04-27T12:16:50+00:00\",\"description\":\"Ormanl\u0131k Alanda \u00d6l\u00fc Bulundu | Asayi\u015f \u00c7orlu&#039;da Haber\",\"breadcrumb\":{\"@id\":\"https:\/\/corludahaber.com\/h\/ormanlik-alanda-olu-bulundu\/119347#breadcrumb\"},\"inLanguage\":\"tr\",\"potentialAction\":[{\"@type\":\"ReadAction\",\"target\":[\"https:\/\/corludahaber.com\/h\/ormanlik-alanda-olu-bulundu\/119347\"]}]},{\"@type\":\"ImageObject\",\"inLanguage\":\"tr\",\"@id\":\"https:\/\/corludahaber.com\/h\/ormanlik-alanda-olu-bulundu\/119347#primaryimage\",\"url\":\"https:\/\/corludahaber.com\/h\/wp-content\/uploads\/2026\/04\/jandarma-kutahya-aa-2248467-scaled.jpg\",\"contentUrl\":\"https:\/\/corludahaber.com\/h\/wp-content\/uploads\/2026\/04\/jandarma-kutahya-aa-2248467-scaled.jpg\",\"width\":2560,\"height\":1440,\"caption\":\"CREATOR: gd-jpeg v1.0 (using IJG JPEG v62), quality = 75?\"},{\"@type\":\"BreadcrumbList\",\"@id\":\"https:\/\/corludahaber.com\/h\/ormanlik-alanda-olu-bulundu\/119347#breadcrumb\",\"itemListElement\":[{\"@type\":\"ListItem\",\"position\":1,\"name\":\"Anasayfa\",\"item\":\"https:\/\/corludahaber.com\/h\/\"},{\"@type\":\"ListItem\",\"position\":2,\"name\":\"Asayi\u015f\",\"item\":\"https:\/\/corludahaber.com\/h\/kategori\/asayis\"},{\"@type\":\"ListItem\",\"position\":3,\"name\":\"Ormanl\u0131k Alanda \u00d6l\u00fc Bulundu\"}]},{\"@type\":\"WebSite\",\"@id\":\"https:\/\/corludahaber.com\/h\/#website\",\"url\":\"https:\/\/corludahaber.com\/h\/\",\"name\":\"\u00c7orlu'da Haber\",\"description\":\"Ger\u00e7ek Tarafs\u0131z Haber\",\"publisher\":{\"@id\":\"https:\/\/corludahaber.com\/h\/#organization\"},\"potentialAction\":[{\"@type\":\"SearchAction\",\"target\":{\"@type\":\"EntryPoint\",\"urlTemplate\":\"https:\/\/corludahaber.com\/h\/?s={search_term_string}\"},\"query-input\":\"required name=search_term_string\"}],\"inLanguage\":\"tr\"},{\"@type\":\"Organization\",\"@id\":\"https:\/\/corludahaber.com\/h\/#organization\",\"name\":\"\u00c7orlu'da Haber\",\"url\":\"https:\/\/corludahaber.com\/h\/\",\"logo\":{\"@type\":\"ImageObject\",\"inLanguage\":\"tr\",\"@id\":\"https:\/\/corludahaber.com\/h\/#\/schema\/logo\/image\/\",\"url\":\"https:\/\/corludahaber.com\/h\/wp-content\/uploads\/2021\/12\/logo__9__1_-removebg-preview.png\",\"contentUrl\":\"https:\/\/corludahaber.com\/h\/wp-content\/uploads\/2021\/12\/logo__9__1_-removebg-preview.png\",\"width\":500,\"height\":157,\"caption\":\"\u00c7orlu'da Haber\"},\"image\":{\"@id\":\"https:\/\/corludahaber.com\/h\/#\/schema\/logo\/image\/\"},\"sameAs\":[\"https:\/\/facebook.com\/habercorluda\",\"https:\/\/x.com\/habercorluda\",\"https:\/\/www.instagram.com\/corludahaber\",\"https:\/\/www.youtube.com\/user\/corludahaber\"]},{\"@type\":\"Person\",\"@id\":\"https:\/\/corludahaber.com\/h\/#\/schema\/person\/b523522be44b062db5d74a62589768cd\",\"name\":\"\u00c7orlu'da Haber\",\"image\":{\"@type\":\"ImageObject\",\"inLanguage\":\"tr\",\"@id\":\"https:\/\/corludahaber.com\/h\/#\/schema\/person\/image\/\",\"url\":\"https:\/\/secure.gravatar.com\/avatar\/1033e54e078c29fd7f053370086ff627ba414b05c2b231c418a481adecd764ce?s=96&d=blank&r=g\",\"contentUrl\":\"https:\/\/secure.gravatar.com\/avatar\/1033e54e078c29fd7f053370086ff627ba414b05c2b231c418a481adecd764ce?s=96&d=blank&r=g\",\"caption\":\"\u00c7orlu'da Haber\"},\"sameAs\":[\"https:\/\/corludahaber.com\/h\"],\"url\":\"https:\/\/corludahaber.com\/h\/author\/admin\"}]}<\/script>\n<!-- \/ Yoast SEO Premium plugin. -->","yoast_head_json":{"title":"Ormanl\u0131k Alanda \u00d6l\u00fc Bulundu | \u00c7orlu&#039;da Haber","description":"Ormanl\u0131k Alanda \u00d6l\u00fc Bulundu | Asayi\u015f \u00c7orlu&#039;da Haber","robots":{"index":"index","follow":"follow","max-snippet":"max-snippet:-1","max-image-preview":"max-image-preview:large","max-video-preview":"max-video-preview:-1"},"canonical":"https:\/\/corludahaber.com\/h\/ormanlik-alanda-olu-bulundu\/119347","og_locale":"tr_TR","og_type":"article","og_title":"Ormanl\u0131k Alanda \u00d6l\u00fc Bulundu | \u00c7orlu&#039;da Haber","og_description":"Ormanl\u0131k Alanda \u00d6l\u00fc Bulundu | Asayi\u015f \u00c7orlu&#039;da Haber","og_url":"https:\/\/corludahaber.com\/h\/ormanlik-alanda-olu-bulundu\/119347","og_site_name":"\u00c7orlu&#039;da Haber","article_publisher":"https:\/\/facebook.com\/habercorluda","article_published_time":"2026-04-27T12:16:50+00:00","og_image":[{"width":2560,"height":1440,"url":"http:\/\/corludahaber.com\/h\/wp-content\/uploads\/2026\/04\/jandarma-kutahya-aa-2248467-scaled.jpg","type":"image\/jpeg"}],"author":"\u00c7orlu'da Haber","twitter_card":"summary_large_image","twitter_creator":"@habercorluda","twitter_site":"@habercorluda","twitter_misc":{"Yazan:":"\u00c7orlu'da Haber","Tahmini okuma s\u00fcresi":"1 dakika"},"schema":{"@context":"https:\/\/schema.org","@graph":[{"@type":"Article","@id":"https:\/\/corludahaber.com\/h\/ormanlik-alanda-olu-bulundu\/119347#article","isPartOf":{"@id":"https:\/\/corludahaber.com\/h\/ormanlik-alanda-olu-bulundu\/119347"},"author":{"name":"\u00c7orlu'da Haber","@id":"https:\/\/corludahaber.com\/h\/#\/schema\/person\/b523522be44b062db5d74a62589768cd"},"headline":"Ormanl\u0131k Alanda \u00d6l\u00fc Bulundu","datePublished":"2026-04-27T12:16:50+00:00","dateModified":"2026-04-27T12:16:50+00:00","mainEntityOfPage":{"@id":"https:\/\/corludahaber.com\/h\/ormanlik-alanda-olu-bulundu\/119347"},"wordCount":171,"commentCount":0,"publisher":{"@id":"https:\/\/corludahaber.com\/h\/#organization"},"image":{"@id":"https:\/\/corludahaber.com\/h\/ormanlik-alanda-olu-bulundu\/119347#primaryimage"},"thumbnailUrl":"https:\/\/corludahaber.com\/h\/wp-content\/uploads\/2026\/04\/jandarma-kutahya-aa-2248467-scaled.jpg","keywords":["Alanda","asayi\u015f","Bulundu","\u00c7orlu kaza","\u00c7orlu son dakika kaza","\u00f6l\u00fc","Ormanl\u0131k","Ormanl\u0131k Alanda \u00d6l\u00fc Bulundu","son dakika kaza"],"articleSection":["Asayi\u015f"],"inLanguage":"tr","potentialAction":[{"@type":"CommentAction","name":"Comment","target":["https:\/\/corludahaber.com\/h\/ormanlik-alanda-olu-bulundu\/119347#respond"]}]},{"@type":"WebPage","@id":"https:\/\/corludahaber.com\/h\/ormanlik-alanda-olu-bulundu\/119347","url":"https:\/\/corludahaber.com\/h\/ormanlik-alanda-olu-bulundu\/119347","name":"Ormanl\u0131k Alanda \u00d6l\u00fc Bulundu | \u00c7orlu&#039;da Haber","isPartOf":{"@id":"https:\/\/corludahaber.com\/h\/#website"},"primaryImageOfPage":{"@id":"https:\/\/corludahaber.com\/h\/ormanlik-alanda-olu-bulundu\/119347#primaryimage"},"image":{"@id":"https:\/\/corludahaber.com\/h\/ormanlik-alanda-olu-bulundu\/119347#primaryimage"},"thumbnailUrl":"https:\/\/corludahaber.com\/h\/wp-content\/uploads\/2026\/04\/jandarma-kutahya-aa-2248467-scaled.jpg","datePublished":"2026-04-27T12:16:50+00:00","dateModified":"2026-04-27T12:16:50+00:00","description":"Ormanl\u0131k Alanda \u00d6l\u00fc Bulundu | Asayi\u015f \u00c7orlu&#039;da Haber","breadcrumb":{"@id":"https:\/\/corludahaber.com\/h\/ormanlik-alanda-olu-bulundu\/119347#breadcrumb"},"inLanguage":"tr","potentialAction":[{"@type":"ReadAction","target":["https:\/\/corludahaber.com\/h\/ormanlik-alanda-olu-bulundu\/119347"]}]},{"@type":"ImageObject","inLanguage":"tr","@id":"https:\/\/corludahaber.com\/h\/ormanlik-alanda-olu-bulundu\/119347#primaryimage","url":"https:\/\/corludahaber.com\/h\/wp-content\/uploads\/2026\/04\/jandarma-kutahya-aa-2248467-scaled.jpg","contentUrl":"https:\/\/corludahaber.com\/h\/wp-content\/uploads\/2026\/04\/jandarma-kutahya-aa-2248467-scaled.jpg","width":2560,"height":1440,"caption":"CREATOR: gd-jpeg v1.0 (using IJG JPEG v62), quality = 75?"},{"@type":"BreadcrumbList","@id":"https:\/\/corludahaber.com\/h\/ormanlik-alanda-olu-bulundu\/119347#breadcrumb","itemListElement":[{"@type":"ListItem","position":1,"name":"Anasayfa","item":"https:\/\/corludahaber.com\/h\/"},{"@type":"ListItem","position":2,"name":"Asayi\u015f","item":"https:\/\/corludahaber.com\/h\/kategori\/asayis"},{"@type":"ListItem","position":3,"name":"Ormanl\u0131k Alanda \u00d6l\u00fc Bulundu"}]},{"@type":"WebSite","@id":"https:\/\/corludahaber.com\/h\/#website","url":"https:\/\/corludahaber.com\/h\/","name":"\u00c7orlu'da Haber","description":"Ger\u00e7ek Tarafs\u0131z Haber","publisher":{"@id":"https:\/\/corludahaber.com\/h\/#organization"},"potentialAction":[{"@type":"SearchAction","target":{"@type":"EntryPoint","urlTemplate":"https:\/\/corludahaber.com\/h\/?s={search_term_string}"},"query-input":"required name=search_term_string"}],"inLanguage":"tr"},{"@type":"Organization","@id":"https:\/\/corludahaber.com\/h\/#organization","name":"\u00c7orlu'da Haber","url":"https:\/\/corludahaber.com\/h\/","logo":{"@type":"ImageObject","inLanguage":"tr","@id":"https:\/\/corludahaber.com\/h\/#\/schema\/logo\/image\/","url":"https:\/\/corludahaber.com\/h\/wp-content\/uploads\/2021\/12\/logo__9__1_-removebg-preview.png","contentUrl":"https:\/\/corludahaber.com\/h\/wp-content\/uploads\/2021\/12\/logo__9__1_-removebg-preview.png","width":500,"height":157,"caption":"\u00c7orlu'da Haber"},"image":{"@id":"https:\/\/corludahaber.com\/h\/#\/schema\/logo\/image\/"},"sameAs":["https:\/\/facebook.com\/habercorluda","https:\/\/x.com\/habercorluda","https:\/\/www.instagram.com\/corludahaber","https:\/\/www.youtube.com\/user\/corludahaber"]},{"@type":"Person","@id":"https:\/\/corludahaber.com\/h\/#\/schema\/person\/b523522be44b062db5d74a62589768cd","name":"\u00c7orlu'da Haber","image":{"@type":"ImageObject","inLanguage":"tr","@id":"https:\/\/corludahaber.com\/h\/#\/schema\/person\/image\/","url":"https:\/\/secure.gravatar.com\/avatar\/1033e54e078c29fd7f053370086ff627ba414b05c2b231c418a481adecd764ce?s=96&d=blank&r=g","contentUrl":"https:\/\/secure.gravatar.com\/avatar\/1033e54e078c29fd7f053370086ff627ba414b05c2b231c418a481adecd764ce?s=96&d=blank&r=g","caption":"\u00c7orlu'da Haber"},"sameAs":["https:\/\/corludahaber.com\/h"],"url":"https:\/\/corludahaber.com\/h\/author\/admin"}]}},"_links":{"self":[{"href":"https:\/\/corludahaber.com\/h\/wp-json\/wp\/v2\/posts\/119347","targetHints":{"allow":["GET"]}}],"collection":[{"href":"https:\/\/corludahaber.com\/h\/wp-json\/wp\/v2\/posts"}],"about":[{"href":"https:\/\/corludahaber.com\/h\/wp-json\/wp\/v2\/types\/post"}],"author":[{"embeddable":true,"href":"https:\/\/corludahaber.com\/h\/wp-json\/wp\/v2\/users\/151"}],"replies":[{"embeddable":true,"href":"https:\/\/corludahaber.com\/h\/wp-json\/wp\/v2\/comments?post=119347"}],"version-history":[{"count":1,"href":"https:\/\/corludahaber.com\/h\/wp-json\/wp\/v2\/posts\/119347\/revisions"}],"predecessor-version":[{"id":119349,"href":"https:\/\/corludahaber.com\/h\/wp-json\/wp\/v2\/posts\/119347\/revisions\/119349"}],"wp:featuredmedia":[{"embeddable":true,"href":"https:\/\/corludahaber.com\/h\/wp-json\/wp\/v2\/media\/119348"}],"wp:attachment":[{"href":"https:\/\/corludahaber.com\/h\/wp-json\/wp\/v2\/media?parent=119347"}],"wp:term":[{"taxonomy":"category","embeddable":true,"href":"https:\/\/corludahaber.com\/h\/wp-json\/wp\/v2\/categories?post=119347"},{"taxonomy":"post_tag","embeddable":true,"href":"https:\/\/corludahaber.com\/h\/wp-json\/wp\/v2\/tags?post=119347"}],"curies":[{"name":"wp","href":"https:\/\/api.w.org\/{rel}","templated":true}]}}