{"id":119314,"date":"2026-04-26T16:53:40","date_gmt":"2026-04-26T13:53:40","guid":{"rendered":"https:\/\/corludahaber.com\/h\/motosikletin-duraktaki-otobuse-carptigi-kazanin-goruntuleri-ortaya-cikti\/119314"},"modified":"2026-04-26T16:53:40","modified_gmt":"2026-04-26T13:53:40","slug":"motosikletin-duraktaki-otobuse-carptigi-kazanin-goruntuleri-ortaya-cikti","status":"publish","type":"post","link":"https:\/\/corludahaber.com\/h\/motosikletin-duraktaki-otobuse-carptigi-kazanin-goruntuleri-ortaya-cikti\/119314","title":{"rendered":"Motosikletin duraktaki otob\u00fcse \u00e7arpt\u0131\u011f\u0131 kazan\u0131n g\u00f6r\u00fcnt\u00fcleri ortaya \u00e7\u0131kt\u0131"},"content":{"rendered":"<div class=\"corlu-icerikten-once_3\" id=\"corlu-2477977228\"><script type='text\/javascript' src='https:\/\/platform-api.sharethis.com\/js\/sharethis.js#property=5ce8cf08af7d000012cb0ca1&product=inline-reaction-buttons' async='async'><\/script>\r\n\r\n<\/div><div readability=\"66\"><span class=\"category-name hidden\"><\/span><\/p><div class=\"corlu-icerik-2\" id=\"corlu-3493506068\"><!-- Admatic AUTO ads START -->\r\n<ins data-publisher=\"adm-pub-155556240050\" data-ad-network=\"659428a24d11b285b616c18d\"   class=\"adm-ads-area\"><\/ins>\r\n<script type=\"text\/javascript\" src=\"https:\/\/static.cdn.admatic.com.tr\/showad\/showad.min.js\"><\/script>\r\n<!-- Admatic AUTO ads END --><\/div>\n<p>  \/\u00c7ORLU (Tekirda\u011f), (Haber Merkezi)- TEK\u0130RDA\u011e&#8217;\u0131n \u00c7orlu il\u00e7esinde yolcu almak i\u00e7in dura\u011fa yana\u015fan otob\u00fcse arkadan \u00e7arpan motosikletteki 2 ki\u015finin yaraland\u0131\u011f\u0131 kazan\u0131n g\u00fcvenlik kameras\u0131 g\u00f6r\u00fcnt\u00fcleri ortaya \u00e7\u0131kt\u0131.<\/p>\n<p>Kaza, d\u00fcn saat 19.30 s\u0131ralar\u0131nda Kazimiye Mahallesi Omurtak Caddesi \u015eehitlik mevkisinde meydana geldi. Tekirda\u011f B\u00fcy\u00fck\u015fehir Belediyesi\u2019ne ait M.\u00c7. y\u00f6netimindeki 59 EB 386 plakal\u0131 otob\u00fcs, yolcu indirip bindirmek i\u00e7in durakta durdu. Bu s\u0131rada M.S.K. idaresindeki 59 AIB 859 plakal\u0131 motosiklet, otob\u00fcse arkadan \u00e7arpt\u0131. Kazada devrilip, otob\u00fcs\u00fcn alt\u0131na giren motosikletin s\u00fcr\u00fcc\u00fc M.S.K. ile arkas\u0131ndaki E.B. yaraland\u0131. Yaral\u0131lara ilk m\u00fcdahale yoldan ge\u00e7en bir doktor taraf\u0131ndan yap\u0131ld\u0131. \u0130hbar \u00fczerine kaza yerine polis ve sa\u011fl\u0131k ekipleri sevk edildi. <\/p>\n<p>&#8216;BEN\u0130 YANINA G\u00d6T\u00dcR\u00dcN&#8217;<\/p>\n<p>Motosiklet s\u00fcr\u00fcc\u00fcs\u00fc M.S.K., kazan\u0131n ard\u0131ndan ilk m\u00fcdahalesini yapan sa\u011fl\u0131k\u00e7\u0131lardan arkada\u015f\u0131na bakmas\u0131n\u0131 istedi. M.S.K., &#8220;Abi ben iyiyim de o \u00e7ocu\u011fa bak\u0131n. Beni direkt onun yan\u0131na g\u00f6t\u00fcr\u00fcr m\u00fcs\u00fcn abi. Abi ben iyiyim ne olursun beni onun g\u00f6t\u00fcr\u00fcr m\u00fcs\u00fcn&#8221; dedi. <\/p>\n<p>Yaral\u0131lar \u00c7orlu Devlet Hastanesi&#8217;ne kald\u0131r\u0131ld\u0131. Durumu a\u011f\u0131r olan E.B., Tekirda\u011f Dr. \u0130smail Fehmi Cumal\u0131o\u011flu \u015eehir Hastanesi&#8217;ne sevk edildi. E.B.&#8217;nin hayati tehlikesinin bulundu\u011fu \u00f6\u011frenildi.<\/p>\n<p>Hastanede tedavisi tamamlanan M.S.K., taburcu edildi. <\/p>\n<p>Bu arada, kazan\u0131n, bir i\u015f yerinin g\u00fcvenlik kameras\u0131na yans\u0131yan g\u00f6r\u00fcnt\u00fcleri ortaya \u00e7\u0131kt\u0131. <\/p>\n<p>Kazayla ilgili inceleme s\u00fcr\u00fcyor. (Haber Merkezi)<\/p>\n<\/div>\n<div class=\"corlu-icerikten-sonra_3\" id=\"corlu-4069242227\"><p><img loading=\"lazy\" decoding=\"async\" class=\"aligncenter\" src=\"https:\/\/www.corludahaber.com\/bahcesehir.jpg\" alt=\"\" width=\"624\" height=\"196\" \/><\/p>\n<table style=\"text-align: left; width: 100%;\" border=\"1\" cellspacing=\"2\" cellpadding=\"2\">\n<tbody>\n<tr>\n<td style=\"background-color: #050805;\"><span style=\"font-size: 12pt;\"><small><small><em><strong><big><span style=\"color: #ff0000;\">Haber ve resimlerin telif haklar\u0131ndan dolay\u0131 kullan\u0131m\u0131 yasakt\u0131r<span style=\"color: #000000;\">.<\/span><\/span><span style=\"color: #000000;\">\u00a0<\/span><span style=\"color: #ffffff;\">Yaz\u0131l\u0131 izni al\u0131nmadan hi\u00e7bir yaz\u0131l\u0131, g\u00f6rsel, i\u015fitsel i\u00e7erik kopyalanamaz, de\u011fi\u015ftirilemez, yay\u0131nlanamaz veya sat\u0131lamaz. Aksi halde<\/span>\u00a0<span style=\"color: #ff0000;\">5846<span style=\"color: #ffffff;\">\u00a0<\/span><\/span><span style=\"color: #ffffff;\">say\u0131l\u0131 Fikir ve Sanat Eserleri Kanunu\u2019na ve<\/span>\u00a0<span style=\"color: #800000;\"><span style=\"color: #ff0000;\">6102<\/span><span style=\"color: #ffffff;\">\u00a0<\/span><\/span><span style=\"color: #ffffff;\">say\u0131l\u0131 maddesine g\u00f6re<\/span>\u00a0<span style=\"color: #ff0000;\">gerekli i\u015flemler uygulanacakt\u0131r.<\/span><br \/>\n<span style=\"color: #ffffff;\">\u00a9 Copyright 2014<\/span><\/big><\/strong><\/em><\/small><\/small><\/span><\/td>\n<\/tr>\n<\/tbody>\n<\/table>\n<p><small><small>\u00a0<\/small><\/small><\/p>\n<\/div>","protected":false},"excerpt":{"rendered":"<p>\/\u00c7ORLU (Tekirda\u011f), (Haber Merkezi)- TEK\u0130RDA\u011e&#8217;\u0131n \u00c7orlu il\u00e7esinde yolcu almak i\u00e7in dura\u011fa yana\u015fan otob\u00fcse arkadan \u00e7arpan motosikletteki 2 ki\u015finin yaraland\u0131\u011f\u0131 kazan\u0131n g\u00fcvenlik kameras\u0131 g\u00f6r\u00fcnt\u00fcleri ortaya \u00e7\u0131kt\u0131. Kaza, d\u00fcn saat 19.30 s\u0131ralar\u0131nda Kazimiye Mahallesi Omurtak Caddesi \u015eehitlik mevkisinde meydana geldi. Tekirda\u011f B\u00fcy\u00fck\u015fehir Belediyesi\u2019ne ait M.\u00c7. y\u00f6netimindeki 59 EB 386 plakal\u0131 otob\u00fcs, yolcu indirip bindirmek i\u00e7in durakta durdu. &hellip;<\/p>\n","protected":false},"author":151,"featured_media":0,"comment_status":"open","ping_status":"closed","sticky":false,"template":"","format":"standard","meta":{"footnotes":""},"categories":[27],"tags":[8025,536,671,9376,15478,33478,8447,12257,1196,33483,670,14186,3661],"class_list":["post-119314","post","type-post","status-publish","format-standard","has-post-thumbnail","hentry","category-yasam","tag-asayis","tag-carptigi","tag-cikti","tag-corlu-kaza","tag-corlu-son-dakika-kaza","tag-duraktaki","tag-goruntuleri","tag-kazanin","tag-motosikletin","tag-motosikletin-duraktaki-otobuse-carptigi-kazanin-goruntuleri-ortaya-cikti","tag-ortaya","tag-otobuse","tag-son-dakika-kaza"],"yoast_head":"<!-- This site is optimized with the Yoast SEO Premium plugin v23.3 (Yoast SEO v23.3) - https:\/\/yoast.com\/wordpress\/plugins\/seo\/ -->\n<title>Motosikletin duraktaki otob\u00fcse \u00e7arpt\u0131\u011f\u0131 kazan\u0131n g\u00f6r\u00fcnt\u00fcleri ortaya \u00e7\u0131kt\u0131 | \u00c7orlu&#039;da Haber<\/title>\n<meta name=\"description\" content=\"Motosikletin duraktaki otob\u00fcse \u00e7arpt\u0131\u011f\u0131 kazan\u0131n g\u00f6r\u00fcnt\u00fcleri ortaya \u00e7\u0131kt\u0131 | \u00c7orlu&#039;da Haber\" \/>\n<meta name=\"robots\" content=\"index, follow, max-snippet:-1, max-image-preview:large, max-video-preview:-1\" \/>\n<link rel=\"canonical\" href=\"https:\/\/corludahaber.com\/h\/motosikletin-duraktaki-otobuse-carptigi-kazanin-goruntuleri-ortaya-cikti\/119314\" \/>\n<meta property=\"og:locale\" content=\"tr_TR\" \/>\n<meta property=\"og:type\" content=\"article\" \/>\n<meta property=\"og:title\" content=\"Motosikletin duraktaki otob\u00fcse \u00e7arpt\u0131\u011f\u0131 kazan\u0131n g\u00f6r\u00fcnt\u00fcleri ortaya \u00e7\u0131kt\u0131 | \u00c7orlu&#039;da Haber\" \/>\n<meta property=\"og:description\" content=\"Motosikletin duraktaki otob\u00fcse \u00e7arpt\u0131\u011f\u0131 kazan\u0131n g\u00f6r\u00fcnt\u00fcleri ortaya \u00e7\u0131kt\u0131 | \u00c7orlu&#039;da Haber\" \/>\n<meta property=\"og:url\" content=\"https:\/\/corludahaber.com\/h\/motosikletin-duraktaki-otobuse-carptigi-kazanin-goruntuleri-ortaya-cikti\/119314\" \/>\n<meta property=\"og:site_name\" content=\"\u00c7orlu&#039;da Haber\" \/>\n<meta property=\"article:publisher\" content=\"https:\/\/facebook.com\/habercorluda\" \/>\n<meta property=\"article:published_time\" content=\"2026-04-26T13:53:40+00:00\" \/>\n<meta name=\"author\" content=\"\u00c7orlu&#039;da Haber\" \/>\n<meta name=\"twitter:card\" content=\"summary_large_image\" \/>\n<meta name=\"twitter:creator\" content=\"@habercorluda\" \/>\n<meta name=\"twitter:site\" content=\"@habercorluda\" \/>\n<meta name=\"twitter:label1\" content=\"Yazan:\" \/>\n\t<meta name=\"twitter:data1\" content=\"\u00c7orlu&#039;da Haber\" \/>\n\t<meta name=\"twitter:label2\" content=\"Tahmini okuma s\u00fcresi\" \/>\n\t<meta name=\"twitter:data2\" content=\"1 dakika\" \/>\n<script type=\"application\/ld+json\" class=\"yoast-schema-graph\">{\"@context\":\"https:\/\/schema.org\",\"@graph\":[{\"@type\":\"Article\",\"@id\":\"https:\/\/corludahaber.com\/h\/motosikletin-duraktaki-otobuse-carptigi-kazanin-goruntuleri-ortaya-cikti\/119314#article\",\"isPartOf\":{\"@id\":\"https:\/\/corludahaber.com\/h\/motosikletin-duraktaki-otobuse-carptigi-kazanin-goruntuleri-ortaya-cikti\/119314\"},\"author\":{\"name\":\"\u00c7orlu'da Haber\",\"@id\":\"https:\/\/corludahaber.com\/h\/#\/schema\/person\/b523522be44b062db5d74a62589768cd\"},\"headline\":\"Motosikletin duraktaki otob\u00fcse \u00e7arpt\u0131\u011f\u0131 kazan\u0131n g\u00f6r\u00fcnt\u00fcleri ortaya \u00e7\u0131kt\u0131\",\"datePublished\":\"2026-04-26T13:53:40+00:00\",\"dateModified\":\"2026-04-26T13:53:40+00:00\",\"mainEntityOfPage\":{\"@id\":\"https:\/\/corludahaber.com\/h\/motosikletin-duraktaki-otobuse-carptigi-kazanin-goruntuleri-ortaya-cikti\/119314\"},\"wordCount\":290,\"commentCount\":0,\"publisher\":{\"@id\":\"https:\/\/corludahaber.com\/h\/#organization\"},\"keywords\":[\"asayi\u015f\",\"\u00c7arpt\u0131\u011f\u0131\",\"\u00e7\u0131kt\u0131\",\"\u00c7orlu kaza\",\"\u00c7orlu son dakika kaza\",\"duraktaki\",\"g\u00f6r\u00fcnt\u00fcleri\",\"kazan\u0131n\",\"motosikletin\",\"Motosikletin duraktaki otob\u00fcse \u00e7arpt\u0131\u011f\u0131 kazan\u0131n g\u00f6r\u00fcnt\u00fcleri ortaya \u00e7\u0131kt\u0131\",\"ortaya\",\"Otob\u00fcse\",\"son dakika kaza\"],\"articleSection\":[\"Ya\u015fam\"],\"inLanguage\":\"tr\",\"potentialAction\":[{\"@type\":\"CommentAction\",\"name\":\"Comment\",\"target\":[\"https:\/\/corludahaber.com\/h\/motosikletin-duraktaki-otobuse-carptigi-kazanin-goruntuleri-ortaya-cikti\/119314#respond\"]}]},{\"@type\":\"WebPage\",\"@id\":\"https:\/\/corludahaber.com\/h\/motosikletin-duraktaki-otobuse-carptigi-kazanin-goruntuleri-ortaya-cikti\/119314\",\"url\":\"https:\/\/corludahaber.com\/h\/motosikletin-duraktaki-otobuse-carptigi-kazanin-goruntuleri-ortaya-cikti\/119314\",\"name\":\"Motosikletin duraktaki otob\u00fcse \u00e7arpt\u0131\u011f\u0131 kazan\u0131n g\u00f6r\u00fcnt\u00fcleri ortaya \u00e7\u0131kt\u0131 | \u00c7orlu&#039;da Haber\",\"isPartOf\":{\"@id\":\"https:\/\/corludahaber.com\/h\/#website\"},\"datePublished\":\"2026-04-26T13:53:40+00:00\",\"dateModified\":\"2026-04-26T13:53:40+00:00\",\"description\":\"Motosikletin duraktaki otob\u00fcse \u00e7arpt\u0131\u011f\u0131 kazan\u0131n g\u00f6r\u00fcnt\u00fcleri ortaya \u00e7\u0131kt\u0131 | \u00c7orlu&#039;da Haber\",\"breadcrumb\":{\"@id\":\"https:\/\/corludahaber.com\/h\/motosikletin-duraktaki-otobuse-carptigi-kazanin-goruntuleri-ortaya-cikti\/119314#breadcrumb\"},\"inLanguage\":\"tr\",\"potentialAction\":[{\"@type\":\"ReadAction\",\"target\":[\"https:\/\/corludahaber.com\/h\/motosikletin-duraktaki-otobuse-carptigi-kazanin-goruntuleri-ortaya-cikti\/119314\"]}]},{\"@type\":\"BreadcrumbList\",\"@id\":\"https:\/\/corludahaber.com\/h\/motosikletin-duraktaki-otobuse-carptigi-kazanin-goruntuleri-ortaya-cikti\/119314#breadcrumb\",\"itemListElement\":[{\"@type\":\"ListItem\",\"position\":1,\"name\":\"Anasayfa\",\"item\":\"https:\/\/corludahaber.com\/h\/\"},{\"@type\":\"ListItem\",\"position\":2,\"name\":\"Ya\u015fam\",\"item\":\"https:\/\/corludahaber.com\/h\/kategori\/yasam\"},{\"@type\":\"ListItem\",\"position\":3,\"name\":\"Motosikletin duraktaki otob\u00fcse \u00e7arpt\u0131\u011f\u0131 kazan\u0131n g\u00f6r\u00fcnt\u00fcleri ortaya \u00e7\u0131kt\u0131\"}]},{\"@type\":\"WebSite\",\"@id\":\"https:\/\/corludahaber.com\/h\/#website\",\"url\":\"https:\/\/corludahaber.com\/h\/\",\"name\":\"\u00c7orlu'da Haber\",\"description\":\"Ger\u00e7ek Tarafs\u0131z Haber\",\"publisher\":{\"@id\":\"https:\/\/corludahaber.com\/h\/#organization\"},\"potentialAction\":[{\"@type\":\"SearchAction\",\"target\":{\"@type\":\"EntryPoint\",\"urlTemplate\":\"https:\/\/corludahaber.com\/h\/?s={search_term_string}\"},\"query-input\":\"required name=search_term_string\"}],\"inLanguage\":\"tr\"},{\"@type\":\"Organization\",\"@id\":\"https:\/\/corludahaber.com\/h\/#organization\",\"name\":\"\u00c7orlu'da Haber\",\"url\":\"https:\/\/corludahaber.com\/h\/\",\"logo\":{\"@type\":\"ImageObject\",\"inLanguage\":\"tr\",\"@id\":\"https:\/\/corludahaber.com\/h\/#\/schema\/logo\/image\/\",\"url\":\"https:\/\/corludahaber.com\/h\/wp-content\/uploads\/2021\/12\/logo__9__1_-removebg-preview.png\",\"contentUrl\":\"https:\/\/corludahaber.com\/h\/wp-content\/uploads\/2021\/12\/logo__9__1_-removebg-preview.png\",\"width\":500,\"height\":157,\"caption\":\"\u00c7orlu'da Haber\"},\"image\":{\"@id\":\"https:\/\/corludahaber.com\/h\/#\/schema\/logo\/image\/\"},\"sameAs\":[\"https:\/\/facebook.com\/habercorluda\",\"https:\/\/x.com\/habercorluda\",\"https:\/\/www.instagram.com\/corludahaber\",\"https:\/\/www.youtube.com\/user\/corludahaber\"]},{\"@type\":\"Person\",\"@id\":\"https:\/\/corludahaber.com\/h\/#\/schema\/person\/b523522be44b062db5d74a62589768cd\",\"name\":\"\u00c7orlu'da Haber\",\"image\":{\"@type\":\"ImageObject\",\"inLanguage\":\"tr\",\"@id\":\"https:\/\/corludahaber.com\/h\/#\/schema\/person\/image\/\",\"url\":\"https:\/\/secure.gravatar.com\/avatar\/1033e54e078c29fd7f053370086ff627ba414b05c2b231c418a481adecd764ce?s=96&d=blank&r=g\",\"contentUrl\":\"https:\/\/secure.gravatar.com\/avatar\/1033e54e078c29fd7f053370086ff627ba414b05c2b231c418a481adecd764ce?s=96&d=blank&r=g\",\"caption\":\"\u00c7orlu'da Haber\"},\"sameAs\":[\"https:\/\/corludahaber.com\/h\"],\"url\":\"https:\/\/corludahaber.com\/h\/author\/admin\"}]}<\/script>\n<!-- \/ Yoast SEO Premium plugin. -->","yoast_head_json":{"title":"Motosikletin duraktaki otob\u00fcse \u00e7arpt\u0131\u011f\u0131 kazan\u0131n g\u00f6r\u00fcnt\u00fcleri ortaya \u00e7\u0131kt\u0131 | \u00c7orlu&#039;da Haber","description":"Motosikletin duraktaki otob\u00fcse \u00e7arpt\u0131\u011f\u0131 kazan\u0131n g\u00f6r\u00fcnt\u00fcleri ortaya \u00e7\u0131kt\u0131 | \u00c7orlu&#039;da Haber","robots":{"index":"index","follow":"follow","max-snippet":"max-snippet:-1","max-image-preview":"max-image-preview:large","max-video-preview":"max-video-preview:-1"},"canonical":"https:\/\/corludahaber.com\/h\/motosikletin-duraktaki-otobuse-carptigi-kazanin-goruntuleri-ortaya-cikti\/119314","og_locale":"tr_TR","og_type":"article","og_title":"Motosikletin duraktaki otob\u00fcse \u00e7arpt\u0131\u011f\u0131 kazan\u0131n g\u00f6r\u00fcnt\u00fcleri ortaya \u00e7\u0131kt\u0131 | \u00c7orlu&#039;da Haber","og_description":"Motosikletin duraktaki otob\u00fcse \u00e7arpt\u0131\u011f\u0131 kazan\u0131n g\u00f6r\u00fcnt\u00fcleri ortaya \u00e7\u0131kt\u0131 | \u00c7orlu&#039;da Haber","og_url":"https:\/\/corludahaber.com\/h\/motosikletin-duraktaki-otobuse-carptigi-kazanin-goruntuleri-ortaya-cikti\/119314","og_site_name":"\u00c7orlu&#039;da Haber","article_publisher":"https:\/\/facebook.com\/habercorluda","article_published_time":"2026-04-26T13:53:40+00:00","author":"\u00c7orlu'da Haber","twitter_card":"summary_large_image","twitter_creator":"@habercorluda","twitter_site":"@habercorluda","twitter_misc":{"Yazan:":"\u00c7orlu'da Haber","Tahmini okuma s\u00fcresi":"1 dakika"},"schema":{"@context":"https:\/\/schema.org","@graph":[{"@type":"Article","@id":"https:\/\/corludahaber.com\/h\/motosikletin-duraktaki-otobuse-carptigi-kazanin-goruntuleri-ortaya-cikti\/119314#article","isPartOf":{"@id":"https:\/\/corludahaber.com\/h\/motosikletin-duraktaki-otobuse-carptigi-kazanin-goruntuleri-ortaya-cikti\/119314"},"author":{"name":"\u00c7orlu'da Haber","@id":"https:\/\/corludahaber.com\/h\/#\/schema\/person\/b523522be44b062db5d74a62589768cd"},"headline":"Motosikletin duraktaki otob\u00fcse \u00e7arpt\u0131\u011f\u0131 kazan\u0131n g\u00f6r\u00fcnt\u00fcleri ortaya \u00e7\u0131kt\u0131","datePublished":"2026-04-26T13:53:40+00:00","dateModified":"2026-04-26T13:53:40+00:00","mainEntityOfPage":{"@id":"https:\/\/corludahaber.com\/h\/motosikletin-duraktaki-otobuse-carptigi-kazanin-goruntuleri-ortaya-cikti\/119314"},"wordCount":290,"commentCount":0,"publisher":{"@id":"https:\/\/corludahaber.com\/h\/#organization"},"keywords":["asayi\u015f","\u00c7arpt\u0131\u011f\u0131","\u00e7\u0131kt\u0131","\u00c7orlu kaza","\u00c7orlu son dakika kaza","duraktaki","g\u00f6r\u00fcnt\u00fcleri","kazan\u0131n","motosikletin","Motosikletin duraktaki otob\u00fcse \u00e7arpt\u0131\u011f\u0131 kazan\u0131n g\u00f6r\u00fcnt\u00fcleri ortaya \u00e7\u0131kt\u0131","ortaya","Otob\u00fcse","son dakika kaza"],"articleSection":["Ya\u015fam"],"inLanguage":"tr","potentialAction":[{"@type":"CommentAction","name":"Comment","target":["https:\/\/corludahaber.com\/h\/motosikletin-duraktaki-otobuse-carptigi-kazanin-goruntuleri-ortaya-cikti\/119314#respond"]}]},{"@type":"WebPage","@id":"https:\/\/corludahaber.com\/h\/motosikletin-duraktaki-otobuse-carptigi-kazanin-goruntuleri-ortaya-cikti\/119314","url":"https:\/\/corludahaber.com\/h\/motosikletin-duraktaki-otobuse-carptigi-kazanin-goruntuleri-ortaya-cikti\/119314","name":"Motosikletin duraktaki otob\u00fcse \u00e7arpt\u0131\u011f\u0131 kazan\u0131n g\u00f6r\u00fcnt\u00fcleri ortaya \u00e7\u0131kt\u0131 | \u00c7orlu&#039;da Haber","isPartOf":{"@id":"https:\/\/corludahaber.com\/h\/#website"},"datePublished":"2026-04-26T13:53:40+00:00","dateModified":"2026-04-26T13:53:40+00:00","description":"Motosikletin duraktaki otob\u00fcse \u00e7arpt\u0131\u011f\u0131 kazan\u0131n g\u00f6r\u00fcnt\u00fcleri ortaya \u00e7\u0131kt\u0131 | \u00c7orlu&#039;da Haber","breadcrumb":{"@id":"https:\/\/corludahaber.com\/h\/motosikletin-duraktaki-otobuse-carptigi-kazanin-goruntuleri-ortaya-cikti\/119314#breadcrumb"},"inLanguage":"tr","potentialAction":[{"@type":"ReadAction","target":["https:\/\/corludahaber.com\/h\/motosikletin-duraktaki-otobuse-carptigi-kazanin-goruntuleri-ortaya-cikti\/119314"]}]},{"@type":"BreadcrumbList","@id":"https:\/\/corludahaber.com\/h\/motosikletin-duraktaki-otobuse-carptigi-kazanin-goruntuleri-ortaya-cikti\/119314#breadcrumb","itemListElement":[{"@type":"ListItem","position":1,"name":"Anasayfa","item":"https:\/\/corludahaber.com\/h\/"},{"@type":"ListItem","position":2,"name":"Ya\u015fam","item":"https:\/\/corludahaber.com\/h\/kategori\/yasam"},{"@type":"ListItem","position":3,"name":"Motosikletin duraktaki otob\u00fcse \u00e7arpt\u0131\u011f\u0131 kazan\u0131n g\u00f6r\u00fcnt\u00fcleri ortaya \u00e7\u0131kt\u0131"}]},{"@type":"WebSite","@id":"https:\/\/corludahaber.com\/h\/#website","url":"https:\/\/corludahaber.com\/h\/","name":"\u00c7orlu'da Haber","description":"Ger\u00e7ek Tarafs\u0131z Haber","publisher":{"@id":"https:\/\/corludahaber.com\/h\/#organization"},"potentialAction":[{"@type":"SearchAction","target":{"@type":"EntryPoint","urlTemplate":"https:\/\/corludahaber.com\/h\/?s={search_term_string}"},"query-input":"required name=search_term_string"}],"inLanguage":"tr"},{"@type":"Organization","@id":"https:\/\/corludahaber.com\/h\/#organization","name":"\u00c7orlu'da Haber","url":"https:\/\/corludahaber.com\/h\/","logo":{"@type":"ImageObject","inLanguage":"tr","@id":"https:\/\/corludahaber.com\/h\/#\/schema\/logo\/image\/","url":"https:\/\/corludahaber.com\/h\/wp-content\/uploads\/2021\/12\/logo__9__1_-removebg-preview.png","contentUrl":"https:\/\/corludahaber.com\/h\/wp-content\/uploads\/2021\/12\/logo__9__1_-removebg-preview.png","width":500,"height":157,"caption":"\u00c7orlu'da Haber"},"image":{"@id":"https:\/\/corludahaber.com\/h\/#\/schema\/logo\/image\/"},"sameAs":["https:\/\/facebook.com\/habercorluda","https:\/\/x.com\/habercorluda","https:\/\/www.instagram.com\/corludahaber","https:\/\/www.youtube.com\/user\/corludahaber"]},{"@type":"Person","@id":"https:\/\/corludahaber.com\/h\/#\/schema\/person\/b523522be44b062db5d74a62589768cd","name":"\u00c7orlu'da Haber","image":{"@type":"ImageObject","inLanguage":"tr","@id":"https:\/\/corludahaber.com\/h\/#\/schema\/person\/image\/","url":"https:\/\/secure.gravatar.com\/avatar\/1033e54e078c29fd7f053370086ff627ba414b05c2b231c418a481adecd764ce?s=96&d=blank&r=g","contentUrl":"https:\/\/secure.gravatar.com\/avatar\/1033e54e078c29fd7f053370086ff627ba414b05c2b231c418a481adecd764ce?s=96&d=blank&r=g","caption":"\u00c7orlu'da Haber"},"sameAs":["https:\/\/corludahaber.com\/h"],"url":"https:\/\/corludahaber.com\/h\/author\/admin"}]}},"_links":{"self":[{"href":"https:\/\/corludahaber.com\/h\/wp-json\/wp\/v2\/posts\/119314","targetHints":{"allow":["GET"]}}],"collection":[{"href":"https:\/\/corludahaber.com\/h\/wp-json\/wp\/v2\/posts"}],"about":[{"href":"https:\/\/corludahaber.com\/h\/wp-json\/wp\/v2\/types\/post"}],"author":[{"embeddable":true,"href":"https:\/\/corludahaber.com\/h\/wp-json\/wp\/v2\/users\/151"}],"replies":[{"embeddable":true,"href":"https:\/\/corludahaber.com\/h\/wp-json\/wp\/v2\/comments?post=119314"}],"version-history":[{"count":0,"href":"https:\/\/corludahaber.com\/h\/wp-json\/wp\/v2\/posts\/119314\/revisions"}],"wp:attachment":[{"href":"https:\/\/corludahaber.com\/h\/wp-json\/wp\/v2\/media?parent=119314"}],"wp:term":[{"taxonomy":"category","embeddable":true,"href":"https:\/\/corludahaber.com\/h\/wp-json\/wp\/v2\/categories?post=119314"},{"taxonomy":"post_tag","embeddable":true,"href":"https:\/\/corludahaber.com\/h\/wp-json\/wp\/v2\/tags?post=119314"}],"curies":[{"name":"wp","href":"https:\/\/api.w.org\/{rel}","templated":true}]}}