{"id":119310,"date":"2026-04-26T15:53:34","date_gmt":"2026-04-26T12:53:34","guid":{"rendered":"https:\/\/corludahaber.com\/h\/kafeteryanin-3uncu-katinda-otururken-dengesini-kaybedip-alt-katin-terasina-dustu\/119310"},"modified":"2026-04-26T18:30:40","modified_gmt":"2026-04-26T15:30:40","slug":"kafeteryanin-3uncu-katinda-otururken-dengesini-kaybedip-alt-katin-terasina-dustu","status":"publish","type":"post","link":"https:\/\/corludahaber.com\/h\/kafeteryanin-3uncu-katinda-otururken-dengesini-kaybedip-alt-katin-terasina-dustu\/119310","title":{"rendered":"Kafeteryan\u0131n 3\u2019\u00fcnc\u00fc Kat\u0131nda Otururken Alt Kat\u0131n Teras\u0131na D\u00fc\u015ft\u00fc"},"content":{"rendered":"<div class=\"corlu-icerikten-once_3\" id=\"corlu-993082781\"><script type='text\/javascript' src='https:\/\/platform-api.sharethis.com\/js\/sharethis.js#property=5ce8cf08af7d000012cb0ca1&product=inline-reaction-buttons' async='async'><\/script>\r\n\r\n<\/div><div>\n<p>\u00a0\u00c7orlu\u2019da kafeteryan\u0131n 3\u2019\u00fcnc\u00fc kat\u0131nda sandalyede otururken dengesini kaybedip, a\u00e7\u0131k b\u0131rak\u0131lan camdan 2\u2019nci kat terasa d\u00fc\u015fen S.D. (25) adl\u0131 kad\u0131n, yaraland\u0131.<\/p><div class=\"corlu-icerik-2\" id=\"corlu-75531444\"><!-- Admatic AUTO ads START -->\r\n<ins data-publisher=\"adm-pub-155556240050\" data-ad-network=\"659428a24d11b285b616c18d\"   class=\"adm-ads-area\"><\/ins>\r\n<script type=\"text\/javascript\" src=\"https:\/\/static.cdn.admatic.com.tr\/showad\/showad.min.js\"><\/script>\r\n<!-- Admatic AUTO ads END --><\/div>\n<p>Olay, d\u00fcn ak\u015fam saatlerinde Kaz\u0131miye Mahallesi, Omurtak Caddesi\u2019ndeki bir kafeteryada meydana geldi. Arkada\u015flar\u0131yla birlikte kafeteryan\u0131n 3\u2019\u00fcnc\u00fc kat\u0131nda pencere kenar\u0131ndaki masada sohbet eden S.D. adl\u0131 kad\u0131n, sandalyede dengesini kaybedip, a\u00e7\u0131k olan camdan ikinci kat\u0131n teras\u0131na d\u00fc\u015ft\u00fc.<\/p>\n<p>\u0130hbar \u00fczerine adrese sa\u011fl\u0131k, polis ve itfaiye ekipleri sevk edildi. Yaral\u0131 S.D., sa\u011fl\u0131k ekibinin ilk m\u00fcdahalesi sonras\u0131 itfaiyenin yard\u0131m\u0131yla bulundu\u011fu yerden indirilerek \u00c7orlu Devlet Hastanesi\u2019ne kald\u0131r\u0131ld\u0131.<\/p>\n<p>Tedaviye al\u0131nan S.D.\u2019nin sa\u011fl\u0131k durumunun iyi oldu\u011fu bildirildi.<\/p>\n<p>\u0130\u015fletmede inceleme yapan polis ekipleri, camlar\u0131n a\u00e7\u0131k halde b\u0131rak\u0131ld\u0131\u011f\u0131n\u0131 ve hi\u00e7bir \u00f6nlem al\u0131nmad\u0131\u011f\u0131n\u0131 belirledi.<\/p>\n<p>Olayla ilgili soru\u015fturma s\u00fcr\u00fcyor.<\/p>\n<\/div>\n<div class=\"corlu-icerikten-sonra_3\" id=\"corlu-3173097757\"><p><img loading=\"lazy\" decoding=\"async\" class=\"aligncenter\" src=\"https:\/\/www.corludahaber.com\/bahcesehir.jpg\" alt=\"\" width=\"624\" height=\"196\" \/><\/p>\n<table style=\"text-align: left; width: 100%;\" border=\"1\" cellspacing=\"2\" cellpadding=\"2\">\n<tbody>\n<tr>\n<td style=\"background-color: #050805;\"><span style=\"font-size: 12pt;\"><small><small><em><strong><big><span style=\"color: #ff0000;\">Haber ve resimlerin telif haklar\u0131ndan dolay\u0131 kullan\u0131m\u0131 yasakt\u0131r<span style=\"color: #000000;\">.<\/span><\/span><span style=\"color: #000000;\">\u00a0<\/span><span style=\"color: #ffffff;\">Yaz\u0131l\u0131 izni al\u0131nmadan hi\u00e7bir yaz\u0131l\u0131, g\u00f6rsel, i\u015fitsel i\u00e7erik kopyalanamaz, de\u011fi\u015ftirilemez, yay\u0131nlanamaz veya sat\u0131lamaz. Aksi halde<\/span>\u00a0<span style=\"color: #ff0000;\">5846<span style=\"color: #ffffff;\">\u00a0<\/span><\/span><span style=\"color: #ffffff;\">say\u0131l\u0131 Fikir ve Sanat Eserleri Kanunu\u2019na ve<\/span>\u00a0<span style=\"color: #800000;\"><span style=\"color: #ff0000;\">6102<\/span><span style=\"color: #ffffff;\">\u00a0<\/span><\/span><span style=\"color: #ffffff;\">say\u0131l\u0131 maddesine g\u00f6re<\/span>\u00a0<span style=\"color: #ff0000;\">gerekli i\u015flemler uygulanacakt\u0131r.<\/span><br \/>\n<span style=\"color: #ffffff;\">\u00a9 Copyright 2014<\/span><\/big><\/strong><\/em><\/small><\/small><\/span><\/td>\n<\/tr>\n<\/tbody>\n<\/table>\n<p><small><small>\u00a0<\/small><\/small><\/p>\n<\/div>","protected":false},"excerpt":{"rendered":"<p>\u00a0\u00c7orlu\u2019da kafeteryan\u0131n 3\u2019\u00fcnc\u00fc kat\u0131nda sandalyede otururken dengesini kaybedip, a\u00e7\u0131k b\u0131rak\u0131lan camdan 2\u2019nci kat terasa d\u00fc\u015fen S.D. (25) adl\u0131 kad\u0131n, yaraland\u0131. Olay, d\u00fcn ak\u015fam saatlerinde Kaz\u0131miye Mahallesi, Omurtak Caddesi\u2019ndeki bir kafeteryada meydana geldi. Arkada\u015flar\u0131yla birlikte kafeteryan\u0131n 3\u2019\u00fcnc\u00fc kat\u0131nda pencere kenar\u0131ndaki masada sohbet eden S.D. adl\u0131 kad\u0131n, sandalyede dengesini kaybedip, a\u00e7\u0131k olan camdan ikinci kat\u0131n teras\u0131na d\u00fc\u015ft\u00fc. &hellip;<\/p>\n","protected":false},"author":151,"featured_media":119311,"comment_status":"open","ping_status":"closed","sticky":false,"template":"","format":"standard","meta":{"footnotes":""},"categories":[26],"tags":[33485,8025,9376,15478,10487,577,33480,33486,33484,26578,16164,10488,16473,3661,33481,2263],"class_list":["post-119310","post","type-post","status-publish","format-standard","has-post-thumbnail","hentry","category-asayis","tag-alt-katin-terasina-dustu","tag-asayis","tag-corlu-kaza","tag-corlu-son-dakika-kaza","tag-dengesini","tag-dustu","tag-kafeteryanin","tag-kafeteryanin-3uncu-katinda-otururken-alt-katin-terasina-dustu","tag-kafeteryanin-3uncu-katinda-otururken-dengesini-kaybedip","tag-katin","tag-katinda","tag-kaybedip","tag-otururken","tag-son-dakika-kaza","tag-terasina","tag-uncu"],"yoast_head":"<!-- This site is optimized with the Yoast SEO Premium plugin v23.3 (Yoast SEO v23.3) - https:\/\/yoast.com\/wordpress\/plugins\/seo\/ -->\n<title>Kafeteryan\u0131n 3\u2019\u00fcnc\u00fc Kat\u0131nda Otururken Alt Kat\u0131n Teras\u0131na D\u00fc\u015ft\u00fc | \u00c7orlu&#039;da Haber<\/title>\n<meta name=\"description\" content=\"Kafeteryan\u0131n 3\u2019\u00fcnc\u00fc Kat\u0131nda Otururken Alt Kat\u0131n Teras\u0131na D\u00fc\u015ft\u00fc | Asayi\u015f \u00c7orlu&#039;da Haber\" \/>\n<meta name=\"robots\" content=\"index, follow, max-snippet:-1, max-image-preview:large, max-video-preview:-1\" \/>\n<link rel=\"canonical\" href=\"https:\/\/corludahaber.com\/h\/kafeteryanin-3uncu-katinda-otururken-dengesini-kaybedip-alt-katin-terasina-dustu\/119310\" \/>\n<meta property=\"og:locale\" content=\"tr_TR\" \/>\n<meta property=\"og:type\" content=\"article\" \/>\n<meta property=\"og:title\" content=\"Kafeteryan\u0131n 3\u2019\u00fcnc\u00fc Kat\u0131nda Otururken Alt Kat\u0131n Teras\u0131na D\u00fc\u015ft\u00fc | \u00c7orlu&#039;da Haber\" \/>\n<meta property=\"og:description\" content=\"Kafeteryan\u0131n 3\u2019\u00fcnc\u00fc Kat\u0131nda Otururken Alt Kat\u0131n Teras\u0131na D\u00fc\u015ft\u00fc | Asayi\u015f \u00c7orlu&#039;da Haber\" \/>\n<meta property=\"og:url\" content=\"https:\/\/corludahaber.com\/h\/kafeteryanin-3uncu-katinda-otururken-dengesini-kaybedip-alt-katin-terasina-dustu\/119310\" \/>\n<meta property=\"og:site_name\" content=\"\u00c7orlu&#039;da Haber\" \/>\n<meta property=\"article:publisher\" content=\"https:\/\/facebook.com\/habercorluda\" \/>\n<meta property=\"article:published_time\" content=\"2026-04-26T12:53:34+00:00\" \/>\n<meta property=\"article:modified_time\" content=\"2026-04-26T15:30:40+00:00\" \/>\n<meta property=\"og:image\" content=\"http:\/\/corludahaber.com\/h\/wp-content\/uploads\/2026\/04\/kafeteryanin-3uncu-katinda-otururken-dengesini-kaybedip-alt-katin-terasina-dustu_69ee0ad233c8d.jpeg\" \/>\n\t<meta property=\"og:image:width\" content=\"1974\" \/>\n\t<meta property=\"og:image:height\" content=\"1152\" \/>\n\t<meta property=\"og:image:type\" content=\"image\/jpeg\" \/>\n<meta name=\"author\" content=\"\u00c7orlu&#039;da Haber\" \/>\n<meta name=\"twitter:card\" content=\"summary_large_image\" \/>\n<meta name=\"twitter:creator\" content=\"@habercorluda\" \/>\n<meta name=\"twitter:site\" content=\"@habercorluda\" \/>\n<meta name=\"twitter:label1\" content=\"Yazan:\" \/>\n\t<meta name=\"twitter:data1\" content=\"\u00c7orlu&#039;da Haber\" \/>\n\t<meta name=\"twitter:label2\" content=\"Tahmini okuma s\u00fcresi\" \/>\n\t<meta name=\"twitter:data2\" content=\"1 dakika\" \/>\n<script type=\"application\/ld+json\" class=\"yoast-schema-graph\">{\"@context\":\"https:\/\/schema.org\",\"@graph\":[{\"@type\":\"Article\",\"@id\":\"https:\/\/corludahaber.com\/h\/kafeteryanin-3uncu-katinda-otururken-dengesini-kaybedip-alt-katin-terasina-dustu\/119310#article\",\"isPartOf\":{\"@id\":\"https:\/\/corludahaber.com\/h\/kafeteryanin-3uncu-katinda-otururken-dengesini-kaybedip-alt-katin-terasina-dustu\/119310\"},\"author\":{\"name\":\"\u00c7orlu'da Haber\",\"@id\":\"https:\/\/corludahaber.com\/h\/#\/schema\/person\/b523522be44b062db5d74a62589768cd\"},\"headline\":\"Kafeteryan\u0131n 3\u2019\u00fcnc\u00fc Kat\u0131nda Otururken Alt Kat\u0131n Teras\u0131na D\u00fc\u015ft\u00fc\",\"datePublished\":\"2026-04-26T12:53:34+00:00\",\"dateModified\":\"2026-04-26T15:30:40+00:00\",\"mainEntityOfPage\":{\"@id\":\"https:\/\/corludahaber.com\/h\/kafeteryanin-3uncu-katinda-otururken-dengesini-kaybedip-alt-katin-terasina-dustu\/119310\"},\"wordCount\":172,\"commentCount\":0,\"publisher\":{\"@id\":\"https:\/\/corludahaber.com\/h\/#organization\"},\"image\":{\"@id\":\"https:\/\/corludahaber.com\/h\/kafeteryanin-3uncu-katinda-otururken-dengesini-kaybedip-alt-katin-terasina-dustu\/119310#primaryimage\"},\"thumbnailUrl\":\"https:\/\/corludahaber.com\/h\/wp-content\/uploads\/2026\/04\/kafeteryanin-3uncu-katinda-otururken-dengesini-kaybedip-alt-katin-terasina-dustu_69ee0ad233c8d.jpeg\",\"keywords\":[\"alt kat\u0131n teras\u0131na d\u00fc\u015ft\u00fc\",\"asayi\u015f\",\"\u00c7orlu kaza\",\"\u00c7orlu son dakika kaza\",\"Dengesini\",\"D\u00fc\u015ft\u00fc\",\"Kafeteryan\u0131n\",\"Kafeteryan\u0131n 3\u2019\u00fcnc\u00fc Kat\u0131nda Otururken Alt Kat\u0131n Teras\u0131na D\u00fc\u015ft\u00fc\",\"Kafeteryan\u0131n 3\u2019\u00fcnc\u00fc kat\u0131nda otururken dengesini kaybedip\",\"kat\u0131n\",\"kat\u0131nda\",\"kaybedip\",\"otururken\",\"son dakika kaza\",\"teras\u0131na\",\"\u00fcnc\u00fc\"],\"articleSection\":[\"Asayi\u015f\"],\"inLanguage\":\"tr\",\"potentialAction\":[{\"@type\":\"CommentAction\",\"name\":\"Comment\",\"target\":[\"https:\/\/corludahaber.com\/h\/kafeteryanin-3uncu-katinda-otururken-dengesini-kaybedip-alt-katin-terasina-dustu\/119310#respond\"]}]},{\"@type\":\"WebPage\",\"@id\":\"https:\/\/corludahaber.com\/h\/kafeteryanin-3uncu-katinda-otururken-dengesini-kaybedip-alt-katin-terasina-dustu\/119310\",\"url\":\"https:\/\/corludahaber.com\/h\/kafeteryanin-3uncu-katinda-otururken-dengesini-kaybedip-alt-katin-terasina-dustu\/119310\",\"name\":\"Kafeteryan\u0131n 3\u2019\u00fcnc\u00fc Kat\u0131nda Otururken Alt Kat\u0131n Teras\u0131na D\u00fc\u015ft\u00fc | \u00c7orlu&#039;da Haber\",\"isPartOf\":{\"@id\":\"https:\/\/corludahaber.com\/h\/#website\"},\"primaryImageOfPage\":{\"@id\":\"https:\/\/corludahaber.com\/h\/kafeteryanin-3uncu-katinda-otururken-dengesini-kaybedip-alt-katin-terasina-dustu\/119310#primaryimage\"},\"image\":{\"@id\":\"https:\/\/corludahaber.com\/h\/kafeteryanin-3uncu-katinda-otururken-dengesini-kaybedip-alt-katin-terasina-dustu\/119310#primaryimage\"},\"thumbnailUrl\":\"https:\/\/corludahaber.com\/h\/wp-content\/uploads\/2026\/04\/kafeteryanin-3uncu-katinda-otururken-dengesini-kaybedip-alt-katin-terasina-dustu_69ee0ad233c8d.jpeg\",\"datePublished\":\"2026-04-26T12:53:34+00:00\",\"dateModified\":\"2026-04-26T15:30:40+00:00\",\"description\":\"Kafeteryan\u0131n 3\u2019\u00fcnc\u00fc Kat\u0131nda Otururken Alt Kat\u0131n Teras\u0131na D\u00fc\u015ft\u00fc | Asayi\u015f \u00c7orlu&#039;da Haber\",\"breadcrumb\":{\"@id\":\"https:\/\/corludahaber.com\/h\/kafeteryanin-3uncu-katinda-otururken-dengesini-kaybedip-alt-katin-terasina-dustu\/119310#breadcrumb\"},\"inLanguage\":\"tr\",\"potentialAction\":[{\"@type\":\"ReadAction\",\"target\":[\"https:\/\/corludahaber.com\/h\/kafeteryanin-3uncu-katinda-otururken-dengesini-kaybedip-alt-katin-terasina-dustu\/119310\"]}]},{\"@type\":\"ImageObject\",\"inLanguage\":\"tr\",\"@id\":\"https:\/\/corludahaber.com\/h\/kafeteryanin-3uncu-katinda-otururken-dengesini-kaybedip-alt-katin-terasina-dustu\/119310#primaryimage\",\"url\":\"https:\/\/corludahaber.com\/h\/wp-content\/uploads\/2026\/04\/kafeteryanin-3uncu-katinda-otururken-dengesini-kaybedip-alt-katin-terasina-dustu_69ee0ad233c8d.jpeg\",\"contentUrl\":\"https:\/\/corludahaber.com\/h\/wp-content\/uploads\/2026\/04\/kafeteryanin-3uncu-katinda-otururken-dengesini-kaybedip-alt-katin-terasina-dustu_69ee0ad233c8d.jpeg\",\"width\":1974,\"height\":1152},{\"@type\":\"BreadcrumbList\",\"@id\":\"https:\/\/corludahaber.com\/h\/kafeteryanin-3uncu-katinda-otururken-dengesini-kaybedip-alt-katin-terasina-dustu\/119310#breadcrumb\",\"itemListElement\":[{\"@type\":\"ListItem\",\"position\":1,\"name\":\"Anasayfa\",\"item\":\"https:\/\/corludahaber.com\/h\/\"},{\"@type\":\"ListItem\",\"position\":2,\"name\":\"Asayi\u015f\",\"item\":\"https:\/\/corludahaber.com\/h\/kategori\/asayis\"},{\"@type\":\"ListItem\",\"position\":3,\"name\":\"Kafeteryan\u0131n 3\u2019\u00fcnc\u00fc Kat\u0131nda Otururken Alt Kat\u0131n Teras\u0131na D\u00fc\u015ft\u00fc\"}]},{\"@type\":\"WebSite\",\"@id\":\"https:\/\/corludahaber.com\/h\/#website\",\"url\":\"https:\/\/corludahaber.com\/h\/\",\"name\":\"\u00c7orlu'da Haber\",\"description\":\"Ger\u00e7ek Tarafs\u0131z Haber\",\"publisher\":{\"@id\":\"https:\/\/corludahaber.com\/h\/#organization\"},\"potentialAction\":[{\"@type\":\"SearchAction\",\"target\":{\"@type\":\"EntryPoint\",\"urlTemplate\":\"https:\/\/corludahaber.com\/h\/?s={search_term_string}\"},\"query-input\":\"required name=search_term_string\"}],\"inLanguage\":\"tr\"},{\"@type\":\"Organization\",\"@id\":\"https:\/\/corludahaber.com\/h\/#organization\",\"name\":\"\u00c7orlu'da Haber\",\"url\":\"https:\/\/corludahaber.com\/h\/\",\"logo\":{\"@type\":\"ImageObject\",\"inLanguage\":\"tr\",\"@id\":\"https:\/\/corludahaber.com\/h\/#\/schema\/logo\/image\/\",\"url\":\"https:\/\/corludahaber.com\/h\/wp-content\/uploads\/2021\/12\/logo__9__1_-removebg-preview.png\",\"contentUrl\":\"https:\/\/corludahaber.com\/h\/wp-content\/uploads\/2021\/12\/logo__9__1_-removebg-preview.png\",\"width\":500,\"height\":157,\"caption\":\"\u00c7orlu'da Haber\"},\"image\":{\"@id\":\"https:\/\/corludahaber.com\/h\/#\/schema\/logo\/image\/\"},\"sameAs\":[\"https:\/\/facebook.com\/habercorluda\",\"https:\/\/x.com\/habercorluda\",\"https:\/\/www.instagram.com\/corludahaber\",\"https:\/\/www.youtube.com\/user\/corludahaber\"]},{\"@type\":\"Person\",\"@id\":\"https:\/\/corludahaber.com\/h\/#\/schema\/person\/b523522be44b062db5d74a62589768cd\",\"name\":\"\u00c7orlu'da Haber\",\"image\":{\"@type\":\"ImageObject\",\"inLanguage\":\"tr\",\"@id\":\"https:\/\/corludahaber.com\/h\/#\/schema\/person\/image\/\",\"url\":\"https:\/\/secure.gravatar.com\/avatar\/1033e54e078c29fd7f053370086ff627ba414b05c2b231c418a481adecd764ce?s=96&d=blank&r=g\",\"contentUrl\":\"https:\/\/secure.gravatar.com\/avatar\/1033e54e078c29fd7f053370086ff627ba414b05c2b231c418a481adecd764ce?s=96&d=blank&r=g\",\"caption\":\"\u00c7orlu'da Haber\"},\"sameAs\":[\"https:\/\/corludahaber.com\/h\"],\"url\":\"https:\/\/corludahaber.com\/h\/author\/admin\"}]}<\/script>\n<!-- \/ Yoast SEO Premium plugin. -->","yoast_head_json":{"title":"Kafeteryan\u0131n 3\u2019\u00fcnc\u00fc Kat\u0131nda Otururken Alt Kat\u0131n Teras\u0131na D\u00fc\u015ft\u00fc | \u00c7orlu&#039;da Haber","description":"Kafeteryan\u0131n 3\u2019\u00fcnc\u00fc Kat\u0131nda Otururken Alt Kat\u0131n Teras\u0131na D\u00fc\u015ft\u00fc | Asayi\u015f \u00c7orlu&#039;da Haber","robots":{"index":"index","follow":"follow","max-snippet":"max-snippet:-1","max-image-preview":"max-image-preview:large","max-video-preview":"max-video-preview:-1"},"canonical":"https:\/\/corludahaber.com\/h\/kafeteryanin-3uncu-katinda-otururken-dengesini-kaybedip-alt-katin-terasina-dustu\/119310","og_locale":"tr_TR","og_type":"article","og_title":"Kafeteryan\u0131n 3\u2019\u00fcnc\u00fc Kat\u0131nda Otururken Alt Kat\u0131n Teras\u0131na D\u00fc\u015ft\u00fc | \u00c7orlu&#039;da Haber","og_description":"Kafeteryan\u0131n 3\u2019\u00fcnc\u00fc Kat\u0131nda Otururken Alt Kat\u0131n Teras\u0131na D\u00fc\u015ft\u00fc | Asayi\u015f \u00c7orlu&#039;da Haber","og_url":"https:\/\/corludahaber.com\/h\/kafeteryanin-3uncu-katinda-otururken-dengesini-kaybedip-alt-katin-terasina-dustu\/119310","og_site_name":"\u00c7orlu&#039;da Haber","article_publisher":"https:\/\/facebook.com\/habercorluda","article_published_time":"2026-04-26T12:53:34+00:00","article_modified_time":"2026-04-26T15:30:40+00:00","og_image":[{"width":1974,"height":1152,"url":"http:\/\/corludahaber.com\/h\/wp-content\/uploads\/2026\/04\/kafeteryanin-3uncu-katinda-otururken-dengesini-kaybedip-alt-katin-terasina-dustu_69ee0ad233c8d.jpeg","type":"image\/jpeg"}],"author":"\u00c7orlu'da Haber","twitter_card":"summary_large_image","twitter_creator":"@habercorluda","twitter_site":"@habercorluda","twitter_misc":{"Yazan:":"\u00c7orlu'da Haber","Tahmini okuma s\u00fcresi":"1 dakika"},"schema":{"@context":"https:\/\/schema.org","@graph":[{"@type":"Article","@id":"https:\/\/corludahaber.com\/h\/kafeteryanin-3uncu-katinda-otururken-dengesini-kaybedip-alt-katin-terasina-dustu\/119310#article","isPartOf":{"@id":"https:\/\/corludahaber.com\/h\/kafeteryanin-3uncu-katinda-otururken-dengesini-kaybedip-alt-katin-terasina-dustu\/119310"},"author":{"name":"\u00c7orlu'da Haber","@id":"https:\/\/corludahaber.com\/h\/#\/schema\/person\/b523522be44b062db5d74a62589768cd"},"headline":"Kafeteryan\u0131n 3\u2019\u00fcnc\u00fc Kat\u0131nda Otururken Alt Kat\u0131n Teras\u0131na D\u00fc\u015ft\u00fc","datePublished":"2026-04-26T12:53:34+00:00","dateModified":"2026-04-26T15:30:40+00:00","mainEntityOfPage":{"@id":"https:\/\/corludahaber.com\/h\/kafeteryanin-3uncu-katinda-otururken-dengesini-kaybedip-alt-katin-terasina-dustu\/119310"},"wordCount":172,"commentCount":0,"publisher":{"@id":"https:\/\/corludahaber.com\/h\/#organization"},"image":{"@id":"https:\/\/corludahaber.com\/h\/kafeteryanin-3uncu-katinda-otururken-dengesini-kaybedip-alt-katin-terasina-dustu\/119310#primaryimage"},"thumbnailUrl":"https:\/\/corludahaber.com\/h\/wp-content\/uploads\/2026\/04\/kafeteryanin-3uncu-katinda-otururken-dengesini-kaybedip-alt-katin-terasina-dustu_69ee0ad233c8d.jpeg","keywords":["alt kat\u0131n teras\u0131na d\u00fc\u015ft\u00fc","asayi\u015f","\u00c7orlu kaza","\u00c7orlu son dakika kaza","Dengesini","D\u00fc\u015ft\u00fc","Kafeteryan\u0131n","Kafeteryan\u0131n 3\u2019\u00fcnc\u00fc Kat\u0131nda Otururken Alt Kat\u0131n Teras\u0131na D\u00fc\u015ft\u00fc","Kafeteryan\u0131n 3\u2019\u00fcnc\u00fc kat\u0131nda otururken dengesini kaybedip","kat\u0131n","kat\u0131nda","kaybedip","otururken","son dakika kaza","teras\u0131na","\u00fcnc\u00fc"],"articleSection":["Asayi\u015f"],"inLanguage":"tr","potentialAction":[{"@type":"CommentAction","name":"Comment","target":["https:\/\/corludahaber.com\/h\/kafeteryanin-3uncu-katinda-otururken-dengesini-kaybedip-alt-katin-terasina-dustu\/119310#respond"]}]},{"@type":"WebPage","@id":"https:\/\/corludahaber.com\/h\/kafeteryanin-3uncu-katinda-otururken-dengesini-kaybedip-alt-katin-terasina-dustu\/119310","url":"https:\/\/corludahaber.com\/h\/kafeteryanin-3uncu-katinda-otururken-dengesini-kaybedip-alt-katin-terasina-dustu\/119310","name":"Kafeteryan\u0131n 3\u2019\u00fcnc\u00fc Kat\u0131nda Otururken Alt Kat\u0131n Teras\u0131na D\u00fc\u015ft\u00fc | \u00c7orlu&#039;da Haber","isPartOf":{"@id":"https:\/\/corludahaber.com\/h\/#website"},"primaryImageOfPage":{"@id":"https:\/\/corludahaber.com\/h\/kafeteryanin-3uncu-katinda-otururken-dengesini-kaybedip-alt-katin-terasina-dustu\/119310#primaryimage"},"image":{"@id":"https:\/\/corludahaber.com\/h\/kafeteryanin-3uncu-katinda-otururken-dengesini-kaybedip-alt-katin-terasina-dustu\/119310#primaryimage"},"thumbnailUrl":"https:\/\/corludahaber.com\/h\/wp-content\/uploads\/2026\/04\/kafeteryanin-3uncu-katinda-otururken-dengesini-kaybedip-alt-katin-terasina-dustu_69ee0ad233c8d.jpeg","datePublished":"2026-04-26T12:53:34+00:00","dateModified":"2026-04-26T15:30:40+00:00","description":"Kafeteryan\u0131n 3\u2019\u00fcnc\u00fc Kat\u0131nda Otururken Alt Kat\u0131n Teras\u0131na D\u00fc\u015ft\u00fc | Asayi\u015f \u00c7orlu&#039;da Haber","breadcrumb":{"@id":"https:\/\/corludahaber.com\/h\/kafeteryanin-3uncu-katinda-otururken-dengesini-kaybedip-alt-katin-terasina-dustu\/119310#breadcrumb"},"inLanguage":"tr","potentialAction":[{"@type":"ReadAction","target":["https:\/\/corludahaber.com\/h\/kafeteryanin-3uncu-katinda-otururken-dengesini-kaybedip-alt-katin-terasina-dustu\/119310"]}]},{"@type":"ImageObject","inLanguage":"tr","@id":"https:\/\/corludahaber.com\/h\/kafeteryanin-3uncu-katinda-otururken-dengesini-kaybedip-alt-katin-terasina-dustu\/119310#primaryimage","url":"https:\/\/corludahaber.com\/h\/wp-content\/uploads\/2026\/04\/kafeteryanin-3uncu-katinda-otururken-dengesini-kaybedip-alt-katin-terasina-dustu_69ee0ad233c8d.jpeg","contentUrl":"https:\/\/corludahaber.com\/h\/wp-content\/uploads\/2026\/04\/kafeteryanin-3uncu-katinda-otururken-dengesini-kaybedip-alt-katin-terasina-dustu_69ee0ad233c8d.jpeg","width":1974,"height":1152},{"@type":"BreadcrumbList","@id":"https:\/\/corludahaber.com\/h\/kafeteryanin-3uncu-katinda-otururken-dengesini-kaybedip-alt-katin-terasina-dustu\/119310#breadcrumb","itemListElement":[{"@type":"ListItem","position":1,"name":"Anasayfa","item":"https:\/\/corludahaber.com\/h\/"},{"@type":"ListItem","position":2,"name":"Asayi\u015f","item":"https:\/\/corludahaber.com\/h\/kategori\/asayis"},{"@type":"ListItem","position":3,"name":"Kafeteryan\u0131n 3\u2019\u00fcnc\u00fc Kat\u0131nda Otururken Alt Kat\u0131n Teras\u0131na D\u00fc\u015ft\u00fc"}]},{"@type":"WebSite","@id":"https:\/\/corludahaber.com\/h\/#website","url":"https:\/\/corludahaber.com\/h\/","name":"\u00c7orlu'da Haber","description":"Ger\u00e7ek Tarafs\u0131z Haber","publisher":{"@id":"https:\/\/corludahaber.com\/h\/#organization"},"potentialAction":[{"@type":"SearchAction","target":{"@type":"EntryPoint","urlTemplate":"https:\/\/corludahaber.com\/h\/?s={search_term_string}"},"query-input":"required name=search_term_string"}],"inLanguage":"tr"},{"@type":"Organization","@id":"https:\/\/corludahaber.com\/h\/#organization","name":"\u00c7orlu'da Haber","url":"https:\/\/corludahaber.com\/h\/","logo":{"@type":"ImageObject","inLanguage":"tr","@id":"https:\/\/corludahaber.com\/h\/#\/schema\/logo\/image\/","url":"https:\/\/corludahaber.com\/h\/wp-content\/uploads\/2021\/12\/logo__9__1_-removebg-preview.png","contentUrl":"https:\/\/corludahaber.com\/h\/wp-content\/uploads\/2021\/12\/logo__9__1_-removebg-preview.png","width":500,"height":157,"caption":"\u00c7orlu'da Haber"},"image":{"@id":"https:\/\/corludahaber.com\/h\/#\/schema\/logo\/image\/"},"sameAs":["https:\/\/facebook.com\/habercorluda","https:\/\/x.com\/habercorluda","https:\/\/www.instagram.com\/corludahaber","https:\/\/www.youtube.com\/user\/corludahaber"]},{"@type":"Person","@id":"https:\/\/corludahaber.com\/h\/#\/schema\/person\/b523522be44b062db5d74a62589768cd","name":"\u00c7orlu'da Haber","image":{"@type":"ImageObject","inLanguage":"tr","@id":"https:\/\/corludahaber.com\/h\/#\/schema\/person\/image\/","url":"https:\/\/secure.gravatar.com\/avatar\/1033e54e078c29fd7f053370086ff627ba414b05c2b231c418a481adecd764ce?s=96&d=blank&r=g","contentUrl":"https:\/\/secure.gravatar.com\/avatar\/1033e54e078c29fd7f053370086ff627ba414b05c2b231c418a481adecd764ce?s=96&d=blank&r=g","caption":"\u00c7orlu'da Haber"},"sameAs":["https:\/\/corludahaber.com\/h"],"url":"https:\/\/corludahaber.com\/h\/author\/admin"}]}},"_links":{"self":[{"href":"https:\/\/corludahaber.com\/h\/wp-json\/wp\/v2\/posts\/119310","targetHints":{"allow":["GET"]}}],"collection":[{"href":"https:\/\/corludahaber.com\/h\/wp-json\/wp\/v2\/posts"}],"about":[{"href":"https:\/\/corludahaber.com\/h\/wp-json\/wp\/v2\/types\/post"}],"author":[{"embeddable":true,"href":"https:\/\/corludahaber.com\/h\/wp-json\/wp\/v2\/users\/151"}],"replies":[{"embeddable":true,"href":"https:\/\/corludahaber.com\/h\/wp-json\/wp\/v2\/comments?post=119310"}],"version-history":[{"count":4,"href":"https:\/\/corludahaber.com\/h\/wp-json\/wp\/v2\/posts\/119310\/revisions"}],"predecessor-version":[{"id":119321,"href":"https:\/\/corludahaber.com\/h\/wp-json\/wp\/v2\/posts\/119310\/revisions\/119321"}],"wp:featuredmedia":[{"embeddable":true,"href":"https:\/\/corludahaber.com\/h\/wp-json\/wp\/v2\/media\/119311"}],"wp:attachment":[{"href":"https:\/\/corludahaber.com\/h\/wp-json\/wp\/v2\/media?parent=119310"}],"wp:term":[{"taxonomy":"category","embeddable":true,"href":"https:\/\/corludahaber.com\/h\/wp-json\/wp\/v2\/categories?post=119310"},{"taxonomy":"post_tag","embeddable":true,"href":"https:\/\/corludahaber.com\/h\/wp-json\/wp\/v2\/tags?post=119310"}],"curies":[{"name":"wp","href":"https:\/\/api.w.org\/{rel}","templated":true}]}}