{"id":119213,"date":"2026-04-20T19:53:55","date_gmt":"2026-04-20T16:53:55","guid":{"rendered":"https:\/\/corludahaber.com\/h\/tekirdagda-denizde-dip-temizligi-yapildi\/119213"},"modified":"2026-04-20T19:54:02","modified_gmt":"2026-04-20T16:54:02","slug":"tekirdagda-denizde-dip-temizligi-yapildi","status":"publish","type":"post","link":"https:\/\/corludahaber.com\/h\/tekirdagda-denizde-dip-temizligi-yapildi\/119213","title":{"rendered":"Tekirda\u011f&#8217;da denizde dip temizli\u011fi yap\u0131ld\u0131"},"content":{"rendered":"<div class=\"corlu-icerikten-once_3\" id=\"corlu-1898590539\"><script type='text\/javascript' src='https:\/\/platform-api.sharethis.com\/js\/sharethis.js#property=5ce8cf08af7d000012cb0ca1&product=inline-reaction-buttons' async='async'><\/script>\r\n\r\n<\/div><div readability=\"49\"><span class=\"category-name hidden\"><\/span><\/p><div class=\"corlu-icerik-2\" id=\"corlu-4272608056\"><!-- Admatic AUTO ads START -->\r\n<ins data-publisher=\"adm-pub-155556240050\" data-ad-network=\"659428a24d11b285b616c18d\"   class=\"adm-ads-area\"><\/ins>\r\n<script type=\"text\/javascript\" src=\"https:\/\/static.cdn.admatic.com.tr\/showad\/showad.min.js\"><\/script>\r\n<!-- Admatic AUTO ads END --><\/div>\n<p> \/ TEK\u0130RDA\u011e, (Haber Merkezi)- TEK\u0130RDA\u011e&#8217;da Turizm Haftas\u0131 etkinlikleri kapsam\u0131nda dalg\u0131\u00e7 polisler taraf\u0131ndan Marmara Denizi&#8217;nde dip temizli\u011fi yap\u0131ld\u0131.<\/p>\n<p>Tekirda\u011f \u0130l K\u00fclt\u00fcr ve Turizm M\u00fcd\u00fcrl\u00fc\u011f\u00fc&#8217;n\u00fcn Turizm Haftas\u0131 etkinlikleri kapsam\u0131nda d\u00fczenledi\u011fi etkinlikte \u0130l Emniyet M\u00fcd\u00fcrl\u00fc\u011f\u00fc Deniz Liman \u015eube M\u00fcd\u00fcrl\u00fc\u011f\u00fc&#8217;nde g\u00f6revli dalg\u0131\u00e7lar, S\u00fcleymanpa\u015fa il\u00e7esindeki Rumeli \u0130skelesi mevkisinde dip temizli\u011fi yapt\u0131. Yakla\u015f\u0131k 45 dakika s\u00fcren dip taramas\u0131nda iki po\u015fet at\u0131k toplad\u0131. Deniz dibinden cam \u015fi\u015fe, plastik \u00fcr\u00fcnler, \u00e7ok miktarda po\u015fet bulundu. Her y\u0131l d\u00fczenli olarak yap\u0131lan temizlik \u00e7al\u0131\u015fmas\u0131nda bu y\u0131l deniz dibinden ara\u00e7 lastikleri gibi b\u00fcy\u00fck at\u0131klara rastlanmad\u0131. Denizden \u00e7\u0131kar\u0131lan at\u0131klar sahilde sergilendi.<\/p>\n<p>\u0130l K\u00fclt\u00fcr ve Turizm M\u00fcd\u00fcr Yard\u0131mc\u0131s\u0131 B\u00fcnyamin \u00d6rnek, fark\u0131ndal\u0131k olu\u015fturmay\u0131 ama\u00e7lad\u0131klar\u0131n\u0131 belirterek, &#8220;Deniz polisi ekiplerimiz bizlere destek verdi. Denizlerimizi temiz tutmak hepimizin sorumlulu\u011fu. Gelecek nesillere daha ya\u015fanabilir bir d\u00fcnya b\u0131rakmak i\u00e7in \u00e7evremize sahip \u00e7\u0131kmal\u0131y\u0131z&#8221; dedi. (Haber Merkezi)<\/p>\n<\/div>\n<div class=\"corlu-icerikten-sonra_3\" id=\"corlu-3910212842\"><p><img loading=\"lazy\" decoding=\"async\" class=\"aligncenter\" src=\"https:\/\/www.corludahaber.com\/bahcesehir.jpg\" alt=\"\" width=\"624\" height=\"196\" \/><\/p>\n<table style=\"text-align: left; width: 100%;\" border=\"1\" cellspacing=\"2\" cellpadding=\"2\">\n<tbody>\n<tr>\n<td style=\"background-color: #050805;\"><span style=\"font-size: 12pt;\"><small><small><em><strong><big><span style=\"color: #ff0000;\">Haber ve resimlerin telif haklar\u0131ndan dolay\u0131 kullan\u0131m\u0131 yasakt\u0131r<span style=\"color: #000000;\">.<\/span><\/span><span style=\"color: #000000;\">\u00a0<\/span><span style=\"color: #ffffff;\">Yaz\u0131l\u0131 izni al\u0131nmadan hi\u00e7bir yaz\u0131l\u0131, g\u00f6rsel, i\u015fitsel i\u00e7erik kopyalanamaz, de\u011fi\u015ftirilemez, yay\u0131nlanamaz veya sat\u0131lamaz. Aksi halde<\/span>\u00a0<span style=\"color: #ff0000;\">5846<span style=\"color: #ffffff;\">\u00a0<\/span><\/span><span style=\"color: #ffffff;\">say\u0131l\u0131 Fikir ve Sanat Eserleri Kanunu\u2019na ve<\/span>\u00a0<span style=\"color: #800000;\"><span style=\"color: #ff0000;\">6102<\/span><span style=\"color: #ffffff;\">\u00a0<\/span><\/span><span style=\"color: #ffffff;\">say\u0131l\u0131 maddesine g\u00f6re<\/span>\u00a0<span style=\"color: #ff0000;\">gerekli i\u015flemler uygulanacakt\u0131r.<\/span><br \/>\n<span style=\"color: #ffffff;\">\u00a9 Copyright 2014<\/span><\/big><\/strong><\/em><\/small><\/small><\/span><\/td>\n<\/tr>\n<\/tbody>\n<\/table>\n<p><small><small>\u00a0<\/small><\/small><\/p>\n<\/div>","protected":false},"excerpt":{"rendered":"<p>\/ TEK\u0130RDA\u011e, (Haber Merkezi)- TEK\u0130RDA\u011e&#8217;da Turizm Haftas\u0131 etkinlikleri kapsam\u0131nda dalg\u0131\u00e7 polisler taraf\u0131ndan Marmara Denizi&#8217;nde dip temizli\u011fi yap\u0131ld\u0131. Tekirda\u011f \u0130l K\u00fclt\u00fcr ve Turizm M\u00fcd\u00fcrl\u00fc\u011f\u00fc&#8217;n\u00fcn Turizm Haftas\u0131 etkinlikleri kapsam\u0131nda d\u00fczenledi\u011fi etkinlikte \u0130l Emniyet M\u00fcd\u00fcrl\u00fc\u011f\u00fc Deniz Liman \u015eube M\u00fcd\u00fcrl\u00fc\u011f\u00fc&#8217;nde g\u00f6revli dalg\u0131\u00e7lar, S\u00fcleymanpa\u015fa il\u00e7esindeki Rumeli \u0130skelesi mevkisinde dip temizli\u011fi yapt\u0131. Yakla\u015f\u0131k 45 dakika s\u00fcren dip taramas\u0131nda iki po\u015fet at\u0131k &hellip;<\/p>\n","protected":false},"author":151,"featured_media":119214,"comment_status":"open","ping_status":"closed","sticky":false,"template":"","format":"standard","meta":{"footnotes":""},"categories":[27],"tags":[8025,9376,15478,559,3661,376,33392,10931,721],"class_list":["post-119213","post","type-post","status-publish","format-standard","has-post-thumbnail","hentry","category-yasam","tag-asayis","tag-corlu-kaza","tag-corlu-son-dakika-kaza","tag-denizde","tag-son-dakika-kaza","tag-tekirdag","tag-tekirdagda-denizde-dip-temizligi-yapildi","tag-temizligi","tag-yapildi"],"yoast_head":"<!-- This site is optimized with the Yoast SEO Premium plugin v23.3 (Yoast SEO v23.3) - https:\/\/yoast.com\/wordpress\/plugins\/seo\/ -->\n<title>Tekirda\u011f&#039;da denizde dip temizli\u011fi yap\u0131ld\u0131 | \u00c7orlu&#039;da Haber<\/title>\n<meta name=\"description\" content=\"Tekirda\u011f&#039;da denizde dip temizli\u011fi yap\u0131ld\u0131 | \u00c7orlu&#039;da Haber\" \/>\n<meta name=\"robots\" content=\"index, follow, max-snippet:-1, max-image-preview:large, max-video-preview:-1\" \/>\n<link rel=\"canonical\" href=\"https:\/\/corludahaber.com\/h\/tekirdagda-denizde-dip-temizligi-yapildi\/119213\" \/>\n<meta property=\"og:locale\" content=\"tr_TR\" \/>\n<meta property=\"og:type\" content=\"article\" \/>\n<meta property=\"og:title\" content=\"Tekirda\u011f&#039;da denizde dip temizli\u011fi yap\u0131ld\u0131 | \u00c7orlu&#039;da Haber\" \/>\n<meta property=\"og:description\" content=\"Tekirda\u011f&#039;da denizde dip temizli\u011fi yap\u0131ld\u0131 | \u00c7orlu&#039;da Haber\" \/>\n<meta property=\"og:url\" content=\"https:\/\/corludahaber.com\/h\/tekirdagda-denizde-dip-temizligi-yapildi\/119213\" \/>\n<meta property=\"og:site_name\" content=\"\u00c7orlu&#039;da Haber\" \/>\n<meta property=\"article:publisher\" content=\"https:\/\/facebook.com\/habercorluda\" \/>\n<meta property=\"article:published_time\" content=\"2026-04-20T16:53:55+00:00\" \/>\n<meta property=\"article:modified_time\" content=\"2026-04-20T16:54:02+00:00\" \/>\n<meta property=\"og:image\" content=\"http:\/\/corludahaber.com\/h\/wp-content\/uploads\/2026\/04\/tekirdagda-denizde-dip-temizligi-yapildi_69e65a25ba885.jpeg\" \/>\n\t<meta property=\"og:image:width\" content=\"2300\" \/>\n\t<meta property=\"og:image:height\" content=\"1294\" \/>\n\t<meta property=\"og:image:type\" content=\"image\/jpeg\" \/>\n<meta name=\"author\" content=\"\u00c7orlu&#039;da Haber\" \/>\n<meta name=\"twitter:card\" content=\"summary_large_image\" \/>\n<meta name=\"twitter:creator\" content=\"@habercorluda\" \/>\n<meta name=\"twitter:site\" content=\"@habercorluda\" \/>\n<meta name=\"twitter:label1\" content=\"Yazan:\" \/>\n\t<meta name=\"twitter:data1\" content=\"\u00c7orlu&#039;da Haber\" \/>\n\t<meta name=\"twitter:label2\" content=\"Tahmini okuma s\u00fcresi\" \/>\n\t<meta name=\"twitter:data2\" content=\"1 dakika\" \/>\n<script type=\"application\/ld+json\" class=\"yoast-schema-graph\">{\"@context\":\"https:\/\/schema.org\",\"@graph\":[{\"@type\":\"Article\",\"@id\":\"https:\/\/corludahaber.com\/h\/tekirdagda-denizde-dip-temizligi-yapildi\/119213#article\",\"isPartOf\":{\"@id\":\"https:\/\/corludahaber.com\/h\/tekirdagda-denizde-dip-temizligi-yapildi\/119213\"},\"author\":{\"name\":\"\u00c7orlu'da Haber\",\"@id\":\"https:\/\/corludahaber.com\/h\/#\/schema\/person\/b523522be44b062db5d74a62589768cd\"},\"headline\":\"Tekirda\u011f&#8217;da denizde dip temizli\u011fi yap\u0131ld\u0131\",\"datePublished\":\"2026-04-20T16:53:55+00:00\",\"dateModified\":\"2026-04-20T16:54:02+00:00\",\"mainEntityOfPage\":{\"@id\":\"https:\/\/corludahaber.com\/h\/tekirdagda-denizde-dip-temizligi-yapildi\/119213\"},\"wordCount\":199,\"commentCount\":0,\"publisher\":{\"@id\":\"https:\/\/corludahaber.com\/h\/#organization\"},\"image\":{\"@id\":\"https:\/\/corludahaber.com\/h\/tekirdagda-denizde-dip-temizligi-yapildi\/119213#primaryimage\"},\"thumbnailUrl\":\"https:\/\/corludahaber.com\/h\/wp-content\/uploads\/2026\/04\/tekirdagda-denizde-dip-temizligi-yapildi_69e65a25ba885.jpeg\",\"keywords\":[\"asayi\u015f\",\"\u00c7orlu kaza\",\"\u00c7orlu son dakika kaza\",\"Denizde\",\"son dakika kaza\",\"Tekirda\u011f\",\"Tekirda\u011f'da denizde dip temizli\u011fi yap\u0131ld\u0131\",\"Temizli\u011fi\",\"Yap\u0131ld\u0131\"],\"articleSection\":[\"Ya\u015fam\"],\"inLanguage\":\"tr\",\"potentialAction\":[{\"@type\":\"CommentAction\",\"name\":\"Comment\",\"target\":[\"https:\/\/corludahaber.com\/h\/tekirdagda-denizde-dip-temizligi-yapildi\/119213#respond\"]}]},{\"@type\":\"WebPage\",\"@id\":\"https:\/\/corludahaber.com\/h\/tekirdagda-denizde-dip-temizligi-yapildi\/119213\",\"url\":\"https:\/\/corludahaber.com\/h\/tekirdagda-denizde-dip-temizligi-yapildi\/119213\",\"name\":\"Tekirda\u011f'da denizde dip temizli\u011fi yap\u0131ld\u0131 | \u00c7orlu&#039;da Haber\",\"isPartOf\":{\"@id\":\"https:\/\/corludahaber.com\/h\/#website\"},\"primaryImageOfPage\":{\"@id\":\"https:\/\/corludahaber.com\/h\/tekirdagda-denizde-dip-temizligi-yapildi\/119213#primaryimage\"},\"image\":{\"@id\":\"https:\/\/corludahaber.com\/h\/tekirdagda-denizde-dip-temizligi-yapildi\/119213#primaryimage\"},\"thumbnailUrl\":\"https:\/\/corludahaber.com\/h\/wp-content\/uploads\/2026\/04\/tekirdagda-denizde-dip-temizligi-yapildi_69e65a25ba885.jpeg\",\"datePublished\":\"2026-04-20T16:53:55+00:00\",\"dateModified\":\"2026-04-20T16:54:02+00:00\",\"description\":\"Tekirda\u011f'da denizde dip temizli\u011fi yap\u0131ld\u0131 | \u00c7orlu&#039;da Haber\",\"breadcrumb\":{\"@id\":\"https:\/\/corludahaber.com\/h\/tekirdagda-denizde-dip-temizligi-yapildi\/119213#breadcrumb\"},\"inLanguage\":\"tr\",\"potentialAction\":[{\"@type\":\"ReadAction\",\"target\":[\"https:\/\/corludahaber.com\/h\/tekirdagda-denizde-dip-temizligi-yapildi\/119213\"]}]},{\"@type\":\"ImageObject\",\"inLanguage\":\"tr\",\"@id\":\"https:\/\/corludahaber.com\/h\/tekirdagda-denizde-dip-temizligi-yapildi\/119213#primaryimage\",\"url\":\"https:\/\/corludahaber.com\/h\/wp-content\/uploads\/2026\/04\/tekirdagda-denizde-dip-temizligi-yapildi_69e65a25ba885.jpeg\",\"contentUrl\":\"https:\/\/corludahaber.com\/h\/wp-content\/uploads\/2026\/04\/tekirdagda-denizde-dip-temizligi-yapildi_69e65a25ba885.jpeg\",\"width\":2300,\"height\":1294},{\"@type\":\"BreadcrumbList\",\"@id\":\"https:\/\/corludahaber.com\/h\/tekirdagda-denizde-dip-temizligi-yapildi\/119213#breadcrumb\",\"itemListElement\":[{\"@type\":\"ListItem\",\"position\":1,\"name\":\"Anasayfa\",\"item\":\"https:\/\/corludahaber.com\/h\/\"},{\"@type\":\"ListItem\",\"position\":2,\"name\":\"Ya\u015fam\",\"item\":\"https:\/\/corludahaber.com\/h\/kategori\/yasam\"},{\"@type\":\"ListItem\",\"position\":3,\"name\":\"Tekirda\u011f&#8217;da denizde dip temizli\u011fi yap\u0131ld\u0131\"}]},{\"@type\":\"WebSite\",\"@id\":\"https:\/\/corludahaber.com\/h\/#website\",\"url\":\"https:\/\/corludahaber.com\/h\/\",\"name\":\"\u00c7orlu'da Haber\",\"description\":\"Ger\u00e7ek Tarafs\u0131z Haber\",\"publisher\":{\"@id\":\"https:\/\/corludahaber.com\/h\/#organization\"},\"potentialAction\":[{\"@type\":\"SearchAction\",\"target\":{\"@type\":\"EntryPoint\",\"urlTemplate\":\"https:\/\/corludahaber.com\/h\/?s={search_term_string}\"},\"query-input\":\"required name=search_term_string\"}],\"inLanguage\":\"tr\"},{\"@type\":\"Organization\",\"@id\":\"https:\/\/corludahaber.com\/h\/#organization\",\"name\":\"\u00c7orlu'da Haber\",\"url\":\"https:\/\/corludahaber.com\/h\/\",\"logo\":{\"@type\":\"ImageObject\",\"inLanguage\":\"tr\",\"@id\":\"https:\/\/corludahaber.com\/h\/#\/schema\/logo\/image\/\",\"url\":\"https:\/\/corludahaber.com\/h\/wp-content\/uploads\/2021\/12\/logo__9__1_-removebg-preview.png\",\"contentUrl\":\"https:\/\/corludahaber.com\/h\/wp-content\/uploads\/2021\/12\/logo__9__1_-removebg-preview.png\",\"width\":500,\"height\":157,\"caption\":\"\u00c7orlu'da Haber\"},\"image\":{\"@id\":\"https:\/\/corludahaber.com\/h\/#\/schema\/logo\/image\/\"},\"sameAs\":[\"https:\/\/facebook.com\/habercorluda\",\"https:\/\/x.com\/habercorluda\",\"https:\/\/www.instagram.com\/corludahaber\",\"https:\/\/www.youtube.com\/user\/corludahaber\"]},{\"@type\":\"Person\",\"@id\":\"https:\/\/corludahaber.com\/h\/#\/schema\/person\/b523522be44b062db5d74a62589768cd\",\"name\":\"\u00c7orlu'da Haber\",\"image\":{\"@type\":\"ImageObject\",\"inLanguage\":\"tr\",\"@id\":\"https:\/\/corludahaber.com\/h\/#\/schema\/person\/image\/\",\"url\":\"https:\/\/secure.gravatar.com\/avatar\/1033e54e078c29fd7f053370086ff627ba414b05c2b231c418a481adecd764ce?s=96&d=blank&r=g\",\"contentUrl\":\"https:\/\/secure.gravatar.com\/avatar\/1033e54e078c29fd7f053370086ff627ba414b05c2b231c418a481adecd764ce?s=96&d=blank&r=g\",\"caption\":\"\u00c7orlu'da Haber\"},\"sameAs\":[\"https:\/\/corludahaber.com\/h\"],\"url\":\"https:\/\/corludahaber.com\/h\/author\/admin\"}]}<\/script>\n<!-- \/ Yoast SEO Premium plugin. -->","yoast_head_json":{"title":"Tekirda\u011f'da denizde dip temizli\u011fi yap\u0131ld\u0131 | \u00c7orlu&#039;da Haber","description":"Tekirda\u011f'da denizde dip temizli\u011fi yap\u0131ld\u0131 | \u00c7orlu&#039;da Haber","robots":{"index":"index","follow":"follow","max-snippet":"max-snippet:-1","max-image-preview":"max-image-preview:large","max-video-preview":"max-video-preview:-1"},"canonical":"https:\/\/corludahaber.com\/h\/tekirdagda-denizde-dip-temizligi-yapildi\/119213","og_locale":"tr_TR","og_type":"article","og_title":"Tekirda\u011f'da denizde dip temizli\u011fi yap\u0131ld\u0131 | \u00c7orlu&#039;da Haber","og_description":"Tekirda\u011f'da denizde dip temizli\u011fi yap\u0131ld\u0131 | \u00c7orlu&#039;da Haber","og_url":"https:\/\/corludahaber.com\/h\/tekirdagda-denizde-dip-temizligi-yapildi\/119213","og_site_name":"\u00c7orlu&#039;da Haber","article_publisher":"https:\/\/facebook.com\/habercorluda","article_published_time":"2026-04-20T16:53:55+00:00","article_modified_time":"2026-04-20T16:54:02+00:00","og_image":[{"width":2300,"height":1294,"url":"http:\/\/corludahaber.com\/h\/wp-content\/uploads\/2026\/04\/tekirdagda-denizde-dip-temizligi-yapildi_69e65a25ba885.jpeg","type":"image\/jpeg"}],"author":"\u00c7orlu'da Haber","twitter_card":"summary_large_image","twitter_creator":"@habercorluda","twitter_site":"@habercorluda","twitter_misc":{"Yazan:":"\u00c7orlu'da Haber","Tahmini okuma s\u00fcresi":"1 dakika"},"schema":{"@context":"https:\/\/schema.org","@graph":[{"@type":"Article","@id":"https:\/\/corludahaber.com\/h\/tekirdagda-denizde-dip-temizligi-yapildi\/119213#article","isPartOf":{"@id":"https:\/\/corludahaber.com\/h\/tekirdagda-denizde-dip-temizligi-yapildi\/119213"},"author":{"name":"\u00c7orlu'da Haber","@id":"https:\/\/corludahaber.com\/h\/#\/schema\/person\/b523522be44b062db5d74a62589768cd"},"headline":"Tekirda\u011f&#8217;da denizde dip temizli\u011fi yap\u0131ld\u0131","datePublished":"2026-04-20T16:53:55+00:00","dateModified":"2026-04-20T16:54:02+00:00","mainEntityOfPage":{"@id":"https:\/\/corludahaber.com\/h\/tekirdagda-denizde-dip-temizligi-yapildi\/119213"},"wordCount":199,"commentCount":0,"publisher":{"@id":"https:\/\/corludahaber.com\/h\/#organization"},"image":{"@id":"https:\/\/corludahaber.com\/h\/tekirdagda-denizde-dip-temizligi-yapildi\/119213#primaryimage"},"thumbnailUrl":"https:\/\/corludahaber.com\/h\/wp-content\/uploads\/2026\/04\/tekirdagda-denizde-dip-temizligi-yapildi_69e65a25ba885.jpeg","keywords":["asayi\u015f","\u00c7orlu kaza","\u00c7orlu son dakika kaza","Denizde","son dakika kaza","Tekirda\u011f","Tekirda\u011f'da denizde dip temizli\u011fi yap\u0131ld\u0131","Temizli\u011fi","Yap\u0131ld\u0131"],"articleSection":["Ya\u015fam"],"inLanguage":"tr","potentialAction":[{"@type":"CommentAction","name":"Comment","target":["https:\/\/corludahaber.com\/h\/tekirdagda-denizde-dip-temizligi-yapildi\/119213#respond"]}]},{"@type":"WebPage","@id":"https:\/\/corludahaber.com\/h\/tekirdagda-denizde-dip-temizligi-yapildi\/119213","url":"https:\/\/corludahaber.com\/h\/tekirdagda-denizde-dip-temizligi-yapildi\/119213","name":"Tekirda\u011f'da denizde dip temizli\u011fi yap\u0131ld\u0131 | \u00c7orlu&#039;da Haber","isPartOf":{"@id":"https:\/\/corludahaber.com\/h\/#website"},"primaryImageOfPage":{"@id":"https:\/\/corludahaber.com\/h\/tekirdagda-denizde-dip-temizligi-yapildi\/119213#primaryimage"},"image":{"@id":"https:\/\/corludahaber.com\/h\/tekirdagda-denizde-dip-temizligi-yapildi\/119213#primaryimage"},"thumbnailUrl":"https:\/\/corludahaber.com\/h\/wp-content\/uploads\/2026\/04\/tekirdagda-denizde-dip-temizligi-yapildi_69e65a25ba885.jpeg","datePublished":"2026-04-20T16:53:55+00:00","dateModified":"2026-04-20T16:54:02+00:00","description":"Tekirda\u011f'da denizde dip temizli\u011fi yap\u0131ld\u0131 | \u00c7orlu&#039;da Haber","breadcrumb":{"@id":"https:\/\/corludahaber.com\/h\/tekirdagda-denizde-dip-temizligi-yapildi\/119213#breadcrumb"},"inLanguage":"tr","potentialAction":[{"@type":"ReadAction","target":["https:\/\/corludahaber.com\/h\/tekirdagda-denizde-dip-temizligi-yapildi\/119213"]}]},{"@type":"ImageObject","inLanguage":"tr","@id":"https:\/\/corludahaber.com\/h\/tekirdagda-denizde-dip-temizligi-yapildi\/119213#primaryimage","url":"https:\/\/corludahaber.com\/h\/wp-content\/uploads\/2026\/04\/tekirdagda-denizde-dip-temizligi-yapildi_69e65a25ba885.jpeg","contentUrl":"https:\/\/corludahaber.com\/h\/wp-content\/uploads\/2026\/04\/tekirdagda-denizde-dip-temizligi-yapildi_69e65a25ba885.jpeg","width":2300,"height":1294},{"@type":"BreadcrumbList","@id":"https:\/\/corludahaber.com\/h\/tekirdagda-denizde-dip-temizligi-yapildi\/119213#breadcrumb","itemListElement":[{"@type":"ListItem","position":1,"name":"Anasayfa","item":"https:\/\/corludahaber.com\/h\/"},{"@type":"ListItem","position":2,"name":"Ya\u015fam","item":"https:\/\/corludahaber.com\/h\/kategori\/yasam"},{"@type":"ListItem","position":3,"name":"Tekirda\u011f&#8217;da denizde dip temizli\u011fi yap\u0131ld\u0131"}]},{"@type":"WebSite","@id":"https:\/\/corludahaber.com\/h\/#website","url":"https:\/\/corludahaber.com\/h\/","name":"\u00c7orlu'da Haber","description":"Ger\u00e7ek Tarafs\u0131z Haber","publisher":{"@id":"https:\/\/corludahaber.com\/h\/#organization"},"potentialAction":[{"@type":"SearchAction","target":{"@type":"EntryPoint","urlTemplate":"https:\/\/corludahaber.com\/h\/?s={search_term_string}"},"query-input":"required name=search_term_string"}],"inLanguage":"tr"},{"@type":"Organization","@id":"https:\/\/corludahaber.com\/h\/#organization","name":"\u00c7orlu'da Haber","url":"https:\/\/corludahaber.com\/h\/","logo":{"@type":"ImageObject","inLanguage":"tr","@id":"https:\/\/corludahaber.com\/h\/#\/schema\/logo\/image\/","url":"https:\/\/corludahaber.com\/h\/wp-content\/uploads\/2021\/12\/logo__9__1_-removebg-preview.png","contentUrl":"https:\/\/corludahaber.com\/h\/wp-content\/uploads\/2021\/12\/logo__9__1_-removebg-preview.png","width":500,"height":157,"caption":"\u00c7orlu'da Haber"},"image":{"@id":"https:\/\/corludahaber.com\/h\/#\/schema\/logo\/image\/"},"sameAs":["https:\/\/facebook.com\/habercorluda","https:\/\/x.com\/habercorluda","https:\/\/www.instagram.com\/corludahaber","https:\/\/www.youtube.com\/user\/corludahaber"]},{"@type":"Person","@id":"https:\/\/corludahaber.com\/h\/#\/schema\/person\/b523522be44b062db5d74a62589768cd","name":"\u00c7orlu'da Haber","image":{"@type":"ImageObject","inLanguage":"tr","@id":"https:\/\/corludahaber.com\/h\/#\/schema\/person\/image\/","url":"https:\/\/secure.gravatar.com\/avatar\/1033e54e078c29fd7f053370086ff627ba414b05c2b231c418a481adecd764ce?s=96&d=blank&r=g","contentUrl":"https:\/\/secure.gravatar.com\/avatar\/1033e54e078c29fd7f053370086ff627ba414b05c2b231c418a481adecd764ce?s=96&d=blank&r=g","caption":"\u00c7orlu'da Haber"},"sameAs":["https:\/\/corludahaber.com\/h"],"url":"https:\/\/corludahaber.com\/h\/author\/admin"}]}},"_links":{"self":[{"href":"https:\/\/corludahaber.com\/h\/wp-json\/wp\/v2\/posts\/119213","targetHints":{"allow":["GET"]}}],"collection":[{"href":"https:\/\/corludahaber.com\/h\/wp-json\/wp\/v2\/posts"}],"about":[{"href":"https:\/\/corludahaber.com\/h\/wp-json\/wp\/v2\/types\/post"}],"author":[{"embeddable":true,"href":"https:\/\/corludahaber.com\/h\/wp-json\/wp\/v2\/users\/151"}],"replies":[{"embeddable":true,"href":"https:\/\/corludahaber.com\/h\/wp-json\/wp\/v2\/comments?post=119213"}],"version-history":[{"count":1,"href":"https:\/\/corludahaber.com\/h\/wp-json\/wp\/v2\/posts\/119213\/revisions"}],"predecessor-version":[{"id":119215,"href":"https:\/\/corludahaber.com\/h\/wp-json\/wp\/v2\/posts\/119213\/revisions\/119215"}],"wp:featuredmedia":[{"embeddable":true,"href":"https:\/\/corludahaber.com\/h\/wp-json\/wp\/v2\/media\/119214"}],"wp:attachment":[{"href":"https:\/\/corludahaber.com\/h\/wp-json\/wp\/v2\/media?parent=119213"}],"wp:term":[{"taxonomy":"category","embeddable":true,"href":"https:\/\/corludahaber.com\/h\/wp-json\/wp\/v2\/categories?post=119213"},{"taxonomy":"post_tag","embeddable":true,"href":"https:\/\/corludahaber.com\/h\/wp-json\/wp\/v2\/tags?post=119213"}],"curies":[{"name":"wp","href":"https:\/\/api.w.org\/{rel}","templated":true}]}}