{"id":118464,"date":"2026-03-18T17:13:17","date_gmt":"2026-03-18T14:13:17","guid":{"rendered":"https:\/\/corludahaber.com\/h\/?p=118464"},"modified":"2026-03-18T17:13:17","modified_gmt":"2026-03-18T14:13:17","slug":"berberlerde-bayram-yogunlugu","status":"publish","type":"post","link":"https:\/\/corludahaber.com\/h\/berberlerde-bayram-yogunlugu\/118464","title":{"rendered":"Berberlerde Bayram Yo\u011funlu\u011fu"},"content":{"rendered":"<div class=\"corlu-icerikten-once_3\" id=\"corlu-467925040\"><script type='text\/javascript' src='https:\/\/platform-api.sharethis.com\/js\/sharethis.js#property=5ce8cf08af7d000012cb0ca1&product=inline-reaction-buttons' async='async'><\/script>\r\n\r\n<\/div><p>BERBERLERDE BAYRAM YO\u011eUNLU\u011eU: RANDEVULAR G\u00dcNLER \u00d6NCES\u0130NDEN DOLDU<\/p><div class=\"corlu-icerik-2\" id=\"corlu-2342046990\"><!-- Admatic AUTO ads START -->\r\n<ins data-publisher=\"adm-pub-155556240050\" data-ad-network=\"659428a24d11b285b616c18d\"   class=\"adm-ads-area\"><\/ins>\r\n<script type=\"text\/javascript\" src=\"https:\/\/static.cdn.admatic.com.tr\/showad\/showad.min.js\"><\/script>\r\n<!-- Admatic AUTO ads END --><\/div>\n<p>Bayram \u00f6ncesi haz\u0131rl\u0131klar h\u0131z kazan\u0131rken, berberlerde de yo\u011funluk zirveye ula\u015ft\u0131. \u00d6zellikle son g\u00fcnlere yakla\u015f\u0131lmas\u0131yla birlikte sa\u00e7 t\u0131ra\u015f\u0131 ve bak\u0131m yapt\u0131rmak isteyen vatanda\u015flar, sabah\u0131n erken saatlerinden itibaren berberlerin yolunu tutuyor.<\/p>\n<p>\u00c7orlu\u2019da hizmet veren The Boss Berber i\u015fletmesinde de benzer bir yo\u011funluk ya\u015fan\u0131yor. \u0130\u015fletme sahibi Bora K\u00f6se, bayram \u00f6ncesi ya\u015fanan hareketlili\u011fe dikkat \u00e7ekerek, randevusuz m\u00fc\u015fteri kabul etmekte zorland\u0131klar\u0131n\u0131 belirtti.<\/p>\n<p>\u201cSON G\u00dcNLERE KALMAYIN\u201d UYARISI<\/p>\n<p>K\u00f6se yapt\u0131\u011f\u0131 a\u00e7\u0131klamada, \u201cBayrama say\u0131l\u0131 g\u00fcnler kala yo\u011funluk ciddi \u015fekilde artt\u0131. M\u00fc\u015fterilerimize her zaman s\u00f6yledi\u011fimiz gibi, son g\u00fcnlere kalmadan randevu olu\u015fturmalar\u0131 \u00e7ok \u00f6nemli. \u015eu an neredeyse t\u00fcm saatlerimiz dolu\u201d ifadelerini kulland\u0131.<\/p>\n<p>Berberlerde sadece sa\u00e7 kesimi de\u011fil; sakal t\u0131ra\u015f\u0131, bak\u0131m ve ki\u015fisel temizlik hizmetlerine olan talep de g\u00f6zle g\u00f6r\u00fcl\u00fcr \u015fekilde artt\u0131. Bayrama bak\u0131ml\u0131 girmek isteyen vatanda\u015flar, yo\u011funluk nedeniyle s\u0131ra beklemek zorunda kalabiliyor.<\/p>\n<p>GECE GE\u00c7 SAATLERE KADAR MESA\u0130<\/p>\n<p>Yo\u011funluk nedeniyle bir\u00e7ok berber d\u00fckkan\u0131 gece ge\u00e7 saatlere kadar hizmet vermeye ba\u015flad\u0131. \u00d6zellikle bayrama bir g\u00fcn kala yo\u011funlu\u011fun daha da artmas\u0131 bekleniyor.<\/p>\n<p>Uzmanlar ise vatanda\u015flara ma\u011fduriyet ya\u015famamalar\u0131 ad\u0131na randevular\u0131n\u0131 erkenden almalar\u0131 ve planl\u0131 hareket etmeleri y\u00f6n\u00fcnde uyar\u0131larda bulunuyor.<\/p>\n<div class=\"corlu-icerikten-sonra_3\" id=\"corlu-3344236807\"><p><img loading=\"lazy\" decoding=\"async\" class=\"aligncenter\" src=\"https:\/\/www.corludahaber.com\/bahcesehir.jpg\" alt=\"\" width=\"624\" height=\"196\" \/><\/p>\n<table style=\"text-align: left; width: 100%;\" border=\"1\" cellspacing=\"2\" cellpadding=\"2\">\n<tbody>\n<tr>\n<td style=\"background-color: #050805;\"><span style=\"font-size: 12pt;\"><small><small><em><strong><big><span style=\"color: #ff0000;\">Haber ve resimlerin telif haklar\u0131ndan dolay\u0131 kullan\u0131m\u0131 yasakt\u0131r<span style=\"color: #000000;\">.<\/span><\/span><span style=\"color: #000000;\">\u00a0<\/span><span style=\"color: #ffffff;\">Yaz\u0131l\u0131 izni al\u0131nmadan hi\u00e7bir yaz\u0131l\u0131, g\u00f6rsel, i\u015fitsel i\u00e7erik kopyalanamaz, de\u011fi\u015ftirilemez, yay\u0131nlanamaz veya sat\u0131lamaz. Aksi halde<\/span>\u00a0<span style=\"color: #ff0000;\">5846<span style=\"color: #ffffff;\">\u00a0<\/span><\/span><span style=\"color: #ffffff;\">say\u0131l\u0131 Fikir ve Sanat Eserleri Kanunu\u2019na ve<\/span>\u00a0<span style=\"color: #800000;\"><span style=\"color: #ff0000;\">6102<\/span><span style=\"color: #ffffff;\">\u00a0<\/span><\/span><span style=\"color: #ffffff;\">say\u0131l\u0131 maddesine g\u00f6re<\/span>\u00a0<span style=\"color: #ff0000;\">gerekli i\u015flemler uygulanacakt\u0131r.<\/span><br \/>\n<span style=\"color: #ffffff;\">\u00a9 Copyright 2014<\/span><\/big><\/strong><\/em><\/small><\/small><\/span><\/td>\n<\/tr>\n<\/tbody>\n<\/table>\n<p><small><small>\u00a0<\/small><\/small><\/p>\n<\/div>","protected":false},"excerpt":{"rendered":"<p>BERBERLERDE BAYRAM YO\u011eUNLU\u011eU: RANDEVULAR G\u00dcNLER \u00d6NCES\u0130NDEN DOLDU Bayram \u00f6ncesi haz\u0131rl\u0131klar h\u0131z kazan\u0131rken, berberlerde de yo\u011funluk zirveye ula\u015ft\u0131. \u00d6zellikle son g\u00fcnlere yakla\u015f\u0131lmas\u0131yla birlikte sa\u00e7 t\u0131ra\u015f\u0131 ve bak\u0131m yapt\u0131rmak isteyen vatanda\u015flar, sabah\u0131n erken saatlerinden itibaren berberlerin yolunu tutuyor. \u00c7orlu\u2019da hizmet veren The Boss Berber i\u015fletmesinde de benzer bir yo\u011funluk ya\u015fan\u0131yor. \u0130\u015fletme sahibi Bora K\u00f6se, bayram \u00f6ncesi ya\u015fanan &hellip;<\/p>\n","protected":false},"author":151,"featured_media":118465,"comment_status":"open","ping_status":"open","sticky":false,"template":"","format":"standard","meta":{"footnotes":""},"categories":[27],"tags":[8025,911,32833,32834,9376,15478,3661,912],"class_list":["post-118464","post","type-post","status-publish","format-standard","has-post-thumbnail","hentry","category-yasam","tag-asayis","tag-bayram","tag-berberlerde","tag-berberlerde-bayram-yogunlugu","tag-corlu-kaza","tag-corlu-son-dakika-kaza","tag-son-dakika-kaza","tag-yogunlugu"],"yoast_head":"<!-- This site is optimized with the Yoast SEO Premium plugin v23.3 (Yoast SEO v23.3) - https:\/\/yoast.com\/wordpress\/plugins\/seo\/ -->\n<title>Berberlerde Bayram Yo\u011funlu\u011fu | \u00c7orlu&#039;da Haber<\/title>\n<meta name=\"description\" content=\"Berberlerde Bayram Yo\u011funlu\u011fu | Ya\u015fam \u00c7orlu&#039;da Haber\" \/>\n<meta name=\"robots\" content=\"index, follow, max-snippet:-1, max-image-preview:large, max-video-preview:-1\" \/>\n<link rel=\"canonical\" href=\"https:\/\/corludahaber.com\/h\/berberlerde-bayram-yogunlugu\/118464\" \/>\n<meta property=\"og:locale\" content=\"tr_TR\" \/>\n<meta property=\"og:type\" content=\"article\" \/>\n<meta property=\"og:title\" content=\"Berberlerde Bayram Yo\u011funlu\u011fu | \u00c7orlu&#039;da Haber\" \/>\n<meta property=\"og:description\" content=\"Berberlerde Bayram Yo\u011funlu\u011fu | Ya\u015fam \u00c7orlu&#039;da Haber\" \/>\n<meta property=\"og:url\" content=\"https:\/\/corludahaber.com\/h\/berberlerde-bayram-yogunlugu\/118464\" \/>\n<meta property=\"og:site_name\" content=\"\u00c7orlu&#039;da Haber\" \/>\n<meta property=\"article:publisher\" content=\"https:\/\/facebook.com\/habercorluda\" \/>\n<meta property=\"article:published_time\" content=\"2026-03-18T14:13:17+00:00\" \/>\n<meta property=\"og:image\" content=\"http:\/\/corludahaber.com\/h\/wp-content\/uploads\/2026\/03\/20260318_170805-scaled.jpg\" \/>\n\t<meta property=\"og:image:width\" content=\"2560\" \/>\n\t<meta property=\"og:image:height\" content=\"1920\" \/>\n\t<meta property=\"og:image:type\" content=\"image\/jpeg\" \/>\n<meta name=\"author\" content=\"\u00c7orlu&#039;da Haber\" \/>\n<meta name=\"twitter:card\" content=\"summary_large_image\" \/>\n<meta name=\"twitter:creator\" content=\"@habercorluda\" \/>\n<meta name=\"twitter:site\" content=\"@habercorluda\" \/>\n<meta name=\"twitter:label1\" content=\"Yazan:\" \/>\n\t<meta name=\"twitter:data1\" content=\"\u00c7orlu&#039;da Haber\" \/>\n\t<meta name=\"twitter:label2\" content=\"Tahmini okuma s\u00fcresi\" \/>\n\t<meta name=\"twitter:data2\" content=\"2 dakika\" \/>\n<script type=\"application\/ld+json\" class=\"yoast-schema-graph\">{\"@context\":\"https:\/\/schema.org\",\"@graph\":[{\"@type\":\"Article\",\"@id\":\"https:\/\/corludahaber.com\/h\/berberlerde-bayram-yogunlugu\/118464#article\",\"isPartOf\":{\"@id\":\"https:\/\/corludahaber.com\/h\/berberlerde-bayram-yogunlugu\/118464\"},\"author\":{\"name\":\"\u00c7orlu'da Haber\",\"@id\":\"https:\/\/corludahaber.com\/h\/#\/schema\/person\/b523522be44b062db5d74a62589768cd\"},\"headline\":\"Berberlerde Bayram Yo\u011funlu\u011fu\",\"datePublished\":\"2026-03-18T14:13:17+00:00\",\"dateModified\":\"2026-03-18T14:13:17+00:00\",\"mainEntityOfPage\":{\"@id\":\"https:\/\/corludahaber.com\/h\/berberlerde-bayram-yogunlugu\/118464\"},\"wordCount\":245,\"commentCount\":0,\"publisher\":{\"@id\":\"https:\/\/corludahaber.com\/h\/#organization\"},\"image\":{\"@id\":\"https:\/\/corludahaber.com\/h\/berberlerde-bayram-yogunlugu\/118464#primaryimage\"},\"thumbnailUrl\":\"https:\/\/corludahaber.com\/h\/wp-content\/uploads\/2026\/03\/20260318_170805-scaled.jpg\",\"keywords\":[\"asayi\u015f\",\"bayram\",\"Berberlerde\",\"Berberlerde Bayram Yo\u011funlu\u011fu\",\"\u00c7orlu kaza\",\"\u00c7orlu son dakika kaza\",\"son dakika kaza\",\"yo\u011funlu\u011fu\"],\"articleSection\":[\"Ya\u015fam\"],\"inLanguage\":\"tr\",\"potentialAction\":[{\"@type\":\"CommentAction\",\"name\":\"Comment\",\"target\":[\"https:\/\/corludahaber.com\/h\/berberlerde-bayram-yogunlugu\/118464#respond\"]}]},{\"@type\":\"WebPage\",\"@id\":\"https:\/\/corludahaber.com\/h\/berberlerde-bayram-yogunlugu\/118464\",\"url\":\"https:\/\/corludahaber.com\/h\/berberlerde-bayram-yogunlugu\/118464\",\"name\":\"Berberlerde Bayram Yo\u011funlu\u011fu | \u00c7orlu&#039;da Haber\",\"isPartOf\":{\"@id\":\"https:\/\/corludahaber.com\/h\/#website\"},\"primaryImageOfPage\":{\"@id\":\"https:\/\/corludahaber.com\/h\/berberlerde-bayram-yogunlugu\/118464#primaryimage\"},\"image\":{\"@id\":\"https:\/\/corludahaber.com\/h\/berberlerde-bayram-yogunlugu\/118464#primaryimage\"},\"thumbnailUrl\":\"https:\/\/corludahaber.com\/h\/wp-content\/uploads\/2026\/03\/20260318_170805-scaled.jpg\",\"datePublished\":\"2026-03-18T14:13:17+00:00\",\"dateModified\":\"2026-03-18T14:13:17+00:00\",\"description\":\"Berberlerde Bayram Yo\u011funlu\u011fu | Ya\u015fam \u00c7orlu&#039;da Haber\",\"breadcrumb\":{\"@id\":\"https:\/\/corludahaber.com\/h\/berberlerde-bayram-yogunlugu\/118464#breadcrumb\"},\"inLanguage\":\"tr\",\"potentialAction\":[{\"@type\":\"ReadAction\",\"target\":[\"https:\/\/corludahaber.com\/h\/berberlerde-bayram-yogunlugu\/118464\"]}]},{\"@type\":\"ImageObject\",\"inLanguage\":\"tr\",\"@id\":\"https:\/\/corludahaber.com\/h\/berberlerde-bayram-yogunlugu\/118464#primaryimage\",\"url\":\"https:\/\/corludahaber.com\/h\/wp-content\/uploads\/2026\/03\/20260318_170805-scaled.jpg\",\"contentUrl\":\"https:\/\/corludahaber.com\/h\/wp-content\/uploads\/2026\/03\/20260318_170805-scaled.jpg\",\"width\":2560,\"height\":1920},{\"@type\":\"BreadcrumbList\",\"@id\":\"https:\/\/corludahaber.com\/h\/berberlerde-bayram-yogunlugu\/118464#breadcrumb\",\"itemListElement\":[{\"@type\":\"ListItem\",\"position\":1,\"name\":\"Anasayfa\",\"item\":\"https:\/\/corludahaber.com\/h\/\"},{\"@type\":\"ListItem\",\"position\":2,\"name\":\"Ya\u015fam\",\"item\":\"https:\/\/corludahaber.com\/h\/kategori\/yasam\"},{\"@type\":\"ListItem\",\"position\":3,\"name\":\"Berberlerde Bayram Yo\u011funlu\u011fu\"}]},{\"@type\":\"WebSite\",\"@id\":\"https:\/\/corludahaber.com\/h\/#website\",\"url\":\"https:\/\/corludahaber.com\/h\/\",\"name\":\"\u00c7orlu'da Haber\",\"description\":\"Ger\u00e7ek Tarafs\u0131z Haber\",\"publisher\":{\"@id\":\"https:\/\/corludahaber.com\/h\/#organization\"},\"potentialAction\":[{\"@type\":\"SearchAction\",\"target\":{\"@type\":\"EntryPoint\",\"urlTemplate\":\"https:\/\/corludahaber.com\/h\/?s={search_term_string}\"},\"query-input\":\"required name=search_term_string\"}],\"inLanguage\":\"tr\"},{\"@type\":\"Organization\",\"@id\":\"https:\/\/corludahaber.com\/h\/#organization\",\"name\":\"\u00c7orlu'da Haber\",\"url\":\"https:\/\/corludahaber.com\/h\/\",\"logo\":{\"@type\":\"ImageObject\",\"inLanguage\":\"tr\",\"@id\":\"https:\/\/corludahaber.com\/h\/#\/schema\/logo\/image\/\",\"url\":\"https:\/\/corludahaber.com\/h\/wp-content\/uploads\/2021\/12\/logo__9__1_-removebg-preview.png\",\"contentUrl\":\"https:\/\/corludahaber.com\/h\/wp-content\/uploads\/2021\/12\/logo__9__1_-removebg-preview.png\",\"width\":500,\"height\":157,\"caption\":\"\u00c7orlu'da Haber\"},\"image\":{\"@id\":\"https:\/\/corludahaber.com\/h\/#\/schema\/logo\/image\/\"},\"sameAs\":[\"https:\/\/facebook.com\/habercorluda\",\"https:\/\/x.com\/habercorluda\",\"https:\/\/www.instagram.com\/corludahaber\",\"https:\/\/www.youtube.com\/user\/corludahaber\"]},{\"@type\":\"Person\",\"@id\":\"https:\/\/corludahaber.com\/h\/#\/schema\/person\/b523522be44b062db5d74a62589768cd\",\"name\":\"\u00c7orlu'da Haber\",\"image\":{\"@type\":\"ImageObject\",\"inLanguage\":\"tr\",\"@id\":\"https:\/\/corludahaber.com\/h\/#\/schema\/person\/image\/\",\"url\":\"https:\/\/secure.gravatar.com\/avatar\/1033e54e078c29fd7f053370086ff627ba414b05c2b231c418a481adecd764ce?s=96&d=blank&r=g\",\"contentUrl\":\"https:\/\/secure.gravatar.com\/avatar\/1033e54e078c29fd7f053370086ff627ba414b05c2b231c418a481adecd764ce?s=96&d=blank&r=g\",\"caption\":\"\u00c7orlu'da Haber\"},\"sameAs\":[\"https:\/\/corludahaber.com\/h\"],\"url\":\"https:\/\/corludahaber.com\/h\/author\/admin\"}]}<\/script>\n<!-- \/ Yoast SEO Premium plugin. -->","yoast_head_json":{"title":"Berberlerde Bayram Yo\u011funlu\u011fu | \u00c7orlu&#039;da Haber","description":"Berberlerde Bayram Yo\u011funlu\u011fu | Ya\u015fam \u00c7orlu&#039;da Haber","robots":{"index":"index","follow":"follow","max-snippet":"max-snippet:-1","max-image-preview":"max-image-preview:large","max-video-preview":"max-video-preview:-1"},"canonical":"https:\/\/corludahaber.com\/h\/berberlerde-bayram-yogunlugu\/118464","og_locale":"tr_TR","og_type":"article","og_title":"Berberlerde Bayram Yo\u011funlu\u011fu | \u00c7orlu&#039;da Haber","og_description":"Berberlerde Bayram Yo\u011funlu\u011fu | Ya\u015fam \u00c7orlu&#039;da Haber","og_url":"https:\/\/corludahaber.com\/h\/berberlerde-bayram-yogunlugu\/118464","og_site_name":"\u00c7orlu&#039;da Haber","article_publisher":"https:\/\/facebook.com\/habercorluda","article_published_time":"2026-03-18T14:13:17+00:00","og_image":[{"width":2560,"height":1920,"url":"http:\/\/corludahaber.com\/h\/wp-content\/uploads\/2026\/03\/20260318_170805-scaled.jpg","type":"image\/jpeg"}],"author":"\u00c7orlu'da Haber","twitter_card":"summary_large_image","twitter_creator":"@habercorluda","twitter_site":"@habercorluda","twitter_misc":{"Yazan:":"\u00c7orlu'da Haber","Tahmini okuma s\u00fcresi":"2 dakika"},"schema":{"@context":"https:\/\/schema.org","@graph":[{"@type":"Article","@id":"https:\/\/corludahaber.com\/h\/berberlerde-bayram-yogunlugu\/118464#article","isPartOf":{"@id":"https:\/\/corludahaber.com\/h\/berberlerde-bayram-yogunlugu\/118464"},"author":{"name":"\u00c7orlu'da Haber","@id":"https:\/\/corludahaber.com\/h\/#\/schema\/person\/b523522be44b062db5d74a62589768cd"},"headline":"Berberlerde Bayram Yo\u011funlu\u011fu","datePublished":"2026-03-18T14:13:17+00:00","dateModified":"2026-03-18T14:13:17+00:00","mainEntityOfPage":{"@id":"https:\/\/corludahaber.com\/h\/berberlerde-bayram-yogunlugu\/118464"},"wordCount":245,"commentCount":0,"publisher":{"@id":"https:\/\/corludahaber.com\/h\/#organization"},"image":{"@id":"https:\/\/corludahaber.com\/h\/berberlerde-bayram-yogunlugu\/118464#primaryimage"},"thumbnailUrl":"https:\/\/corludahaber.com\/h\/wp-content\/uploads\/2026\/03\/20260318_170805-scaled.jpg","keywords":["asayi\u015f","bayram","Berberlerde","Berberlerde Bayram Yo\u011funlu\u011fu","\u00c7orlu kaza","\u00c7orlu son dakika kaza","son dakika kaza","yo\u011funlu\u011fu"],"articleSection":["Ya\u015fam"],"inLanguage":"tr","potentialAction":[{"@type":"CommentAction","name":"Comment","target":["https:\/\/corludahaber.com\/h\/berberlerde-bayram-yogunlugu\/118464#respond"]}]},{"@type":"WebPage","@id":"https:\/\/corludahaber.com\/h\/berberlerde-bayram-yogunlugu\/118464","url":"https:\/\/corludahaber.com\/h\/berberlerde-bayram-yogunlugu\/118464","name":"Berberlerde Bayram Yo\u011funlu\u011fu | \u00c7orlu&#039;da Haber","isPartOf":{"@id":"https:\/\/corludahaber.com\/h\/#website"},"primaryImageOfPage":{"@id":"https:\/\/corludahaber.com\/h\/berberlerde-bayram-yogunlugu\/118464#primaryimage"},"image":{"@id":"https:\/\/corludahaber.com\/h\/berberlerde-bayram-yogunlugu\/118464#primaryimage"},"thumbnailUrl":"https:\/\/corludahaber.com\/h\/wp-content\/uploads\/2026\/03\/20260318_170805-scaled.jpg","datePublished":"2026-03-18T14:13:17+00:00","dateModified":"2026-03-18T14:13:17+00:00","description":"Berberlerde Bayram Yo\u011funlu\u011fu | Ya\u015fam \u00c7orlu&#039;da Haber","breadcrumb":{"@id":"https:\/\/corludahaber.com\/h\/berberlerde-bayram-yogunlugu\/118464#breadcrumb"},"inLanguage":"tr","potentialAction":[{"@type":"ReadAction","target":["https:\/\/corludahaber.com\/h\/berberlerde-bayram-yogunlugu\/118464"]}]},{"@type":"ImageObject","inLanguage":"tr","@id":"https:\/\/corludahaber.com\/h\/berberlerde-bayram-yogunlugu\/118464#primaryimage","url":"https:\/\/corludahaber.com\/h\/wp-content\/uploads\/2026\/03\/20260318_170805-scaled.jpg","contentUrl":"https:\/\/corludahaber.com\/h\/wp-content\/uploads\/2026\/03\/20260318_170805-scaled.jpg","width":2560,"height":1920},{"@type":"BreadcrumbList","@id":"https:\/\/corludahaber.com\/h\/berberlerde-bayram-yogunlugu\/118464#breadcrumb","itemListElement":[{"@type":"ListItem","position":1,"name":"Anasayfa","item":"https:\/\/corludahaber.com\/h\/"},{"@type":"ListItem","position":2,"name":"Ya\u015fam","item":"https:\/\/corludahaber.com\/h\/kategori\/yasam"},{"@type":"ListItem","position":3,"name":"Berberlerde Bayram Yo\u011funlu\u011fu"}]},{"@type":"WebSite","@id":"https:\/\/corludahaber.com\/h\/#website","url":"https:\/\/corludahaber.com\/h\/","name":"\u00c7orlu'da Haber","description":"Ger\u00e7ek Tarafs\u0131z Haber","publisher":{"@id":"https:\/\/corludahaber.com\/h\/#organization"},"potentialAction":[{"@type":"SearchAction","target":{"@type":"EntryPoint","urlTemplate":"https:\/\/corludahaber.com\/h\/?s={search_term_string}"},"query-input":"required name=search_term_string"}],"inLanguage":"tr"},{"@type":"Organization","@id":"https:\/\/corludahaber.com\/h\/#organization","name":"\u00c7orlu'da Haber","url":"https:\/\/corludahaber.com\/h\/","logo":{"@type":"ImageObject","inLanguage":"tr","@id":"https:\/\/corludahaber.com\/h\/#\/schema\/logo\/image\/","url":"https:\/\/corludahaber.com\/h\/wp-content\/uploads\/2021\/12\/logo__9__1_-removebg-preview.png","contentUrl":"https:\/\/corludahaber.com\/h\/wp-content\/uploads\/2021\/12\/logo__9__1_-removebg-preview.png","width":500,"height":157,"caption":"\u00c7orlu'da Haber"},"image":{"@id":"https:\/\/corludahaber.com\/h\/#\/schema\/logo\/image\/"},"sameAs":["https:\/\/facebook.com\/habercorluda","https:\/\/x.com\/habercorluda","https:\/\/www.instagram.com\/corludahaber","https:\/\/www.youtube.com\/user\/corludahaber"]},{"@type":"Person","@id":"https:\/\/corludahaber.com\/h\/#\/schema\/person\/b523522be44b062db5d74a62589768cd","name":"\u00c7orlu'da Haber","image":{"@type":"ImageObject","inLanguage":"tr","@id":"https:\/\/corludahaber.com\/h\/#\/schema\/person\/image\/","url":"https:\/\/secure.gravatar.com\/avatar\/1033e54e078c29fd7f053370086ff627ba414b05c2b231c418a481adecd764ce?s=96&d=blank&r=g","contentUrl":"https:\/\/secure.gravatar.com\/avatar\/1033e54e078c29fd7f053370086ff627ba414b05c2b231c418a481adecd764ce?s=96&d=blank&r=g","caption":"\u00c7orlu'da Haber"},"sameAs":["https:\/\/corludahaber.com\/h"],"url":"https:\/\/corludahaber.com\/h\/author\/admin"}]}},"_links":{"self":[{"href":"https:\/\/corludahaber.com\/h\/wp-json\/wp\/v2\/posts\/118464","targetHints":{"allow":["GET"]}}],"collection":[{"href":"https:\/\/corludahaber.com\/h\/wp-json\/wp\/v2\/posts"}],"about":[{"href":"https:\/\/corludahaber.com\/h\/wp-json\/wp\/v2\/types\/post"}],"author":[{"embeddable":true,"href":"https:\/\/corludahaber.com\/h\/wp-json\/wp\/v2\/users\/151"}],"replies":[{"embeddable":true,"href":"https:\/\/corludahaber.com\/h\/wp-json\/wp\/v2\/comments?post=118464"}],"version-history":[{"count":1,"href":"https:\/\/corludahaber.com\/h\/wp-json\/wp\/v2\/posts\/118464\/revisions"}],"predecessor-version":[{"id":118466,"href":"https:\/\/corludahaber.com\/h\/wp-json\/wp\/v2\/posts\/118464\/revisions\/118466"}],"wp:featuredmedia":[{"embeddable":true,"href":"https:\/\/corludahaber.com\/h\/wp-json\/wp\/v2\/media\/118465"}],"wp:attachment":[{"href":"https:\/\/corludahaber.com\/h\/wp-json\/wp\/v2\/media?parent=118464"}],"wp:term":[{"taxonomy":"category","embeddable":true,"href":"https:\/\/corludahaber.com\/h\/wp-json\/wp\/v2\/categories?post=118464"},{"taxonomy":"post_tag","embeddable":true,"href":"https:\/\/corludahaber.com\/h\/wp-json\/wp\/v2\/tags?post=118464"}],"curies":[{"name":"wp","href":"https:\/\/api.w.org\/{rel}","templated":true}]}}