{"id":118391,"date":"2026-03-15T13:23:45","date_gmt":"2026-03-15T10:23:45","guid":{"rendered":"https:\/\/corludahaber.com\/h\/tekirdag-buyuksehir-belediyesi-tek-marketin-malkara-subesini-acti\/118391"},"modified":"2026-03-15T13:23:54","modified_gmt":"2026-03-15T10:23:54","slug":"tekirdag-buyuksehir-belediyesi-tek-marketin-malkara-subesini-acti","status":"publish","type":"post","link":"https:\/\/corludahaber.com\/h\/tekirdag-buyuksehir-belediyesi-tek-marketin-malkara-subesini-acti\/118391","title":{"rendered":"Tekirda\u011f B\u00fcy\u00fck\u015fehir Belediyesi, TEK Market&#8217;in Malkara \u015fubesini a\u00e7t\u0131"},"content":{"rendered":"<div class=\"corlu-icerikten-once_3\" id=\"corlu-1072956555\"><script type='text\/javascript' src='https:\/\/platform-api.sharethis.com\/js\/sharethis.js#property=5ce8cf08af7d000012cb0ca1&product=inline-reaction-buttons' async='async'><\/script>\r\n\r\n<\/div><div readability=\"75\"><span class=\"category-name hidden\"><\/span><\/p><div class=\"corlu-icerik-2\" id=\"corlu-936233220\"><!-- Admatic AUTO ads START -->\r\n<ins data-publisher=\"adm-pub-155556240050\" data-ad-network=\"659428a24d11b285b616c18d\"   class=\"adm-ads-area\"><\/ins>\r\n<script type=\"text\/javascript\" src=\"https:\/\/static.cdn.admatic.com.tr\/showad\/showad.min.js\"><\/script>\r\n<!-- Admatic AUTO ads END --><\/div>\n<p>TEK\u0130RDA\u011e, (Haber Merkezi)- TEK\u0130RDA\u011e B\u00fcy\u00fck\u015fehir Belediyesi, sosyal belediyecili\u011fi g\u00fc\u00e7lendiren ve \u00fcretici ile t\u00fcketici aras\u0131nda k\u00f6pr\u00fc kuran TEK Market projesinde Malkara \u015fubesini t\u00f6renle a\u00e7t\u0131.<\/p>\n<p>Tekirda\u011f B\u00fcy\u00fck\u015fehir Belediyesi, S\u00fcleymanpa\u015fa, \u00c7erkezk\u00f6y, Hayrabolu ve \u015eark\u00f6y&#8217; il\u00e7elerinin ard\u0131ndan TEK Market&#8217;in 5&#8217;ncisi \u015fubesini Malkara&#8217;da hizmete a\u00e7t\u0131. Camiatik Mahallesi&#8217;ndeki a\u00e7\u0131l\u0131\u015f t\u00f6renine milletvekilleri, il\u00e7e belediye ba\u015fkanlar\u0131, kurum ve kurulu\u015flar\u0131n amirleri, meclis \u00fcyeleri, sivil toplum kurulu\u015fu \u00fcyeleri, siyasi partilerin temsilcileri ve \u00e7ok say\u0131da vatanda\u015f kat\u0131ld\u0131. T\u00f6rende konu\u015fan Tekirda\u011f B\u00fcy\u00fck\u015fehir Belediye Ba\u015fkan\u0131 Candan Y\u00fcceer, y\u0131l\u0131n ilk 6 ay\u0131 dolmadan Tekirda\u011f&#8217;\u0131n t\u00fcm il\u00e7elerinde TEK Marketleri hayata ge\u00e7irmeli hedeflediklerini s\u00f6yledi. Y\u00fcceer, &#8220;Payla\u015fman\u0131n ve dayan\u0131\u015fman\u0131n ay\u0131 olan m\u00fcbarek ramazan ay\u0131nda sizlerle birlikte olmaktan b\u00fcy\u00fck mutluluk duyuyorum. Daha \u00f6nce S\u00fcleymanpa\u015fa, \u00c7erkezk\u00f6y, Hayrabolu ve \u015eark\u00f6y&#8217;de a\u00e7t\u0131\u011f\u0131m\u0131z TEK marketlerimizin be\u015fincisini bug\u00fcn Malkara&#8217;da a\u00e7\u0131yoruz. Y\u0131l\u0131n ilk alt\u0131 ay dolmadan Tekirda\u011f&#8217;\u0131n 11 il\u00e7esinin tamam\u0131nda marketlerimizi hizmete a\u00e7m\u0131\u015f olaca\u011f\u0131z. Amac\u0131m\u0131z, \u00fcretici ile t\u00fcketici aras\u0131nda g\u00fc\u00e7l\u00fc bir g\u00f6n\u00fcl k\u00f6pr\u00fcs\u00fc kurarak dayan\u0131\u015fmam\u0131z\u0131 b\u00fcy\u00fctmek&#8221; dedi.<\/p>\n<p>&#8216;TEK MARKET VERD\u0130\u011e\u0130M\u0130Z S\u00d6Z\u00dcN B\u0130R SONUCUDUR&#8217;<\/p>\n<p>Kimseyi geride b\u0131rakmayacaklar\u0131n\u0131 s\u00f6yleyerek yola \u00e7\u0131kt\u0131klar\u0131n\u0131 belirten Y\u00fcceer, &#8220;\u0130ki y\u0131l \u00f6nce yola \u00e7\u0131karken sizlere bir s\u00f6z vermi\u015ftik; &#8216;Kimseyi geride b\u0131rakmayaca\u011f\u0131z.&#8217; Her hem\u015fehrimizin huzurla, sa\u011fl\u0131kla ve g\u00fcvenle ya\u015fayabilece\u011fi bir Tekirda\u011f i\u00e7in \u00e7al\u0131\u015faca\u011f\u0131m\u0131z\u0131 s\u00f6ylemi\u015ftik. Bug\u00fcn a\u00e7t\u0131\u011f\u0131m\u0131z TEK Market de bu s\u00f6z\u00fcn bir sonucudur. Ve dedik ki; vatanda\u015f\u0131m\u0131z\u0131n ya\u015fad\u0131\u011f\u0131 bu s\u0131k\u0131nt\u0131ya kay\u0131ts\u0131z kalamay\u0131z. Bu nedenle TEK Market projesini hayata ge\u00e7irdik. Bu market yaln\u0131zca t\u00fcketiciyi de\u011fil, artan maliyetler nedeniyle \u00fcretmekte zorlanan \u00fcreticiyi de destekliyor. Bir tarafta \u00fcretim maliyetleriyle m\u00fccadele eden \u00fcreticiler, di\u011fer tarafta ekonomik zorluklarla bo\u011fu\u015fan vatanda\u015flar\u0131m\u0131z var. Biz kom\u015fusu a\u00e7ken tok yatmayan bir k\u00fclt\u00fcrden geliyoruz. Bug\u00fcn a\u00e7t\u0131\u011f\u0131m\u0131z TEK Market i\u015fte bu anlay\u0131\u015f\u0131n \u00fcr\u00fcn\u00fcd\u00fcr&#8221; \u015feklinde konu\u015ftu.<\/p>\n<p>&#8216;TEK MARKET DAYANI\u015eMAYI B\u00dcY\u00dcTEN B\u0130R PROJED\u0130R<\/p>\n<p>TEK Marketlerdeki \u00fcr\u00fcnlerin y\u00fczde 100 yerli \u00fcretim oldu\u011funu belirten  Y\u00fcceer, &#8220;TEK Market kar amac\u0131 g\u00fctmeyen, dayan\u0131\u015fmay\u0131 b\u00fcy\u00fcten bir projedir. Sofralara katk\u0131 sunarken ayn\u0131 zamanda kaliteli ve sa\u011fl\u0131kl\u0131 \u00fcr\u00fcnleri vatanda\u015flar\u0131m\u0131zla bulu\u015fturmay\u0131 hedefliyoruz. Bu marketlerde sat\u0131lan \u00fcr\u00fcnlerin tamam\u0131 y\u00fczde y\u00fcz yerli \u00fcretimdir. \u00d6zellikle Malkara&#8217;da \u00fcretilen \u00fcr\u00fcnler Tekirda\u011f&#8217;\u0131n di\u011fer il\u00e7elerine ula\u015facakt\u0131r. Dayan\u0131\u015fmay\u0131 b\u00fcy\u00fctmeye, \u00fcretimi g\u00fc\u00e7lendirmeye ve Tekirda\u011f&#8217;\u0131 birlikte b\u00fcy\u00fctmeye devam edece\u011fiz. TEK Market Malkara \u015fubemizin il\u00e7emize hay\u0131rl\u0131 ve u\u011furlu olmas\u0131n\u0131 diliyorum. Eme\u011fi ge\u00e7en herkese te\u015fekk\u00fcr ediyorum. Ramazan bayram\u0131n\u0131z\u0131 \u015fimdiden kutluyor, hepinizi sevgi ve sayg\u0131yla selaml\u0131yorum. Hay\u0131rl\u0131 u\u011furlu olsun&#8221; dedi. (Haber Merkezi)<\/p>\n<\/div>\n<div class=\"corlu-icerikten-sonra_3\" id=\"corlu-444256134\"><p><img loading=\"lazy\" decoding=\"async\" class=\"aligncenter\" src=\"https:\/\/www.corludahaber.com\/bahcesehir.jpg\" alt=\"\" width=\"624\" height=\"196\" \/><\/p>\n<table style=\"text-align: left; width: 100%;\" border=\"1\" cellspacing=\"2\" cellpadding=\"2\">\n<tbody>\n<tr>\n<td style=\"background-color: #050805;\"><span style=\"font-size: 12pt;\"><small><small><em><strong><big><span style=\"color: #ff0000;\">Haber ve resimlerin telif haklar\u0131ndan dolay\u0131 kullan\u0131m\u0131 yasakt\u0131r<span style=\"color: #000000;\">.<\/span><\/span><span style=\"color: #000000;\">\u00a0<\/span><span style=\"color: #ffffff;\">Yaz\u0131l\u0131 izni al\u0131nmadan hi\u00e7bir yaz\u0131l\u0131, g\u00f6rsel, i\u015fitsel i\u00e7erik kopyalanamaz, de\u011fi\u015ftirilemez, yay\u0131nlanamaz veya sat\u0131lamaz. Aksi halde<\/span>\u00a0<span style=\"color: #ff0000;\">5846<span style=\"color: #ffffff;\">\u00a0<\/span><\/span><span style=\"color: #ffffff;\">say\u0131l\u0131 Fikir ve Sanat Eserleri Kanunu\u2019na ve<\/span>\u00a0<span style=\"color: #800000;\"><span style=\"color: #ff0000;\">6102<\/span><span style=\"color: #ffffff;\">\u00a0<\/span><\/span><span style=\"color: #ffffff;\">say\u0131l\u0131 maddesine g\u00f6re<\/span>\u00a0<span style=\"color: #ff0000;\">gerekli i\u015flemler uygulanacakt\u0131r.<\/span><br \/>\n<span style=\"color: #ffffff;\">\u00a9 Copyright 2014<\/span><\/big><\/strong><\/em><\/small><\/small><\/span><\/td>\n<\/tr>\n<\/tbody>\n<\/table>\n<p><small><small>\u00a0<\/small><\/small><\/p>\n<\/div>","protected":false},"excerpt":{"rendered":"<p>TEK\u0130RDA\u011e, (Haber Merkezi)- TEK\u0130RDA\u011e B\u00fcy\u00fck\u015fehir Belediyesi, sosyal belediyecili\u011fi g\u00fc\u00e7lendiren ve \u00fcretici ile t\u00fcketici aras\u0131nda k\u00f6pr\u00fc kuran TEK Market projesinde Malkara \u015fubesini t\u00f6renle a\u00e7t\u0131. Tekirda\u011f B\u00fcy\u00fck\u015fehir Belediyesi, S\u00fcleymanpa\u015fa, \u00c7erkezk\u00f6y, Hayrabolu ve \u015eark\u00f6y&#8217; il\u00e7elerinin ard\u0131ndan TEK Market&#8217;in 5&#8217;ncisi \u015fubesini Malkara&#8217;da hizmete a\u00e7t\u0131. Camiatik Mahallesi&#8217;ndeki a\u00e7\u0131l\u0131\u015f t\u00f6renine milletvekilleri, il\u00e7e belediye ba\u015fkanlar\u0131, kurum ve kurulu\u015flar\u0131n amirleri, meclis \u00fcyeleri, sivil &hellip;<\/p>\n","protected":false},"author":151,"featured_media":118392,"comment_status":"open","ping_status":"closed","sticky":false,"template":"","format":"standard","meta":{"footnotes":""},"categories":[27],"tags":[4024,8025,383,382,9376,15478,644,2044,3661,22934,376,32794],"class_list":["post-118391","post","type-post","status-publish","format-standard","has-post-thumbnail","hentry","category-yasam","tag-acti","tag-asayis","tag-belediyesi","tag-buyuksehir","tag-corlu-kaza","tag-corlu-son-dakika-kaza","tag-malkara","tag-market","tag-son-dakika-kaza","tag-subesini","tag-tekirdag","tag-tekirdag-buyuksehir-belediyesi-tek-marketin-malkara-subesini-acti"],"yoast_head":"<!-- This site is optimized with the Yoast SEO Premium plugin v23.3 (Yoast SEO v23.3) - https:\/\/yoast.com\/wordpress\/plugins\/seo\/ -->\n<title>Tekirda\u011f B\u00fcy\u00fck\u015fehir Belediyesi, TEK Market&#039;in Malkara \u015fubesini a\u00e7t\u0131 | \u00c7orlu&#039;da Haber<\/title>\n<meta name=\"description\" content=\"Tekirda\u011f B\u00fcy\u00fck\u015fehir Belediyesi, TEK Market&#039;in Malkara \u015fubesini a\u00e7t\u0131 | \u00c7orlu&#039;da Haber\" \/>\n<meta name=\"robots\" content=\"index, follow, max-snippet:-1, max-image-preview:large, max-video-preview:-1\" \/>\n<link rel=\"canonical\" href=\"https:\/\/corludahaber.com\/h\/tekirdag-buyuksehir-belediyesi-tek-marketin-malkara-subesini-acti\/118391\" \/>\n<meta property=\"og:locale\" content=\"tr_TR\" \/>\n<meta property=\"og:type\" content=\"article\" \/>\n<meta property=\"og:title\" content=\"Tekirda\u011f B\u00fcy\u00fck\u015fehir Belediyesi, TEK Market&#039;in Malkara \u015fubesini a\u00e7t\u0131 | \u00c7orlu&#039;da Haber\" \/>\n<meta property=\"og:description\" content=\"Tekirda\u011f B\u00fcy\u00fck\u015fehir Belediyesi, TEK Market&#039;in Malkara \u015fubesini a\u00e7t\u0131 | \u00c7orlu&#039;da Haber\" \/>\n<meta property=\"og:url\" content=\"https:\/\/corludahaber.com\/h\/tekirdag-buyuksehir-belediyesi-tek-marketin-malkara-subesini-acti\/118391\" \/>\n<meta property=\"og:site_name\" content=\"\u00c7orlu&#039;da Haber\" \/>\n<meta property=\"article:publisher\" content=\"https:\/\/facebook.com\/habercorluda\" \/>\n<meta property=\"article:published_time\" content=\"2026-03-15T10:23:45+00:00\" \/>\n<meta property=\"article:modified_time\" content=\"2026-03-15T10:23:54+00:00\" \/>\n<meta property=\"og:image\" content=\"http:\/\/corludahaber.com\/h\/wp-content\/uploads\/2026\/03\/tekirdag-buyuksehir-belediyesi-tek-marketin-malkara-subesini-acti_69b688b5a46b4.jpeg\" \/>\n\t<meta property=\"og:image:width\" content=\"2300\" \/>\n\t<meta property=\"og:image:height\" content=\"1294\" \/>\n\t<meta property=\"og:image:type\" content=\"image\/jpeg\" \/>\n<meta name=\"author\" content=\"\u00c7orlu&#039;da Haber\" \/>\n<meta name=\"twitter:card\" content=\"summary_large_image\" \/>\n<meta name=\"twitter:creator\" content=\"@habercorluda\" \/>\n<meta name=\"twitter:site\" content=\"@habercorluda\" \/>\n<meta name=\"twitter:label1\" content=\"Yazan:\" \/>\n\t<meta name=\"twitter:data1\" content=\"\u00c7orlu&#039;da Haber\" \/>\n\t<meta name=\"twitter:label2\" content=\"Tahmini okuma s\u00fcresi\" \/>\n\t<meta name=\"twitter:data2\" content=\"3 dakika\" \/>\n<script type=\"application\/ld+json\" class=\"yoast-schema-graph\">{\"@context\":\"https:\/\/schema.org\",\"@graph\":[{\"@type\":\"Article\",\"@id\":\"https:\/\/corludahaber.com\/h\/tekirdag-buyuksehir-belediyesi-tek-marketin-malkara-subesini-acti\/118391#article\",\"isPartOf\":{\"@id\":\"https:\/\/corludahaber.com\/h\/tekirdag-buyuksehir-belediyesi-tek-marketin-malkara-subesini-acti\/118391\"},\"author\":{\"name\":\"\u00c7orlu'da Haber\",\"@id\":\"https:\/\/corludahaber.com\/h\/#\/schema\/person\/b523522be44b062db5d74a62589768cd\"},\"headline\":\"Tekirda\u011f B\u00fcy\u00fck\u015fehir Belediyesi, TEK Market&#8217;in Malkara \u015fubesini a\u00e7t\u0131\",\"datePublished\":\"2026-03-15T10:23:45+00:00\",\"dateModified\":\"2026-03-15T10:23:54+00:00\",\"mainEntityOfPage\":{\"@id\":\"https:\/\/corludahaber.com\/h\/tekirdag-buyuksehir-belediyesi-tek-marketin-malkara-subesini-acti\/118391\"},\"wordCount\":566,\"commentCount\":0,\"publisher\":{\"@id\":\"https:\/\/corludahaber.com\/h\/#organization\"},\"image\":{\"@id\":\"https:\/\/corludahaber.com\/h\/tekirdag-buyuksehir-belediyesi-tek-marketin-malkara-subesini-acti\/118391#primaryimage\"},\"thumbnailUrl\":\"https:\/\/corludahaber.com\/h\/wp-content\/uploads\/2026\/03\/tekirdag-buyuksehir-belediyesi-tek-marketin-malkara-subesini-acti_69b688b5a46b4.jpeg\",\"keywords\":[\"A\u00c7TI\",\"asayi\u015f\",\"Belediyesi\",\"B\u00fcy\u00fck\u015fehir\",\"\u00c7orlu kaza\",\"\u00c7orlu son dakika kaza\",\"Malkara\",\"Market\",\"son dakika kaza\",\"\u015eubesini\",\"Tekirda\u011f\",\"Tekirda\u011f B\u00fcy\u00fck\u015fehir Belediyesi, TEK Market'in Malkara \u015fubesini a\u00e7t\u0131\"],\"articleSection\":[\"Ya\u015fam\"],\"inLanguage\":\"tr\",\"potentialAction\":[{\"@type\":\"CommentAction\",\"name\":\"Comment\",\"target\":[\"https:\/\/corludahaber.com\/h\/tekirdag-buyuksehir-belediyesi-tek-marketin-malkara-subesini-acti\/118391#respond\"]}]},{\"@type\":\"WebPage\",\"@id\":\"https:\/\/corludahaber.com\/h\/tekirdag-buyuksehir-belediyesi-tek-marketin-malkara-subesini-acti\/118391\",\"url\":\"https:\/\/corludahaber.com\/h\/tekirdag-buyuksehir-belediyesi-tek-marketin-malkara-subesini-acti\/118391\",\"name\":\"Tekirda\u011f B\u00fcy\u00fck\u015fehir Belediyesi, TEK Market'in Malkara \u015fubesini a\u00e7t\u0131 | \u00c7orlu&#039;da Haber\",\"isPartOf\":{\"@id\":\"https:\/\/corludahaber.com\/h\/#website\"},\"primaryImageOfPage\":{\"@id\":\"https:\/\/corludahaber.com\/h\/tekirdag-buyuksehir-belediyesi-tek-marketin-malkara-subesini-acti\/118391#primaryimage\"},\"image\":{\"@id\":\"https:\/\/corludahaber.com\/h\/tekirdag-buyuksehir-belediyesi-tek-marketin-malkara-subesini-acti\/118391#primaryimage\"},\"thumbnailUrl\":\"https:\/\/corludahaber.com\/h\/wp-content\/uploads\/2026\/03\/tekirdag-buyuksehir-belediyesi-tek-marketin-malkara-subesini-acti_69b688b5a46b4.jpeg\",\"datePublished\":\"2026-03-15T10:23:45+00:00\",\"dateModified\":\"2026-03-15T10:23:54+00:00\",\"description\":\"Tekirda\u011f B\u00fcy\u00fck\u015fehir Belediyesi, TEK Market'in Malkara \u015fubesini a\u00e7t\u0131 | \u00c7orlu&#039;da Haber\",\"breadcrumb\":{\"@id\":\"https:\/\/corludahaber.com\/h\/tekirdag-buyuksehir-belediyesi-tek-marketin-malkara-subesini-acti\/118391#breadcrumb\"},\"inLanguage\":\"tr\",\"potentialAction\":[{\"@type\":\"ReadAction\",\"target\":[\"https:\/\/corludahaber.com\/h\/tekirdag-buyuksehir-belediyesi-tek-marketin-malkara-subesini-acti\/118391\"]}]},{\"@type\":\"ImageObject\",\"inLanguage\":\"tr\",\"@id\":\"https:\/\/corludahaber.com\/h\/tekirdag-buyuksehir-belediyesi-tek-marketin-malkara-subesini-acti\/118391#primaryimage\",\"url\":\"https:\/\/corludahaber.com\/h\/wp-content\/uploads\/2026\/03\/tekirdag-buyuksehir-belediyesi-tek-marketin-malkara-subesini-acti_69b688b5a46b4.jpeg\",\"contentUrl\":\"https:\/\/corludahaber.com\/h\/wp-content\/uploads\/2026\/03\/tekirdag-buyuksehir-belediyesi-tek-marketin-malkara-subesini-acti_69b688b5a46b4.jpeg\",\"width\":2300,\"height\":1294},{\"@type\":\"BreadcrumbList\",\"@id\":\"https:\/\/corludahaber.com\/h\/tekirdag-buyuksehir-belediyesi-tek-marketin-malkara-subesini-acti\/118391#breadcrumb\",\"itemListElement\":[{\"@type\":\"ListItem\",\"position\":1,\"name\":\"Anasayfa\",\"item\":\"https:\/\/corludahaber.com\/h\/\"},{\"@type\":\"ListItem\",\"position\":2,\"name\":\"Ya\u015fam\",\"item\":\"https:\/\/corludahaber.com\/h\/kategori\/yasam\"},{\"@type\":\"ListItem\",\"position\":3,\"name\":\"Tekirda\u011f B\u00fcy\u00fck\u015fehir Belediyesi, TEK Market&#8217;in Malkara \u015fubesini a\u00e7t\u0131\"}]},{\"@type\":\"WebSite\",\"@id\":\"https:\/\/corludahaber.com\/h\/#website\",\"url\":\"https:\/\/corludahaber.com\/h\/\",\"name\":\"\u00c7orlu'da Haber\",\"description\":\"Ger\u00e7ek Tarafs\u0131z Haber\",\"publisher\":{\"@id\":\"https:\/\/corludahaber.com\/h\/#organization\"},\"potentialAction\":[{\"@type\":\"SearchAction\",\"target\":{\"@type\":\"EntryPoint\",\"urlTemplate\":\"https:\/\/corludahaber.com\/h\/?s={search_term_string}\"},\"query-input\":\"required name=search_term_string\"}],\"inLanguage\":\"tr\"},{\"@type\":\"Organization\",\"@id\":\"https:\/\/corludahaber.com\/h\/#organization\",\"name\":\"\u00c7orlu'da Haber\",\"url\":\"https:\/\/corludahaber.com\/h\/\",\"logo\":{\"@type\":\"ImageObject\",\"inLanguage\":\"tr\",\"@id\":\"https:\/\/corludahaber.com\/h\/#\/schema\/logo\/image\/\",\"url\":\"https:\/\/corludahaber.com\/h\/wp-content\/uploads\/2021\/12\/logo__9__1_-removebg-preview.png\",\"contentUrl\":\"https:\/\/corludahaber.com\/h\/wp-content\/uploads\/2021\/12\/logo__9__1_-removebg-preview.png\",\"width\":500,\"height\":157,\"caption\":\"\u00c7orlu'da Haber\"},\"image\":{\"@id\":\"https:\/\/corludahaber.com\/h\/#\/schema\/logo\/image\/\"},\"sameAs\":[\"https:\/\/facebook.com\/habercorluda\",\"https:\/\/x.com\/habercorluda\",\"https:\/\/www.instagram.com\/corludahaber\",\"https:\/\/www.youtube.com\/user\/corludahaber\"]},{\"@type\":\"Person\",\"@id\":\"https:\/\/corludahaber.com\/h\/#\/schema\/person\/b523522be44b062db5d74a62589768cd\",\"name\":\"\u00c7orlu'da Haber\",\"image\":{\"@type\":\"ImageObject\",\"inLanguage\":\"tr\",\"@id\":\"https:\/\/corludahaber.com\/h\/#\/schema\/person\/image\/\",\"url\":\"https:\/\/secure.gravatar.com\/avatar\/1033e54e078c29fd7f053370086ff627ba414b05c2b231c418a481adecd764ce?s=96&d=blank&r=g\",\"contentUrl\":\"https:\/\/secure.gravatar.com\/avatar\/1033e54e078c29fd7f053370086ff627ba414b05c2b231c418a481adecd764ce?s=96&d=blank&r=g\",\"caption\":\"\u00c7orlu'da Haber\"},\"sameAs\":[\"https:\/\/corludahaber.com\/h\"],\"url\":\"https:\/\/corludahaber.com\/h\/author\/admin\"}]}<\/script>\n<!-- \/ Yoast SEO Premium plugin. -->","yoast_head_json":{"title":"Tekirda\u011f B\u00fcy\u00fck\u015fehir Belediyesi, TEK Market'in Malkara \u015fubesini a\u00e7t\u0131 | \u00c7orlu&#039;da Haber","description":"Tekirda\u011f B\u00fcy\u00fck\u015fehir Belediyesi, TEK Market'in Malkara \u015fubesini a\u00e7t\u0131 | \u00c7orlu&#039;da Haber","robots":{"index":"index","follow":"follow","max-snippet":"max-snippet:-1","max-image-preview":"max-image-preview:large","max-video-preview":"max-video-preview:-1"},"canonical":"https:\/\/corludahaber.com\/h\/tekirdag-buyuksehir-belediyesi-tek-marketin-malkara-subesini-acti\/118391","og_locale":"tr_TR","og_type":"article","og_title":"Tekirda\u011f B\u00fcy\u00fck\u015fehir Belediyesi, TEK Market'in Malkara \u015fubesini a\u00e7t\u0131 | \u00c7orlu&#039;da Haber","og_description":"Tekirda\u011f B\u00fcy\u00fck\u015fehir Belediyesi, TEK Market'in Malkara \u015fubesini a\u00e7t\u0131 | \u00c7orlu&#039;da Haber","og_url":"https:\/\/corludahaber.com\/h\/tekirdag-buyuksehir-belediyesi-tek-marketin-malkara-subesini-acti\/118391","og_site_name":"\u00c7orlu&#039;da Haber","article_publisher":"https:\/\/facebook.com\/habercorluda","article_published_time":"2026-03-15T10:23:45+00:00","article_modified_time":"2026-03-15T10:23:54+00:00","og_image":[{"width":2300,"height":1294,"url":"http:\/\/corludahaber.com\/h\/wp-content\/uploads\/2026\/03\/tekirdag-buyuksehir-belediyesi-tek-marketin-malkara-subesini-acti_69b688b5a46b4.jpeg","type":"image\/jpeg"}],"author":"\u00c7orlu'da Haber","twitter_card":"summary_large_image","twitter_creator":"@habercorluda","twitter_site":"@habercorluda","twitter_misc":{"Yazan:":"\u00c7orlu'da Haber","Tahmini okuma s\u00fcresi":"3 dakika"},"schema":{"@context":"https:\/\/schema.org","@graph":[{"@type":"Article","@id":"https:\/\/corludahaber.com\/h\/tekirdag-buyuksehir-belediyesi-tek-marketin-malkara-subesini-acti\/118391#article","isPartOf":{"@id":"https:\/\/corludahaber.com\/h\/tekirdag-buyuksehir-belediyesi-tek-marketin-malkara-subesini-acti\/118391"},"author":{"name":"\u00c7orlu'da Haber","@id":"https:\/\/corludahaber.com\/h\/#\/schema\/person\/b523522be44b062db5d74a62589768cd"},"headline":"Tekirda\u011f B\u00fcy\u00fck\u015fehir Belediyesi, TEK Market&#8217;in Malkara \u015fubesini a\u00e7t\u0131","datePublished":"2026-03-15T10:23:45+00:00","dateModified":"2026-03-15T10:23:54+00:00","mainEntityOfPage":{"@id":"https:\/\/corludahaber.com\/h\/tekirdag-buyuksehir-belediyesi-tek-marketin-malkara-subesini-acti\/118391"},"wordCount":566,"commentCount":0,"publisher":{"@id":"https:\/\/corludahaber.com\/h\/#organization"},"image":{"@id":"https:\/\/corludahaber.com\/h\/tekirdag-buyuksehir-belediyesi-tek-marketin-malkara-subesini-acti\/118391#primaryimage"},"thumbnailUrl":"https:\/\/corludahaber.com\/h\/wp-content\/uploads\/2026\/03\/tekirdag-buyuksehir-belediyesi-tek-marketin-malkara-subesini-acti_69b688b5a46b4.jpeg","keywords":["A\u00c7TI","asayi\u015f","Belediyesi","B\u00fcy\u00fck\u015fehir","\u00c7orlu kaza","\u00c7orlu son dakika kaza","Malkara","Market","son dakika kaza","\u015eubesini","Tekirda\u011f","Tekirda\u011f B\u00fcy\u00fck\u015fehir Belediyesi, TEK Market'in Malkara \u015fubesini a\u00e7t\u0131"],"articleSection":["Ya\u015fam"],"inLanguage":"tr","potentialAction":[{"@type":"CommentAction","name":"Comment","target":["https:\/\/corludahaber.com\/h\/tekirdag-buyuksehir-belediyesi-tek-marketin-malkara-subesini-acti\/118391#respond"]}]},{"@type":"WebPage","@id":"https:\/\/corludahaber.com\/h\/tekirdag-buyuksehir-belediyesi-tek-marketin-malkara-subesini-acti\/118391","url":"https:\/\/corludahaber.com\/h\/tekirdag-buyuksehir-belediyesi-tek-marketin-malkara-subesini-acti\/118391","name":"Tekirda\u011f B\u00fcy\u00fck\u015fehir Belediyesi, TEK Market'in Malkara \u015fubesini a\u00e7t\u0131 | \u00c7orlu&#039;da Haber","isPartOf":{"@id":"https:\/\/corludahaber.com\/h\/#website"},"primaryImageOfPage":{"@id":"https:\/\/corludahaber.com\/h\/tekirdag-buyuksehir-belediyesi-tek-marketin-malkara-subesini-acti\/118391#primaryimage"},"image":{"@id":"https:\/\/corludahaber.com\/h\/tekirdag-buyuksehir-belediyesi-tek-marketin-malkara-subesini-acti\/118391#primaryimage"},"thumbnailUrl":"https:\/\/corludahaber.com\/h\/wp-content\/uploads\/2026\/03\/tekirdag-buyuksehir-belediyesi-tek-marketin-malkara-subesini-acti_69b688b5a46b4.jpeg","datePublished":"2026-03-15T10:23:45+00:00","dateModified":"2026-03-15T10:23:54+00:00","description":"Tekirda\u011f B\u00fcy\u00fck\u015fehir Belediyesi, TEK Market'in Malkara \u015fubesini a\u00e7t\u0131 | \u00c7orlu&#039;da Haber","breadcrumb":{"@id":"https:\/\/corludahaber.com\/h\/tekirdag-buyuksehir-belediyesi-tek-marketin-malkara-subesini-acti\/118391#breadcrumb"},"inLanguage":"tr","potentialAction":[{"@type":"ReadAction","target":["https:\/\/corludahaber.com\/h\/tekirdag-buyuksehir-belediyesi-tek-marketin-malkara-subesini-acti\/118391"]}]},{"@type":"ImageObject","inLanguage":"tr","@id":"https:\/\/corludahaber.com\/h\/tekirdag-buyuksehir-belediyesi-tek-marketin-malkara-subesini-acti\/118391#primaryimage","url":"https:\/\/corludahaber.com\/h\/wp-content\/uploads\/2026\/03\/tekirdag-buyuksehir-belediyesi-tek-marketin-malkara-subesini-acti_69b688b5a46b4.jpeg","contentUrl":"https:\/\/corludahaber.com\/h\/wp-content\/uploads\/2026\/03\/tekirdag-buyuksehir-belediyesi-tek-marketin-malkara-subesini-acti_69b688b5a46b4.jpeg","width":2300,"height":1294},{"@type":"BreadcrumbList","@id":"https:\/\/corludahaber.com\/h\/tekirdag-buyuksehir-belediyesi-tek-marketin-malkara-subesini-acti\/118391#breadcrumb","itemListElement":[{"@type":"ListItem","position":1,"name":"Anasayfa","item":"https:\/\/corludahaber.com\/h\/"},{"@type":"ListItem","position":2,"name":"Ya\u015fam","item":"https:\/\/corludahaber.com\/h\/kategori\/yasam"},{"@type":"ListItem","position":3,"name":"Tekirda\u011f B\u00fcy\u00fck\u015fehir Belediyesi, TEK Market&#8217;in Malkara \u015fubesini a\u00e7t\u0131"}]},{"@type":"WebSite","@id":"https:\/\/corludahaber.com\/h\/#website","url":"https:\/\/corludahaber.com\/h\/","name":"\u00c7orlu'da Haber","description":"Ger\u00e7ek Tarafs\u0131z Haber","publisher":{"@id":"https:\/\/corludahaber.com\/h\/#organization"},"potentialAction":[{"@type":"SearchAction","target":{"@type":"EntryPoint","urlTemplate":"https:\/\/corludahaber.com\/h\/?s={search_term_string}"},"query-input":"required name=search_term_string"}],"inLanguage":"tr"},{"@type":"Organization","@id":"https:\/\/corludahaber.com\/h\/#organization","name":"\u00c7orlu'da Haber","url":"https:\/\/corludahaber.com\/h\/","logo":{"@type":"ImageObject","inLanguage":"tr","@id":"https:\/\/corludahaber.com\/h\/#\/schema\/logo\/image\/","url":"https:\/\/corludahaber.com\/h\/wp-content\/uploads\/2021\/12\/logo__9__1_-removebg-preview.png","contentUrl":"https:\/\/corludahaber.com\/h\/wp-content\/uploads\/2021\/12\/logo__9__1_-removebg-preview.png","width":500,"height":157,"caption":"\u00c7orlu'da Haber"},"image":{"@id":"https:\/\/corludahaber.com\/h\/#\/schema\/logo\/image\/"},"sameAs":["https:\/\/facebook.com\/habercorluda","https:\/\/x.com\/habercorluda","https:\/\/www.instagram.com\/corludahaber","https:\/\/www.youtube.com\/user\/corludahaber"]},{"@type":"Person","@id":"https:\/\/corludahaber.com\/h\/#\/schema\/person\/b523522be44b062db5d74a62589768cd","name":"\u00c7orlu'da Haber","image":{"@type":"ImageObject","inLanguage":"tr","@id":"https:\/\/corludahaber.com\/h\/#\/schema\/person\/image\/","url":"https:\/\/secure.gravatar.com\/avatar\/1033e54e078c29fd7f053370086ff627ba414b05c2b231c418a481adecd764ce?s=96&d=blank&r=g","contentUrl":"https:\/\/secure.gravatar.com\/avatar\/1033e54e078c29fd7f053370086ff627ba414b05c2b231c418a481adecd764ce?s=96&d=blank&r=g","caption":"\u00c7orlu'da Haber"},"sameAs":["https:\/\/corludahaber.com\/h"],"url":"https:\/\/corludahaber.com\/h\/author\/admin"}]}},"_links":{"self":[{"href":"https:\/\/corludahaber.com\/h\/wp-json\/wp\/v2\/posts\/118391","targetHints":{"allow":["GET"]}}],"collection":[{"href":"https:\/\/corludahaber.com\/h\/wp-json\/wp\/v2\/posts"}],"about":[{"href":"https:\/\/corludahaber.com\/h\/wp-json\/wp\/v2\/types\/post"}],"author":[{"embeddable":true,"href":"https:\/\/corludahaber.com\/h\/wp-json\/wp\/v2\/users\/151"}],"replies":[{"embeddable":true,"href":"https:\/\/corludahaber.com\/h\/wp-json\/wp\/v2\/comments?post=118391"}],"version-history":[{"count":1,"href":"https:\/\/corludahaber.com\/h\/wp-json\/wp\/v2\/posts\/118391\/revisions"}],"predecessor-version":[{"id":118393,"href":"https:\/\/corludahaber.com\/h\/wp-json\/wp\/v2\/posts\/118391\/revisions\/118393"}],"wp:featuredmedia":[{"embeddable":true,"href":"https:\/\/corludahaber.com\/h\/wp-json\/wp\/v2\/media\/118392"}],"wp:attachment":[{"href":"https:\/\/corludahaber.com\/h\/wp-json\/wp\/v2\/media?parent=118391"}],"wp:term":[{"taxonomy":"category","embeddable":true,"href":"https:\/\/corludahaber.com\/h\/wp-json\/wp\/v2\/categories?post=118391"},{"taxonomy":"post_tag","embeddable":true,"href":"https:\/\/corludahaber.com\/h\/wp-json\/wp\/v2\/tags?post=118391"}],"curies":[{"name":"wp","href":"https:\/\/api.w.org\/{rel}","templated":true}]}}