{"id":118121,"date":"2026-02-27T14:02:24","date_gmt":"2026-02-27T11:02:24","guid":{"rendered":"https:\/\/corludahaber.com\/h\/sarkoyde-badem-agaclari-cicek-acti\/118121"},"modified":"2026-02-27T14:02:29","modified_gmt":"2026-02-27T11:02:29","slug":"sarkoyde-badem-agaclari-cicek-acti","status":"publish","type":"post","link":"https:\/\/corludahaber.com\/h\/sarkoyde-badem-agaclari-cicek-acti\/118121","title":{"rendered":"\u015eark\u00f6y&#8217;de badem a\u011fa\u00e7lar\u0131 \u00e7i\u00e7ek a\u00e7t\u0131"},"content":{"rendered":"<div class=\"corlu-icerikten-once_3\" id=\"corlu-634231106\"><script type='text\/javascript' src='https:\/\/platform-api.sharethis.com\/js\/sharethis.js#property=5ce8cf08af7d000012cb0ca1&product=inline-reaction-buttons' async='async'><\/script>\r\n\r\n<\/div><div readability=\"41\"><span class=\"category-name hidden\"><\/span><\/p><div class=\"corlu-icerik-2\" id=\"corlu-3737255984\"><!-- Admatic AUTO ads START -->\r\n<ins data-publisher=\"adm-pub-155556240050\" data-ad-network=\"659428a24d11b285b616c18d\"   class=\"adm-ads-area\"><\/ins>\r\n<script type=\"text\/javascript\" src=\"https:\/\/static.cdn.admatic.com.tr\/showad\/showad.min.js\"><\/script>\r\n<!-- Admatic AUTO ads END --><\/div>\n<p>Nuri \u00c7A\u011eLAR\/\u015eARK\u00d6Y(Tekirda\u011f), (Haber Merkezi)- T\u00dcRK\u0130YE&#8217;nin bir \u00e7ok b\u00f6lgesi so\u011fuk ve zorlu k\u0131\u015f \u015fartlar\u0131n\u0131 ya\u015farken  Tekirda\u011f&#8217;\u0131n \u015eark\u00f6y il\u00e7esinde  badem ve erik a\u011fa\u00e7lar\u0131 \u00e7i\u00e7ek a\u00e7t\u0131.<\/p>\n<p>\u015eark\u00f6y&#8217;\u00fcn y\u00fcksek kesimlerinde ge\u00e7en hava kar ve so\u011fuk hava etkili oldu. \u0130l\u00e7enin baz\u0131 kesimlerinde ise erkenci badem ve erik a\u011fa\u00e7lar\u0131 \u00e7i\u00e7eklerini a\u00e7t\u0131. \u015eenk\u00f6y Mahallesi Muhtar\u0131 Fatih Nar, &#8220;Hafta sonu \u015eark\u00f6y il\u00e7emizin y\u00fcksek kesimlerin so\u011fuk hava ve kar ya\u011f\u0131\u015f\u0131 etkili olurken sahil kesimlerde badem ve erik a\u011fa\u00e7lar\u0131n\u0131n \u00e7i\u00e7ek a\u00e7mas\u0131 b\u00f6lgemizde ar\u0131lar\u0131 da \u00e7i\u00e7ekler \u00fczerinde \u00e7al\u0131\u015ft\u0131\u011f\u0131n\u0131 g\u00f6zlemlemekteyiz. Sahil ikliminden dolay\u0131 10-12 dereceye d\u00fc\u015fmedi\u011fi i\u00e7in badem \u00e7i\u00e7ekleri erkenci de var, normal a\u00e7an da var. Onun i\u00e7in don ve dolu olmad\u0131\u011f\u0131 m\u00fcddet\u00e7e herhangi bir zarar\u0131 olmaz. Ge\u00e7ti\u011fimiz seneye ra\u011fmen ya\u011fmurlar g\u00fczel ya\u011fd\u0131. Bu sene toprak ya\u011fmur suyuna doydu&#8221; dedi. (Haber Merkezi)<\/p>\n<\/div>\n<div class=\"corlu-icerikten-sonra_3\" id=\"corlu-2239653122\"><p><img loading=\"lazy\" decoding=\"async\" class=\"aligncenter\" src=\"https:\/\/www.corludahaber.com\/bahcesehir.jpg\" alt=\"\" width=\"624\" height=\"196\" \/><\/p>\n<table style=\"text-align: left; width: 100%;\" border=\"1\" cellspacing=\"2\" cellpadding=\"2\">\n<tbody>\n<tr>\n<td style=\"background-color: #050805;\"><span style=\"font-size: 12pt;\"><small><small><em><strong><big><span style=\"color: #ff0000;\">Haber ve resimlerin telif haklar\u0131ndan dolay\u0131 kullan\u0131m\u0131 yasakt\u0131r<span style=\"color: #000000;\">.<\/span><\/span><span style=\"color: #000000;\">\u00a0<\/span><span style=\"color: #ffffff;\">Yaz\u0131l\u0131 izni al\u0131nmadan hi\u00e7bir yaz\u0131l\u0131, g\u00f6rsel, i\u015fitsel i\u00e7erik kopyalanamaz, de\u011fi\u015ftirilemez, yay\u0131nlanamaz veya sat\u0131lamaz. Aksi halde<\/span>\u00a0<span style=\"color: #ff0000;\">5846<span style=\"color: #ffffff;\">\u00a0<\/span><\/span><span style=\"color: #ffffff;\">say\u0131l\u0131 Fikir ve Sanat Eserleri Kanunu\u2019na ve<\/span>\u00a0<span style=\"color: #800000;\"><span style=\"color: #ff0000;\">6102<\/span><span style=\"color: #ffffff;\">\u00a0<\/span><\/span><span style=\"color: #ffffff;\">say\u0131l\u0131 maddesine g\u00f6re<\/span>\u00a0<span style=\"color: #ff0000;\">gerekli i\u015flemler uygulanacakt\u0131r.<\/span><br \/>\n<span style=\"color: #ffffff;\">\u00a9 Copyright 2014<\/span><\/big><\/strong><\/em><\/small><\/small><\/span><\/td>\n<\/tr>\n<\/tbody>\n<\/table>\n<p><small><small>\u00a0<\/small><\/small><\/p>\n<\/div>","protected":false},"excerpt":{"rendered":"<p>Nuri \u00c7A\u011eLAR\/\u015eARK\u00d6Y(Tekirda\u011f), (Haber Merkezi)- T\u00dcRK\u0130YE&#8217;nin bir \u00e7ok b\u00f6lgesi so\u011fuk ve zorlu k\u0131\u015f \u015fartlar\u0131n\u0131 ya\u015farken Tekirda\u011f&#8217;\u0131n \u015eark\u00f6y il\u00e7esinde badem ve erik a\u011fa\u00e7lar\u0131 \u00e7i\u00e7ek a\u00e7t\u0131. \u015eark\u00f6y&#8217;\u00fcn y\u00fcksek kesimlerinde ge\u00e7en hava kar ve so\u011fuk hava etkili oldu. \u0130l\u00e7enin baz\u0131 kesimlerinde ise erkenci badem ve erik a\u011fa\u00e7lar\u0131 \u00e7i\u00e7eklerini a\u00e7t\u0131. \u015eenk\u00f6y Mahallesi Muhtar\u0131 Fatih Nar, &#8220;Hafta sonu \u015eark\u00f6y il\u00e7emizin y\u00fcksek &hellip;<\/p>\n","protected":false},"author":151,"featured_media":118122,"comment_status":"open","ping_status":"closed","sticky":false,"template":"","format":"standard","meta":{"footnotes":""},"categories":[27],"tags":[4024,8197,8025,24549,2575,9376,15478,1098,32625,3661],"class_list":["post-118121","post","type-post","status-publish","format-standard","has-post-thumbnail","hentry","category-yasam","tag-acti","tag-agaclari","tag-asayis","tag-badem","tag-cicek","tag-corlu-kaza","tag-corlu-son-dakika-kaza","tag-sarkoy","tag-sarkoyde-badem-agaclari-cicek-acti","tag-son-dakika-kaza"],"yoast_head":"<!-- This site is optimized with the Yoast SEO Premium plugin v23.3 (Yoast SEO v23.3) - https:\/\/yoast.com\/wordpress\/plugins\/seo\/ -->\n<title>\u015eark\u00f6y&#039;de badem a\u011fa\u00e7lar\u0131 \u00e7i\u00e7ek a\u00e7t\u0131 | \u00c7orlu&#039;da Haber<\/title>\n<meta name=\"description\" content=\"\u015eark\u00f6y&#039;de badem a\u011fa\u00e7lar\u0131 \u00e7i\u00e7ek a\u00e7t\u0131 | \u00c7orlu&#039;da Haber\" \/>\n<meta name=\"robots\" content=\"index, follow, max-snippet:-1, max-image-preview:large, max-video-preview:-1\" \/>\n<link rel=\"canonical\" href=\"https:\/\/corludahaber.com\/h\/sarkoyde-badem-agaclari-cicek-acti\/118121\" \/>\n<meta property=\"og:locale\" content=\"tr_TR\" \/>\n<meta property=\"og:type\" content=\"article\" \/>\n<meta property=\"og:title\" content=\"\u015eark\u00f6y&#039;de badem a\u011fa\u00e7lar\u0131 \u00e7i\u00e7ek a\u00e7t\u0131 | \u00c7orlu&#039;da Haber\" \/>\n<meta property=\"og:description\" content=\"\u015eark\u00f6y&#039;de badem a\u011fa\u00e7lar\u0131 \u00e7i\u00e7ek a\u00e7t\u0131 | \u00c7orlu&#039;da Haber\" \/>\n<meta property=\"og:url\" content=\"https:\/\/corludahaber.com\/h\/sarkoyde-badem-agaclari-cicek-acti\/118121\" \/>\n<meta property=\"og:site_name\" content=\"\u00c7orlu&#039;da Haber\" \/>\n<meta property=\"article:publisher\" content=\"https:\/\/facebook.com\/habercorluda\" \/>\n<meta property=\"article:published_time\" content=\"2026-02-27T11:02:24+00:00\" \/>\n<meta property=\"article:modified_time\" content=\"2026-02-27T11:02:29+00:00\" \/>\n<meta property=\"og:image\" content=\"http:\/\/corludahaber.com\/h\/wp-content\/uploads\/2026\/02\/sarkoyde-badem-agaclari-cicek-acti_69a179c1d18a1.jpeg\" \/>\n\t<meta property=\"og:image:width\" content=\"2300\" \/>\n\t<meta property=\"og:image:height\" content=\"1009\" \/>\n\t<meta property=\"og:image:type\" content=\"image\/jpeg\" \/>\n<meta name=\"author\" content=\"\u00c7orlu&#039;da Haber\" \/>\n<meta name=\"twitter:card\" content=\"summary_large_image\" \/>\n<meta name=\"twitter:creator\" content=\"@habercorluda\" \/>\n<meta name=\"twitter:site\" content=\"@habercorluda\" \/>\n<meta name=\"twitter:label1\" content=\"Yazan:\" \/>\n\t<meta name=\"twitter:data1\" content=\"\u00c7orlu&#039;da Haber\" \/>\n\t<meta name=\"twitter:label2\" content=\"Tahmini okuma s\u00fcresi\" \/>\n\t<meta name=\"twitter:data2\" content=\"1 dakika\" \/>\n<script type=\"application\/ld+json\" class=\"yoast-schema-graph\">{\"@context\":\"https:\/\/schema.org\",\"@graph\":[{\"@type\":\"Article\",\"@id\":\"https:\/\/corludahaber.com\/h\/sarkoyde-badem-agaclari-cicek-acti\/118121#article\",\"isPartOf\":{\"@id\":\"https:\/\/corludahaber.com\/h\/sarkoyde-badem-agaclari-cicek-acti\/118121\"},\"author\":{\"name\":\"\u00c7orlu'da Haber\",\"@id\":\"https:\/\/corludahaber.com\/h\/#\/schema\/person\/b523522be44b062db5d74a62589768cd\"},\"headline\":\"\u015eark\u00f6y&#8217;de badem a\u011fa\u00e7lar\u0131 \u00e7i\u00e7ek a\u00e7t\u0131\",\"datePublished\":\"2026-02-27T11:02:24+00:00\",\"dateModified\":\"2026-02-27T11:02:29+00:00\",\"mainEntityOfPage\":{\"@id\":\"https:\/\/corludahaber.com\/h\/sarkoyde-badem-agaclari-cicek-acti\/118121\"},\"wordCount\":192,\"commentCount\":0,\"publisher\":{\"@id\":\"https:\/\/corludahaber.com\/h\/#organization\"},\"image\":{\"@id\":\"https:\/\/corludahaber.com\/h\/sarkoyde-badem-agaclari-cicek-acti\/118121#primaryimage\"},\"thumbnailUrl\":\"https:\/\/corludahaber.com\/h\/wp-content\/uploads\/2026\/02\/sarkoyde-badem-agaclari-cicek-acti_69a179c1d18a1.jpeg\",\"keywords\":[\"A\u00c7TI\",\"a\u011fa\u00e7lar\u0131\",\"asayi\u015f\",\"badem\",\"\u00e7i\u00e7ek\",\"\u00c7orlu kaza\",\"\u00c7orlu son dakika kaza\",\"\u015eark\u00f6y\",\"\u015eark\u00f6y'de badem a\u011fa\u00e7lar\u0131 \u00e7i\u00e7ek a\u00e7t\u0131\",\"son dakika kaza\"],\"articleSection\":[\"Ya\u015fam\"],\"inLanguage\":\"tr\",\"potentialAction\":[{\"@type\":\"CommentAction\",\"name\":\"Comment\",\"target\":[\"https:\/\/corludahaber.com\/h\/sarkoyde-badem-agaclari-cicek-acti\/118121#respond\"]}]},{\"@type\":\"WebPage\",\"@id\":\"https:\/\/corludahaber.com\/h\/sarkoyde-badem-agaclari-cicek-acti\/118121\",\"url\":\"https:\/\/corludahaber.com\/h\/sarkoyde-badem-agaclari-cicek-acti\/118121\",\"name\":\"\u015eark\u00f6y'de badem a\u011fa\u00e7lar\u0131 \u00e7i\u00e7ek a\u00e7t\u0131 | \u00c7orlu&#039;da Haber\",\"isPartOf\":{\"@id\":\"https:\/\/corludahaber.com\/h\/#website\"},\"primaryImageOfPage\":{\"@id\":\"https:\/\/corludahaber.com\/h\/sarkoyde-badem-agaclari-cicek-acti\/118121#primaryimage\"},\"image\":{\"@id\":\"https:\/\/corludahaber.com\/h\/sarkoyde-badem-agaclari-cicek-acti\/118121#primaryimage\"},\"thumbnailUrl\":\"https:\/\/corludahaber.com\/h\/wp-content\/uploads\/2026\/02\/sarkoyde-badem-agaclari-cicek-acti_69a179c1d18a1.jpeg\",\"datePublished\":\"2026-02-27T11:02:24+00:00\",\"dateModified\":\"2026-02-27T11:02:29+00:00\",\"description\":\"\u015eark\u00f6y'de badem a\u011fa\u00e7lar\u0131 \u00e7i\u00e7ek a\u00e7t\u0131 | \u00c7orlu&#039;da Haber\",\"breadcrumb\":{\"@id\":\"https:\/\/corludahaber.com\/h\/sarkoyde-badem-agaclari-cicek-acti\/118121#breadcrumb\"},\"inLanguage\":\"tr\",\"potentialAction\":[{\"@type\":\"ReadAction\",\"target\":[\"https:\/\/corludahaber.com\/h\/sarkoyde-badem-agaclari-cicek-acti\/118121\"]}]},{\"@type\":\"ImageObject\",\"inLanguage\":\"tr\",\"@id\":\"https:\/\/corludahaber.com\/h\/sarkoyde-badem-agaclari-cicek-acti\/118121#primaryimage\",\"url\":\"https:\/\/corludahaber.com\/h\/wp-content\/uploads\/2026\/02\/sarkoyde-badem-agaclari-cicek-acti_69a179c1d18a1.jpeg\",\"contentUrl\":\"https:\/\/corludahaber.com\/h\/wp-content\/uploads\/2026\/02\/sarkoyde-badem-agaclari-cicek-acti_69a179c1d18a1.jpeg\",\"width\":2300,\"height\":1009},{\"@type\":\"BreadcrumbList\",\"@id\":\"https:\/\/corludahaber.com\/h\/sarkoyde-badem-agaclari-cicek-acti\/118121#breadcrumb\",\"itemListElement\":[{\"@type\":\"ListItem\",\"position\":1,\"name\":\"Anasayfa\",\"item\":\"https:\/\/corludahaber.com\/h\/\"},{\"@type\":\"ListItem\",\"position\":2,\"name\":\"Ya\u015fam\",\"item\":\"https:\/\/corludahaber.com\/h\/kategori\/yasam\"},{\"@type\":\"ListItem\",\"position\":3,\"name\":\"\u015eark\u00f6y&#8217;de badem a\u011fa\u00e7lar\u0131 \u00e7i\u00e7ek a\u00e7t\u0131\"}]},{\"@type\":\"WebSite\",\"@id\":\"https:\/\/corludahaber.com\/h\/#website\",\"url\":\"https:\/\/corludahaber.com\/h\/\",\"name\":\"\u00c7orlu'da Haber\",\"description\":\"Ger\u00e7ek Tarafs\u0131z Haber\",\"publisher\":{\"@id\":\"https:\/\/corludahaber.com\/h\/#organization\"},\"potentialAction\":[{\"@type\":\"SearchAction\",\"target\":{\"@type\":\"EntryPoint\",\"urlTemplate\":\"https:\/\/corludahaber.com\/h\/?s={search_term_string}\"},\"query-input\":\"required name=search_term_string\"}],\"inLanguage\":\"tr\"},{\"@type\":\"Organization\",\"@id\":\"https:\/\/corludahaber.com\/h\/#organization\",\"name\":\"\u00c7orlu'da Haber\",\"url\":\"https:\/\/corludahaber.com\/h\/\",\"logo\":{\"@type\":\"ImageObject\",\"inLanguage\":\"tr\",\"@id\":\"https:\/\/corludahaber.com\/h\/#\/schema\/logo\/image\/\",\"url\":\"https:\/\/corludahaber.com\/h\/wp-content\/uploads\/2021\/12\/logo__9__1_-removebg-preview.png\",\"contentUrl\":\"https:\/\/corludahaber.com\/h\/wp-content\/uploads\/2021\/12\/logo__9__1_-removebg-preview.png\",\"width\":500,\"height\":157,\"caption\":\"\u00c7orlu'da Haber\"},\"image\":{\"@id\":\"https:\/\/corludahaber.com\/h\/#\/schema\/logo\/image\/\"},\"sameAs\":[\"https:\/\/facebook.com\/habercorluda\",\"https:\/\/x.com\/habercorluda\",\"https:\/\/www.instagram.com\/corludahaber\",\"https:\/\/www.youtube.com\/user\/corludahaber\"]},{\"@type\":\"Person\",\"@id\":\"https:\/\/corludahaber.com\/h\/#\/schema\/person\/b523522be44b062db5d74a62589768cd\",\"name\":\"\u00c7orlu'da Haber\",\"image\":{\"@type\":\"ImageObject\",\"inLanguage\":\"tr\",\"@id\":\"https:\/\/corludahaber.com\/h\/#\/schema\/person\/image\/\",\"url\":\"https:\/\/secure.gravatar.com\/avatar\/1033e54e078c29fd7f053370086ff627ba414b05c2b231c418a481adecd764ce?s=96&d=blank&r=g\",\"contentUrl\":\"https:\/\/secure.gravatar.com\/avatar\/1033e54e078c29fd7f053370086ff627ba414b05c2b231c418a481adecd764ce?s=96&d=blank&r=g\",\"caption\":\"\u00c7orlu'da Haber\"},\"sameAs\":[\"https:\/\/corludahaber.com\/h\"],\"url\":\"https:\/\/corludahaber.com\/h\/author\/admin\"}]}<\/script>\n<!-- \/ Yoast SEO Premium plugin. -->","yoast_head_json":{"title":"\u015eark\u00f6y'de badem a\u011fa\u00e7lar\u0131 \u00e7i\u00e7ek a\u00e7t\u0131 | \u00c7orlu&#039;da Haber","description":"\u015eark\u00f6y'de badem a\u011fa\u00e7lar\u0131 \u00e7i\u00e7ek a\u00e7t\u0131 | \u00c7orlu&#039;da Haber","robots":{"index":"index","follow":"follow","max-snippet":"max-snippet:-1","max-image-preview":"max-image-preview:large","max-video-preview":"max-video-preview:-1"},"canonical":"https:\/\/corludahaber.com\/h\/sarkoyde-badem-agaclari-cicek-acti\/118121","og_locale":"tr_TR","og_type":"article","og_title":"\u015eark\u00f6y'de badem a\u011fa\u00e7lar\u0131 \u00e7i\u00e7ek a\u00e7t\u0131 | \u00c7orlu&#039;da Haber","og_description":"\u015eark\u00f6y'de badem a\u011fa\u00e7lar\u0131 \u00e7i\u00e7ek a\u00e7t\u0131 | \u00c7orlu&#039;da Haber","og_url":"https:\/\/corludahaber.com\/h\/sarkoyde-badem-agaclari-cicek-acti\/118121","og_site_name":"\u00c7orlu&#039;da Haber","article_publisher":"https:\/\/facebook.com\/habercorluda","article_published_time":"2026-02-27T11:02:24+00:00","article_modified_time":"2026-02-27T11:02:29+00:00","og_image":[{"width":2300,"height":1009,"url":"http:\/\/corludahaber.com\/h\/wp-content\/uploads\/2026\/02\/sarkoyde-badem-agaclari-cicek-acti_69a179c1d18a1.jpeg","type":"image\/jpeg"}],"author":"\u00c7orlu'da Haber","twitter_card":"summary_large_image","twitter_creator":"@habercorluda","twitter_site":"@habercorluda","twitter_misc":{"Yazan:":"\u00c7orlu'da Haber","Tahmini okuma s\u00fcresi":"1 dakika"},"schema":{"@context":"https:\/\/schema.org","@graph":[{"@type":"Article","@id":"https:\/\/corludahaber.com\/h\/sarkoyde-badem-agaclari-cicek-acti\/118121#article","isPartOf":{"@id":"https:\/\/corludahaber.com\/h\/sarkoyde-badem-agaclari-cicek-acti\/118121"},"author":{"name":"\u00c7orlu'da Haber","@id":"https:\/\/corludahaber.com\/h\/#\/schema\/person\/b523522be44b062db5d74a62589768cd"},"headline":"\u015eark\u00f6y&#8217;de badem a\u011fa\u00e7lar\u0131 \u00e7i\u00e7ek a\u00e7t\u0131","datePublished":"2026-02-27T11:02:24+00:00","dateModified":"2026-02-27T11:02:29+00:00","mainEntityOfPage":{"@id":"https:\/\/corludahaber.com\/h\/sarkoyde-badem-agaclari-cicek-acti\/118121"},"wordCount":192,"commentCount":0,"publisher":{"@id":"https:\/\/corludahaber.com\/h\/#organization"},"image":{"@id":"https:\/\/corludahaber.com\/h\/sarkoyde-badem-agaclari-cicek-acti\/118121#primaryimage"},"thumbnailUrl":"https:\/\/corludahaber.com\/h\/wp-content\/uploads\/2026\/02\/sarkoyde-badem-agaclari-cicek-acti_69a179c1d18a1.jpeg","keywords":["A\u00c7TI","a\u011fa\u00e7lar\u0131","asayi\u015f","badem","\u00e7i\u00e7ek","\u00c7orlu kaza","\u00c7orlu son dakika kaza","\u015eark\u00f6y","\u015eark\u00f6y'de badem a\u011fa\u00e7lar\u0131 \u00e7i\u00e7ek a\u00e7t\u0131","son dakika kaza"],"articleSection":["Ya\u015fam"],"inLanguage":"tr","potentialAction":[{"@type":"CommentAction","name":"Comment","target":["https:\/\/corludahaber.com\/h\/sarkoyde-badem-agaclari-cicek-acti\/118121#respond"]}]},{"@type":"WebPage","@id":"https:\/\/corludahaber.com\/h\/sarkoyde-badem-agaclari-cicek-acti\/118121","url":"https:\/\/corludahaber.com\/h\/sarkoyde-badem-agaclari-cicek-acti\/118121","name":"\u015eark\u00f6y'de badem a\u011fa\u00e7lar\u0131 \u00e7i\u00e7ek a\u00e7t\u0131 | \u00c7orlu&#039;da Haber","isPartOf":{"@id":"https:\/\/corludahaber.com\/h\/#website"},"primaryImageOfPage":{"@id":"https:\/\/corludahaber.com\/h\/sarkoyde-badem-agaclari-cicek-acti\/118121#primaryimage"},"image":{"@id":"https:\/\/corludahaber.com\/h\/sarkoyde-badem-agaclari-cicek-acti\/118121#primaryimage"},"thumbnailUrl":"https:\/\/corludahaber.com\/h\/wp-content\/uploads\/2026\/02\/sarkoyde-badem-agaclari-cicek-acti_69a179c1d18a1.jpeg","datePublished":"2026-02-27T11:02:24+00:00","dateModified":"2026-02-27T11:02:29+00:00","description":"\u015eark\u00f6y'de badem a\u011fa\u00e7lar\u0131 \u00e7i\u00e7ek a\u00e7t\u0131 | \u00c7orlu&#039;da Haber","breadcrumb":{"@id":"https:\/\/corludahaber.com\/h\/sarkoyde-badem-agaclari-cicek-acti\/118121#breadcrumb"},"inLanguage":"tr","potentialAction":[{"@type":"ReadAction","target":["https:\/\/corludahaber.com\/h\/sarkoyde-badem-agaclari-cicek-acti\/118121"]}]},{"@type":"ImageObject","inLanguage":"tr","@id":"https:\/\/corludahaber.com\/h\/sarkoyde-badem-agaclari-cicek-acti\/118121#primaryimage","url":"https:\/\/corludahaber.com\/h\/wp-content\/uploads\/2026\/02\/sarkoyde-badem-agaclari-cicek-acti_69a179c1d18a1.jpeg","contentUrl":"https:\/\/corludahaber.com\/h\/wp-content\/uploads\/2026\/02\/sarkoyde-badem-agaclari-cicek-acti_69a179c1d18a1.jpeg","width":2300,"height":1009},{"@type":"BreadcrumbList","@id":"https:\/\/corludahaber.com\/h\/sarkoyde-badem-agaclari-cicek-acti\/118121#breadcrumb","itemListElement":[{"@type":"ListItem","position":1,"name":"Anasayfa","item":"https:\/\/corludahaber.com\/h\/"},{"@type":"ListItem","position":2,"name":"Ya\u015fam","item":"https:\/\/corludahaber.com\/h\/kategori\/yasam"},{"@type":"ListItem","position":3,"name":"\u015eark\u00f6y&#8217;de badem a\u011fa\u00e7lar\u0131 \u00e7i\u00e7ek a\u00e7t\u0131"}]},{"@type":"WebSite","@id":"https:\/\/corludahaber.com\/h\/#website","url":"https:\/\/corludahaber.com\/h\/","name":"\u00c7orlu'da Haber","description":"Ger\u00e7ek Tarafs\u0131z Haber","publisher":{"@id":"https:\/\/corludahaber.com\/h\/#organization"},"potentialAction":[{"@type":"SearchAction","target":{"@type":"EntryPoint","urlTemplate":"https:\/\/corludahaber.com\/h\/?s={search_term_string}"},"query-input":"required name=search_term_string"}],"inLanguage":"tr"},{"@type":"Organization","@id":"https:\/\/corludahaber.com\/h\/#organization","name":"\u00c7orlu'da Haber","url":"https:\/\/corludahaber.com\/h\/","logo":{"@type":"ImageObject","inLanguage":"tr","@id":"https:\/\/corludahaber.com\/h\/#\/schema\/logo\/image\/","url":"https:\/\/corludahaber.com\/h\/wp-content\/uploads\/2021\/12\/logo__9__1_-removebg-preview.png","contentUrl":"https:\/\/corludahaber.com\/h\/wp-content\/uploads\/2021\/12\/logo__9__1_-removebg-preview.png","width":500,"height":157,"caption":"\u00c7orlu'da Haber"},"image":{"@id":"https:\/\/corludahaber.com\/h\/#\/schema\/logo\/image\/"},"sameAs":["https:\/\/facebook.com\/habercorluda","https:\/\/x.com\/habercorluda","https:\/\/www.instagram.com\/corludahaber","https:\/\/www.youtube.com\/user\/corludahaber"]},{"@type":"Person","@id":"https:\/\/corludahaber.com\/h\/#\/schema\/person\/b523522be44b062db5d74a62589768cd","name":"\u00c7orlu'da Haber","image":{"@type":"ImageObject","inLanguage":"tr","@id":"https:\/\/corludahaber.com\/h\/#\/schema\/person\/image\/","url":"https:\/\/secure.gravatar.com\/avatar\/1033e54e078c29fd7f053370086ff627ba414b05c2b231c418a481adecd764ce?s=96&d=blank&r=g","contentUrl":"https:\/\/secure.gravatar.com\/avatar\/1033e54e078c29fd7f053370086ff627ba414b05c2b231c418a481adecd764ce?s=96&d=blank&r=g","caption":"\u00c7orlu'da Haber"},"sameAs":["https:\/\/corludahaber.com\/h"],"url":"https:\/\/corludahaber.com\/h\/author\/admin"}]}},"_links":{"self":[{"href":"https:\/\/corludahaber.com\/h\/wp-json\/wp\/v2\/posts\/118121","targetHints":{"allow":["GET"]}}],"collection":[{"href":"https:\/\/corludahaber.com\/h\/wp-json\/wp\/v2\/posts"}],"about":[{"href":"https:\/\/corludahaber.com\/h\/wp-json\/wp\/v2\/types\/post"}],"author":[{"embeddable":true,"href":"https:\/\/corludahaber.com\/h\/wp-json\/wp\/v2\/users\/151"}],"replies":[{"embeddable":true,"href":"https:\/\/corludahaber.com\/h\/wp-json\/wp\/v2\/comments?post=118121"}],"version-history":[{"count":1,"href":"https:\/\/corludahaber.com\/h\/wp-json\/wp\/v2\/posts\/118121\/revisions"}],"predecessor-version":[{"id":118123,"href":"https:\/\/corludahaber.com\/h\/wp-json\/wp\/v2\/posts\/118121\/revisions\/118123"}],"wp:featuredmedia":[{"embeddable":true,"href":"https:\/\/corludahaber.com\/h\/wp-json\/wp\/v2\/media\/118122"}],"wp:attachment":[{"href":"https:\/\/corludahaber.com\/h\/wp-json\/wp\/v2\/media?parent=118121"}],"wp:term":[{"taxonomy":"category","embeddable":true,"href":"https:\/\/corludahaber.com\/h\/wp-json\/wp\/v2\/categories?post=118121"},{"taxonomy":"post_tag","embeddable":true,"href":"https:\/\/corludahaber.com\/h\/wp-json\/wp\/v2\/tags?post=118121"}],"curies":[{"name":"wp","href":"https:\/\/api.w.org\/{rel}","templated":true}]}}