{"id":106286,"date":"2025-06-13T01:47:18","date_gmt":"2025-06-12T22:47:18","guid":{"rendered":"https:\/\/corludahaber.com\/h\/tekirdagda-59uncu-uluslararasi-kiraz-festivali-basladi-corluda-haber\/106286"},"modified":"2025-06-13T01:47:29","modified_gmt":"2025-06-12T22:47:29","slug":"tekirdagda-59uncu-uluslararasi-kiraz-festivali-basladi-corluda-haber","status":"publish","type":"post","link":"https:\/\/corludahaber.com\/h\/tekirdagda-59uncu-uluslararasi-kiraz-festivali-basladi-corluda-haber\/106286","title":{"rendered":"Tekirda\u011f&#8217;da 59&#8217;uncu Uluslararas\u0131 Kiraz Festivali ba\u015flad\u0131 | \u00c7orlu&#8217;da Haber"},"content":{"rendered":"<div class=\"corlu-icerikten-once_3\" id=\"corlu-496046590\"><script type='text\/javascript' src='https:\/\/platform-api.sharethis.com\/js\/sharethis.js#property=5ce8cf08af7d000012cb0ca1&product=inline-reaction-buttons' async='async'><\/script>\r\n\r\n<\/div><div readability=\"73\"><span class=\"category-name hidden\"><\/span><\/p><div class=\"corlu-icerik-2\" id=\"corlu-2628086424\"><!-- Admatic AUTO ads START -->\r\n<ins data-publisher=\"adm-pub-155556240050\" data-ad-network=\"659428a24d11b285b616c18d\"   class=\"adm-ads-area\"><\/ins>\r\n<script type=\"text\/javascript\" src=\"https:\/\/static.cdn.admatic.com.tr\/showad\/showad.min.js\"><\/script>\r\n<!-- Admatic AUTO ads END --><\/div>\n<p>Abdullah YAL\u00c7IN\/ TEK\u0130RDA\u011e, (DHA)- TEK\u0130RDA\u011e&#8217;da bu y\u0131l, 59&#8217;uncusu d\u00fczenlenen Uluslararas\u0131 Kiraz Festivali S\u00fcleymanpa\u015fa il\u00e7esinde ilk do\u011fdu\u011fu yer olan Naip Mahallesi\u2019nde renkli g\u00f6r\u00fcnt\u00fclerle ba\u015flad\u0131.<\/p>\n<p>Tekirda\u011f&#8217;da her y\u0131l haziran ay\u0131nda S\u00fcleymanpa\u015fa Belediyesi taraf\u0131ndan d\u00fczenlenen Uluslararas\u0131 Kiraz Festivali bu y\u0131l, 59&#8217;uncu kez kap\u0131lar\u0131n\u0131 a\u00e7t\u0131. Halk oyunlar\u0131 g\u00f6sterileriyle ba\u015flayan festivalin a\u00e7\u0131l\u0131\u015f\u0131na, Tekirda\u011f Vali Vekili Mustafa G\u00fcler, CHP Tekirda\u011f Milletvekili Nurten Yontar, Tekirda\u011f B\u00fcy\u00fck\u015fehir Belediye Ba\u015fkan\u0131 Dr. Candan Y\u00fcceer, S\u00fcleymanpa\u015fa Belediye Ba\u015fkan\u0131 Volkan Nallar il ve il\u00e7e protokol \u00fcyeleri, siyasi parti ve sivil toplum kurulu\u015flar\u0131 temsilcileri ile vatanda\u015flar kat\u0131ld\u0131. Vatanda\u015flar\u0131n yo\u011fun ilgi g\u00f6sterdi\u011fi a\u00e7\u0131l\u0131\u015fta b\u00f6lgeye \u00f6zg\u00fc kiraz \u00e7e\u015fitleri sergilendi. En g\u00fczel kiraz yar\u0131\u015fmas\u0131nda, \u00fcretici Vedat Ata\u00e7 birinci, Ru\u015fen \u00d6rnek ikinci, Mustafa Kurtkan ise \u00fc\u00e7\u00fcnc\u00fc oldu. Dereceye giren \u00fcreticilere \u00f6d\u00fclleri, protokol \u00fcyeleri taraf\u0131ndan verildi.<\/p>\n<p>&#8216;TEK\u0130RDA\u011e&#8217;IN TANITIMINDA B\u00dcY\u00dcK ROL OYNUYOR&#8217;<\/p>\n<p>Festivalin a\u00e7\u0131l\u0131\u015f\u0131nda konu\u015fan S\u00fcleymanpa\u015fa Belediye Ba\u015fkan\u0131 Volkan Nallar, organizasyonun Tekirda\u011f&#8217;\u0131n tan\u0131t\u0131m\u0131nda b\u00fcy\u00fck rol oynad\u0131\u011f\u0131n\u0131 s\u00f6yledi. Nallar, &#8220;3 g\u00fcn s\u00fcren c\u00fcmb\u00fc\u015f y\u0131l 1964\u2019\u00fc g\u00f6sterdi\u011finde kiraz festivali haline d\u00f6nm\u00fc\u015f ve T\u00fcrkiye\u2019nin d\u00f6rt bir yan\u0131ndan hatta d\u00fcnyan\u0131n \u00e7e\u015fitli \u00fclkelerinde bilinen bir organizasyon haline gelmi\u015ftir. Tekirda\u011f\u2019\u0131n tan\u0131t\u0131m\u0131nda b\u00fcy\u00fck rol oynayan, bir\u00e7ok k\u00fclt\u00fcrel ve sanatsal etkinli\u011fe ev sahipli\u011fi yapan Kiraz Festivali yar\u0131m asr\u0131 a\u015fan tarihi ile \u00fclkemizin en uzun s\u00fcredir devam eden etkinliklerinin ba\u015f\u0131nda gelmektedir&#8221; dedi.<\/p>\n<p>KORTEJ Y\u00dcR\u00dcY\u00dc\u015e\u00dc YAPILDI, FEST\u0130VAL ATE\u015e\u0130 YAKILDI <\/p>\n<p>Naip Mahallesi&#8217;ndeki a\u00e7\u0131l\u0131\u015f etkinliklerin ard\u0131ndan S\u00fcleymanpa\u015fa il\u00e7e merkezinde kortej y\u00fcr\u00fcy\u00fc\u015f\u00fc d\u00fczenlendi. \u00c7ok say\u0131da vatanda\u015f\u0131n kat\u0131ld\u0131\u011f\u0131 y\u00fcr\u00fcy\u00fc\u015f renkli g\u00f6r\u00fcnt\u00fclere ev sahipli\u011fi yapt\u0131. Animasyon ekipleri, halk oyunlar\u0131 gruplar\u0131 ve birbirinden renkli \u00e7izgi film karakterleri kortejde yer ald\u0131. H\u00fck\u00fcmet Caddesi boyunca devam eden y\u00fcr\u00fcy\u00fc\u015fte metrelerce uzunlukta T\u00fcrk bayra\u011f\u0131 a\u00e7\u0131ld\u0131. Tekirda\u011f Valili\u011fi \u00f6n\u00fcnde son bulan y\u00fcr\u00fcy\u00fc\u015f\u00fcn ard\u0131ndan burada kurulan sahnede festivalin geleneksel ate\u015fi yak\u0131ld\u0131.<\/p>\n<p>Renkli g\u00f6r\u00fcnt\u00fclerle ba\u015flayan festival \u00fc\u00e7 g\u00fcn boyunca konserler ve \u00e7e\u015fitli etkinliklerle devam edecek. (DHA)<\/p>\n<\/div>\n<div class=\"corlu-icerikten-sonra_3\" id=\"corlu-3500625416\"><p><img loading=\"lazy\" decoding=\"async\" class=\"aligncenter\" src=\"https:\/\/www.corludahaber.com\/bahcesehir.jpg\" alt=\"\" width=\"624\" height=\"196\" \/><\/p>\n<table style=\"text-align: left; width: 100%;\" border=\"1\" cellspacing=\"2\" cellpadding=\"2\">\n<tbody>\n<tr>\n<td style=\"background-color: #050805;\"><span style=\"font-size: 12pt;\"><small><small><em><strong><big><span style=\"color: #ff0000;\">Haber ve resimlerin telif haklar\u0131ndan dolay\u0131 kullan\u0131m\u0131 yasakt\u0131r<span style=\"color: #000000;\">.<\/span><\/span><span style=\"color: #000000;\">\u00a0<\/span><span style=\"color: #ffffff;\">Yaz\u0131l\u0131 izni al\u0131nmadan hi\u00e7bir yaz\u0131l\u0131, g\u00f6rsel, i\u015fitsel i\u00e7erik kopyalanamaz, de\u011fi\u015ftirilemez, yay\u0131nlanamaz veya sat\u0131lamaz. Aksi halde<\/span>\u00a0<span style=\"color: #ff0000;\">5846<span style=\"color: #ffffff;\">\u00a0<\/span><\/span><span style=\"color: #ffffff;\">say\u0131l\u0131 Fikir ve Sanat Eserleri Kanunu\u2019na ve<\/span>\u00a0<span style=\"color: #800000;\"><span style=\"color: #ff0000;\">6102<\/span><span style=\"color: #ffffff;\">\u00a0<\/span><\/span><span style=\"color: #ffffff;\">say\u0131l\u0131 maddesine g\u00f6re<\/span>\u00a0<span style=\"color: #ff0000;\">gerekli i\u015flemler uygulanacakt\u0131r.<\/span><br \/>\n<span style=\"color: #ffffff;\">\u00a9 Copyright 2014<\/span><\/big><\/strong><\/em><\/small><\/small><\/span><\/td>\n<\/tr>\n<\/tbody>\n<\/table>\n<p><small><small>\u00a0<\/small><\/small><\/p>\n<\/div>","protected":false},"excerpt":{"rendered":"<p>Abdullah YAL\u00c7IN\/ TEK\u0130RDA\u011e, (DHA)- TEK\u0130RDA\u011e&#8217;da bu y\u0131l, 59&#8217;uncusu d\u00fczenlenen Uluslararas\u0131 Kiraz Festivali S\u00fcleymanpa\u015fa il\u00e7esinde ilk do\u011fdu\u011fu yer olan Naip Mahallesi\u2019nde renkli g\u00f6r\u00fcnt\u00fclerle ba\u015flad\u0131. Tekirda\u011f&#8217;da her y\u0131l haziran ay\u0131nda S\u00fcleymanpa\u015fa Belediyesi taraf\u0131ndan d\u00fczenlenen Uluslararas\u0131 Kiraz Festivali bu y\u0131l, 59&#8217;uncu kez kap\u0131lar\u0131n\u0131 a\u00e7t\u0131. Halk oyunlar\u0131 g\u00f6sterileriyle ba\u015flayan festivalin a\u00e7\u0131l\u0131\u015f\u0131na, Tekirda\u011f Vali Vekili Mustafa G\u00fcler, CHP Tekirda\u011f Milletvekili &hellip;<\/p>\n","protected":false},"author":151,"featured_media":106287,"comment_status":"open","ping_status":"closed","sticky":false,"template":"","format":"standard","meta":{"footnotes":""},"categories":[56],"tags":[8025,380,411,9376,15478,565,603,564,3661,376,27350,1831],"class_list":["post-106286","post","type-post","status-publish","format-standard","has-post-thumbnail","hentry","category-aktuel","tag-asayis","tag-basladi","tag-corlu","tag-corlu-kaza","tag-corlu-son-dakika-kaza","tag-festivali","tag-haber","tag-kiraz","tag-son-dakika-kaza","tag-tekirdag","tag-tekirdagda-59uncu-uluslararasi-kiraz-festivali-basladi-corluda-haber","tag-uluslararasi"],"yoast_head":"<!-- This site is optimized with the Yoast SEO Premium plugin v23.3 (Yoast SEO v23.3) - https:\/\/yoast.com\/wordpress\/plugins\/seo\/ -->\n<title>Tekirda\u011f&#039;da 59&#039;uncu Uluslararas\u0131 Kiraz Festivali ba\u015flad\u0131 | \u00c7orlu&#039;da Haber | \u00c7orlu&#039;da Haber<\/title>\n<meta name=\"description\" content=\"Tekirda\u011f&#039;da 59&#039;uncu Uluslararas\u0131 Kiraz Festivali ba\u015flad\u0131 | \u00c7orlu&#039;da Haber | \u00c7orlu&#039;da Haber\" \/>\n<meta name=\"robots\" content=\"index, follow, max-snippet:-1, max-image-preview:large, max-video-preview:-1\" \/>\n<link rel=\"canonical\" href=\"https:\/\/corludahaber.com\/h\/tekirdagda-59uncu-uluslararasi-kiraz-festivali-basladi-corluda-haber\/106286\" \/>\n<meta property=\"og:locale\" content=\"tr_TR\" \/>\n<meta property=\"og:type\" content=\"article\" \/>\n<meta property=\"og:title\" content=\"Tekirda\u011f&#039;da 59&#039;uncu Uluslararas\u0131 Kiraz Festivali ba\u015flad\u0131 | \u00c7orlu&#039;da Haber | \u00c7orlu&#039;da Haber\" \/>\n<meta property=\"og:description\" content=\"Tekirda\u011f&#039;da 59&#039;uncu Uluslararas\u0131 Kiraz Festivali ba\u015flad\u0131 | \u00c7orlu&#039;da Haber | \u00c7orlu&#039;da Haber\" \/>\n<meta property=\"og:url\" content=\"https:\/\/corludahaber.com\/h\/tekirdagda-59uncu-uluslararasi-kiraz-festivali-basladi-corluda-haber\/106286\" \/>\n<meta property=\"og:site_name\" content=\"\u00c7orlu&#039;da Haber\" \/>\n<meta property=\"article:publisher\" content=\"https:\/\/facebook.com\/habercorluda\" \/>\n<meta property=\"article:published_time\" content=\"2025-06-12T22:47:18+00:00\" \/>\n<meta property=\"article:modified_time\" content=\"2025-06-12T22:47:29+00:00\" \/>\n<meta property=\"og:image\" content=\"http:\/\/corludahaber.com\/h\/wp-content\/uploads\/2025\/06\/tekirdagda-59uncu-uluslararasi-kiraz-festivali-basladi-corluda-haber_684b58f960391.jpeg\" \/>\n\t<meta property=\"og:image:width\" content=\"1280\" \/>\n\t<meta property=\"og:image:height\" content=\"960\" \/>\n\t<meta property=\"og:image:type\" content=\"image\/jpeg\" \/>\n<meta name=\"author\" content=\"\u00c7orlu&#039;da Haber\" \/>\n<meta name=\"twitter:card\" content=\"summary_large_image\" \/>\n<meta name=\"twitter:creator\" content=\"@habercorluda\" \/>\n<meta name=\"twitter:site\" content=\"@habercorluda\" \/>\n<meta name=\"twitter:label1\" content=\"Yazan:\" \/>\n\t<meta name=\"twitter:data1\" content=\"\u00c7orlu&#039;da Haber\" \/>\n\t<meta name=\"twitter:label2\" content=\"Tahmini okuma s\u00fcresi\" \/>\n\t<meta name=\"twitter:data2\" content=\"2 dakika\" \/>\n<script type=\"application\/ld+json\" class=\"yoast-schema-graph\">{\"@context\":\"https:\/\/schema.org\",\"@graph\":[{\"@type\":\"Article\",\"@id\":\"https:\/\/corludahaber.com\/h\/tekirdagda-59uncu-uluslararasi-kiraz-festivali-basladi-corluda-haber\/106286#article\",\"isPartOf\":{\"@id\":\"https:\/\/corludahaber.com\/h\/tekirdagda-59uncu-uluslararasi-kiraz-festivali-basladi-corluda-haber\/106286\"},\"author\":{\"name\":\"\u00c7orlu'da Haber\",\"@id\":\"https:\/\/corludahaber.com\/h\/#\/schema\/person\/b523522be44b062db5d74a62589768cd\"},\"headline\":\"Tekirda\u011f&#8217;da 59&#8217;uncu Uluslararas\u0131 Kiraz Festivali ba\u015flad\u0131 | \u00c7orlu&#8217;da Haber\",\"datePublished\":\"2025-06-12T22:47:18+00:00\",\"dateModified\":\"2025-06-12T22:47:29+00:00\",\"mainEntityOfPage\":{\"@id\":\"https:\/\/corludahaber.com\/h\/tekirdagda-59uncu-uluslararasi-kiraz-festivali-basladi-corluda-haber\/106286\"},\"wordCount\":432,\"commentCount\":0,\"publisher\":{\"@id\":\"https:\/\/corludahaber.com\/h\/#organization\"},\"image\":{\"@id\":\"https:\/\/corludahaber.com\/h\/tekirdagda-59uncu-uluslararasi-kiraz-festivali-basladi-corluda-haber\/106286#primaryimage\"},\"thumbnailUrl\":\"https:\/\/corludahaber.com\/h\/wp-content\/uploads\/2025\/06\/tekirdagda-59uncu-uluslararasi-kiraz-festivali-basladi-corluda-haber_684b58f960391.jpeg\",\"keywords\":[\"asayi\u015f\",\"Ba\u015flad\u0131\",\"\u00c7orlu\",\"\u00c7orlu kaza\",\"\u00c7orlu son dakika kaza\",\"Festivali\",\"Haber\",\"Kiraz\",\"son dakika kaza\",\"Tekirda\u011f\",\"Tekirda\u011f'da 59'uncu Uluslararas\u0131 Kiraz Festivali ba\u015flad\u0131 | \u00c7orlu'da Haber\",\"Uluslararas\u0131\"],\"articleSection\":[\"Akt\u00fcel\"],\"inLanguage\":\"tr\",\"potentialAction\":[{\"@type\":\"CommentAction\",\"name\":\"Comment\",\"target\":[\"https:\/\/corludahaber.com\/h\/tekirdagda-59uncu-uluslararasi-kiraz-festivali-basladi-corluda-haber\/106286#respond\"]}]},{\"@type\":\"WebPage\",\"@id\":\"https:\/\/corludahaber.com\/h\/tekirdagda-59uncu-uluslararasi-kiraz-festivali-basladi-corluda-haber\/106286\",\"url\":\"https:\/\/corludahaber.com\/h\/tekirdagda-59uncu-uluslararasi-kiraz-festivali-basladi-corluda-haber\/106286\",\"name\":\"Tekirda\u011f'da 59'uncu Uluslararas\u0131 Kiraz Festivali ba\u015flad\u0131 | \u00c7orlu'da Haber | \u00c7orlu&#039;da Haber\",\"isPartOf\":{\"@id\":\"https:\/\/corludahaber.com\/h\/#website\"},\"primaryImageOfPage\":{\"@id\":\"https:\/\/corludahaber.com\/h\/tekirdagda-59uncu-uluslararasi-kiraz-festivali-basladi-corluda-haber\/106286#primaryimage\"},\"image\":{\"@id\":\"https:\/\/corludahaber.com\/h\/tekirdagda-59uncu-uluslararasi-kiraz-festivali-basladi-corluda-haber\/106286#primaryimage\"},\"thumbnailUrl\":\"https:\/\/corludahaber.com\/h\/wp-content\/uploads\/2025\/06\/tekirdagda-59uncu-uluslararasi-kiraz-festivali-basladi-corluda-haber_684b58f960391.jpeg\",\"datePublished\":\"2025-06-12T22:47:18+00:00\",\"dateModified\":\"2025-06-12T22:47:29+00:00\",\"description\":\"Tekirda\u011f'da 59'uncu Uluslararas\u0131 Kiraz Festivali ba\u015flad\u0131 | \u00c7orlu'da Haber | \u00c7orlu&#039;da Haber\",\"breadcrumb\":{\"@id\":\"https:\/\/corludahaber.com\/h\/tekirdagda-59uncu-uluslararasi-kiraz-festivali-basladi-corluda-haber\/106286#breadcrumb\"},\"inLanguage\":\"tr\",\"potentialAction\":[{\"@type\":\"ReadAction\",\"target\":[\"https:\/\/corludahaber.com\/h\/tekirdagda-59uncu-uluslararasi-kiraz-festivali-basladi-corluda-haber\/106286\"]}]},{\"@type\":\"ImageObject\",\"inLanguage\":\"tr\",\"@id\":\"https:\/\/corludahaber.com\/h\/tekirdagda-59uncu-uluslararasi-kiraz-festivali-basladi-corluda-haber\/106286#primaryimage\",\"url\":\"https:\/\/corludahaber.com\/h\/wp-content\/uploads\/2025\/06\/tekirdagda-59uncu-uluslararasi-kiraz-festivali-basladi-corluda-haber_684b58f960391.jpeg\",\"contentUrl\":\"https:\/\/corludahaber.com\/h\/wp-content\/uploads\/2025\/06\/tekirdagda-59uncu-uluslararasi-kiraz-festivali-basladi-corluda-haber_684b58f960391.jpeg\",\"width\":1280,\"height\":960},{\"@type\":\"BreadcrumbList\",\"@id\":\"https:\/\/corludahaber.com\/h\/tekirdagda-59uncu-uluslararasi-kiraz-festivali-basladi-corluda-haber\/106286#breadcrumb\",\"itemListElement\":[{\"@type\":\"ListItem\",\"position\":1,\"name\":\"Anasayfa\",\"item\":\"https:\/\/corludahaber.com\/h\/\"},{\"@type\":\"ListItem\",\"position\":2,\"name\":\"Genel\",\"item\":\"https:\/\/corludahaber.com\/h\/kategori\/genel\"},{\"@type\":\"ListItem\",\"position\":3,\"name\":\"Tekirda\u011f&#8217;da 59&#8217;uncu Uluslararas\u0131 Kiraz Festivali ba\u015flad\u0131 | \u00c7orlu&#8217;da Haber\"}]},{\"@type\":\"WebSite\",\"@id\":\"https:\/\/corludahaber.com\/h\/#website\",\"url\":\"https:\/\/corludahaber.com\/h\/\",\"name\":\"\u00c7orlu'da Haber\",\"description\":\"Ger\u00e7ek Tarafs\u0131z Haber\",\"publisher\":{\"@id\":\"https:\/\/corludahaber.com\/h\/#organization\"},\"potentialAction\":[{\"@type\":\"SearchAction\",\"target\":{\"@type\":\"EntryPoint\",\"urlTemplate\":\"https:\/\/corludahaber.com\/h\/?s={search_term_string}\"},\"query-input\":\"required name=search_term_string\"}],\"inLanguage\":\"tr\"},{\"@type\":\"Organization\",\"@id\":\"https:\/\/corludahaber.com\/h\/#organization\",\"name\":\"\u00c7orlu'da Haber\",\"url\":\"https:\/\/corludahaber.com\/h\/\",\"logo\":{\"@type\":\"ImageObject\",\"inLanguage\":\"tr\",\"@id\":\"https:\/\/corludahaber.com\/h\/#\/schema\/logo\/image\/\",\"url\":\"https:\/\/corludahaber.com\/h\/wp-content\/uploads\/2021\/12\/logo__9__1_-removebg-preview.png\",\"contentUrl\":\"https:\/\/corludahaber.com\/h\/wp-content\/uploads\/2021\/12\/logo__9__1_-removebg-preview.png\",\"width\":500,\"height\":157,\"caption\":\"\u00c7orlu'da Haber\"},\"image\":{\"@id\":\"https:\/\/corludahaber.com\/h\/#\/schema\/logo\/image\/\"},\"sameAs\":[\"https:\/\/facebook.com\/habercorluda\",\"https:\/\/x.com\/habercorluda\",\"https:\/\/www.instagram.com\/corludahaber\",\"https:\/\/www.youtube.com\/user\/corludahaber\"]},{\"@type\":\"Person\",\"@id\":\"https:\/\/corludahaber.com\/h\/#\/schema\/person\/b523522be44b062db5d74a62589768cd\",\"name\":\"\u00c7orlu'da Haber\",\"image\":{\"@type\":\"ImageObject\",\"inLanguage\":\"tr\",\"@id\":\"https:\/\/corludahaber.com\/h\/#\/schema\/person\/image\/\",\"url\":\"https:\/\/secure.gravatar.com\/avatar\/1033e54e078c29fd7f053370086ff627ba414b05c2b231c418a481adecd764ce?s=96&d=blank&r=g\",\"contentUrl\":\"https:\/\/secure.gravatar.com\/avatar\/1033e54e078c29fd7f053370086ff627ba414b05c2b231c418a481adecd764ce?s=96&d=blank&r=g\",\"caption\":\"\u00c7orlu'da Haber\"},\"sameAs\":[\"https:\/\/corludahaber.com\/h\"],\"url\":\"https:\/\/corludahaber.com\/h\/author\/admin\"}]}<\/script>\n<!-- \/ Yoast SEO Premium plugin. -->","yoast_head_json":{"title":"Tekirda\u011f'da 59'uncu Uluslararas\u0131 Kiraz Festivali ba\u015flad\u0131 | \u00c7orlu'da Haber | \u00c7orlu&#039;da Haber","description":"Tekirda\u011f'da 59'uncu Uluslararas\u0131 Kiraz Festivali ba\u015flad\u0131 | \u00c7orlu'da Haber | \u00c7orlu&#039;da Haber","robots":{"index":"index","follow":"follow","max-snippet":"max-snippet:-1","max-image-preview":"max-image-preview:large","max-video-preview":"max-video-preview:-1"},"canonical":"https:\/\/corludahaber.com\/h\/tekirdagda-59uncu-uluslararasi-kiraz-festivali-basladi-corluda-haber\/106286","og_locale":"tr_TR","og_type":"article","og_title":"Tekirda\u011f'da 59'uncu Uluslararas\u0131 Kiraz Festivali ba\u015flad\u0131 | \u00c7orlu'da Haber | \u00c7orlu&#039;da Haber","og_description":"Tekirda\u011f'da 59'uncu Uluslararas\u0131 Kiraz Festivali ba\u015flad\u0131 | \u00c7orlu'da Haber | \u00c7orlu&#039;da Haber","og_url":"https:\/\/corludahaber.com\/h\/tekirdagda-59uncu-uluslararasi-kiraz-festivali-basladi-corluda-haber\/106286","og_site_name":"\u00c7orlu&#039;da Haber","article_publisher":"https:\/\/facebook.com\/habercorluda","article_published_time":"2025-06-12T22:47:18+00:00","article_modified_time":"2025-06-12T22:47:29+00:00","og_image":[{"width":1280,"height":960,"url":"http:\/\/corludahaber.com\/h\/wp-content\/uploads\/2025\/06\/tekirdagda-59uncu-uluslararasi-kiraz-festivali-basladi-corluda-haber_684b58f960391.jpeg","type":"image\/jpeg"}],"author":"\u00c7orlu'da Haber","twitter_card":"summary_large_image","twitter_creator":"@habercorluda","twitter_site":"@habercorluda","twitter_misc":{"Yazan:":"\u00c7orlu'da Haber","Tahmini okuma s\u00fcresi":"2 dakika"},"schema":{"@context":"https:\/\/schema.org","@graph":[{"@type":"Article","@id":"https:\/\/corludahaber.com\/h\/tekirdagda-59uncu-uluslararasi-kiraz-festivali-basladi-corluda-haber\/106286#article","isPartOf":{"@id":"https:\/\/corludahaber.com\/h\/tekirdagda-59uncu-uluslararasi-kiraz-festivali-basladi-corluda-haber\/106286"},"author":{"name":"\u00c7orlu'da Haber","@id":"https:\/\/corludahaber.com\/h\/#\/schema\/person\/b523522be44b062db5d74a62589768cd"},"headline":"Tekirda\u011f&#8217;da 59&#8217;uncu Uluslararas\u0131 Kiraz Festivali ba\u015flad\u0131 | \u00c7orlu&#8217;da Haber","datePublished":"2025-06-12T22:47:18+00:00","dateModified":"2025-06-12T22:47:29+00:00","mainEntityOfPage":{"@id":"https:\/\/corludahaber.com\/h\/tekirdagda-59uncu-uluslararasi-kiraz-festivali-basladi-corluda-haber\/106286"},"wordCount":432,"commentCount":0,"publisher":{"@id":"https:\/\/corludahaber.com\/h\/#organization"},"image":{"@id":"https:\/\/corludahaber.com\/h\/tekirdagda-59uncu-uluslararasi-kiraz-festivali-basladi-corluda-haber\/106286#primaryimage"},"thumbnailUrl":"https:\/\/corludahaber.com\/h\/wp-content\/uploads\/2025\/06\/tekirdagda-59uncu-uluslararasi-kiraz-festivali-basladi-corluda-haber_684b58f960391.jpeg","keywords":["asayi\u015f","Ba\u015flad\u0131","\u00c7orlu","\u00c7orlu kaza","\u00c7orlu son dakika kaza","Festivali","Haber","Kiraz","son dakika kaza","Tekirda\u011f","Tekirda\u011f'da 59'uncu Uluslararas\u0131 Kiraz Festivali ba\u015flad\u0131 | \u00c7orlu'da Haber","Uluslararas\u0131"],"articleSection":["Akt\u00fcel"],"inLanguage":"tr","potentialAction":[{"@type":"CommentAction","name":"Comment","target":["https:\/\/corludahaber.com\/h\/tekirdagda-59uncu-uluslararasi-kiraz-festivali-basladi-corluda-haber\/106286#respond"]}]},{"@type":"WebPage","@id":"https:\/\/corludahaber.com\/h\/tekirdagda-59uncu-uluslararasi-kiraz-festivali-basladi-corluda-haber\/106286","url":"https:\/\/corludahaber.com\/h\/tekirdagda-59uncu-uluslararasi-kiraz-festivali-basladi-corluda-haber\/106286","name":"Tekirda\u011f'da 59'uncu Uluslararas\u0131 Kiraz Festivali ba\u015flad\u0131 | \u00c7orlu'da Haber | \u00c7orlu&#039;da Haber","isPartOf":{"@id":"https:\/\/corludahaber.com\/h\/#website"},"primaryImageOfPage":{"@id":"https:\/\/corludahaber.com\/h\/tekirdagda-59uncu-uluslararasi-kiraz-festivali-basladi-corluda-haber\/106286#primaryimage"},"image":{"@id":"https:\/\/corludahaber.com\/h\/tekirdagda-59uncu-uluslararasi-kiraz-festivali-basladi-corluda-haber\/106286#primaryimage"},"thumbnailUrl":"https:\/\/corludahaber.com\/h\/wp-content\/uploads\/2025\/06\/tekirdagda-59uncu-uluslararasi-kiraz-festivali-basladi-corluda-haber_684b58f960391.jpeg","datePublished":"2025-06-12T22:47:18+00:00","dateModified":"2025-06-12T22:47:29+00:00","description":"Tekirda\u011f'da 59'uncu Uluslararas\u0131 Kiraz Festivali ba\u015flad\u0131 | \u00c7orlu'da Haber | \u00c7orlu&#039;da Haber","breadcrumb":{"@id":"https:\/\/corludahaber.com\/h\/tekirdagda-59uncu-uluslararasi-kiraz-festivali-basladi-corluda-haber\/106286#breadcrumb"},"inLanguage":"tr","potentialAction":[{"@type":"ReadAction","target":["https:\/\/corludahaber.com\/h\/tekirdagda-59uncu-uluslararasi-kiraz-festivali-basladi-corluda-haber\/106286"]}]},{"@type":"ImageObject","inLanguage":"tr","@id":"https:\/\/corludahaber.com\/h\/tekirdagda-59uncu-uluslararasi-kiraz-festivali-basladi-corluda-haber\/106286#primaryimage","url":"https:\/\/corludahaber.com\/h\/wp-content\/uploads\/2025\/06\/tekirdagda-59uncu-uluslararasi-kiraz-festivali-basladi-corluda-haber_684b58f960391.jpeg","contentUrl":"https:\/\/corludahaber.com\/h\/wp-content\/uploads\/2025\/06\/tekirdagda-59uncu-uluslararasi-kiraz-festivali-basladi-corluda-haber_684b58f960391.jpeg","width":1280,"height":960},{"@type":"BreadcrumbList","@id":"https:\/\/corludahaber.com\/h\/tekirdagda-59uncu-uluslararasi-kiraz-festivali-basladi-corluda-haber\/106286#breadcrumb","itemListElement":[{"@type":"ListItem","position":1,"name":"Anasayfa","item":"https:\/\/corludahaber.com\/h\/"},{"@type":"ListItem","position":2,"name":"Genel","item":"https:\/\/corludahaber.com\/h\/kategori\/genel"},{"@type":"ListItem","position":3,"name":"Tekirda\u011f&#8217;da 59&#8217;uncu Uluslararas\u0131 Kiraz Festivali ba\u015flad\u0131 | \u00c7orlu&#8217;da Haber"}]},{"@type":"WebSite","@id":"https:\/\/corludahaber.com\/h\/#website","url":"https:\/\/corludahaber.com\/h\/","name":"\u00c7orlu'da Haber","description":"Ger\u00e7ek Tarafs\u0131z Haber","publisher":{"@id":"https:\/\/corludahaber.com\/h\/#organization"},"potentialAction":[{"@type":"SearchAction","target":{"@type":"EntryPoint","urlTemplate":"https:\/\/corludahaber.com\/h\/?s={search_term_string}"},"query-input":"required name=search_term_string"}],"inLanguage":"tr"},{"@type":"Organization","@id":"https:\/\/corludahaber.com\/h\/#organization","name":"\u00c7orlu'da Haber","url":"https:\/\/corludahaber.com\/h\/","logo":{"@type":"ImageObject","inLanguage":"tr","@id":"https:\/\/corludahaber.com\/h\/#\/schema\/logo\/image\/","url":"https:\/\/corludahaber.com\/h\/wp-content\/uploads\/2021\/12\/logo__9__1_-removebg-preview.png","contentUrl":"https:\/\/corludahaber.com\/h\/wp-content\/uploads\/2021\/12\/logo__9__1_-removebg-preview.png","width":500,"height":157,"caption":"\u00c7orlu'da Haber"},"image":{"@id":"https:\/\/corludahaber.com\/h\/#\/schema\/logo\/image\/"},"sameAs":["https:\/\/facebook.com\/habercorluda","https:\/\/x.com\/habercorluda","https:\/\/www.instagram.com\/corludahaber","https:\/\/www.youtube.com\/user\/corludahaber"]},{"@type":"Person","@id":"https:\/\/corludahaber.com\/h\/#\/schema\/person\/b523522be44b062db5d74a62589768cd","name":"\u00c7orlu'da Haber","image":{"@type":"ImageObject","inLanguage":"tr","@id":"https:\/\/corludahaber.com\/h\/#\/schema\/person\/image\/","url":"https:\/\/secure.gravatar.com\/avatar\/1033e54e078c29fd7f053370086ff627ba414b05c2b231c418a481adecd764ce?s=96&d=blank&r=g","contentUrl":"https:\/\/secure.gravatar.com\/avatar\/1033e54e078c29fd7f053370086ff627ba414b05c2b231c418a481adecd764ce?s=96&d=blank&r=g","caption":"\u00c7orlu'da Haber"},"sameAs":["https:\/\/corludahaber.com\/h"],"url":"https:\/\/corludahaber.com\/h\/author\/admin"}]}},"_links":{"self":[{"href":"https:\/\/corludahaber.com\/h\/wp-json\/wp\/v2\/posts\/106286","targetHints":{"allow":["GET"]}}],"collection":[{"href":"https:\/\/corludahaber.com\/h\/wp-json\/wp\/v2\/posts"}],"about":[{"href":"https:\/\/corludahaber.com\/h\/wp-json\/wp\/v2\/types\/post"}],"author":[{"embeddable":true,"href":"https:\/\/corludahaber.com\/h\/wp-json\/wp\/v2\/users\/151"}],"replies":[{"embeddable":true,"href":"https:\/\/corludahaber.com\/h\/wp-json\/wp\/v2\/comments?post=106286"}],"version-history":[{"count":1,"href":"https:\/\/corludahaber.com\/h\/wp-json\/wp\/v2\/posts\/106286\/revisions"}],"predecessor-version":[{"id":106288,"href":"https:\/\/corludahaber.com\/h\/wp-json\/wp\/v2\/posts\/106286\/revisions\/106288"}],"wp:featuredmedia":[{"embeddable":true,"href":"https:\/\/corludahaber.com\/h\/wp-json\/wp\/v2\/media\/106287"}],"wp:attachment":[{"href":"https:\/\/corludahaber.com\/h\/wp-json\/wp\/v2\/media?parent=106286"}],"wp:term":[{"taxonomy":"category","embeddable":true,"href":"https:\/\/corludahaber.com\/h\/wp-json\/wp\/v2\/categories?post=106286"},{"taxonomy":"post_tag","embeddable":true,"href":"https:\/\/corludahaber.com\/h\/wp-json\/wp\/v2\/tags?post=106286"}],"curies":[{"name":"wp","href":"https:\/\/api.w.org\/{rel}","templated":true}]}}