{"id":104597,"date":"2025-05-20T16:49:18","date_gmt":"2025-05-20T13:49:18","guid":{"rendered":"https:\/\/corludahaber.com\/h\/corluda-3-katli-apartmanda-yangin-5-kisi-dumandan-etkilendi-corluda-haber\/104597"},"modified":"2025-05-20T16:49:38","modified_gmt":"2025-05-20T13:49:38","slug":"corluda-3-katli-apartmanda-yangin-5-kisi-dumandan-etkilendi-corluda-haber","status":"publish","type":"post","link":"https:\/\/corludahaber.com\/h\/corluda-3-katli-apartmanda-yangin-5-kisi-dumandan-etkilendi-corluda-haber\/104597","title":{"rendered":"\u00c7orlu&#8217;da 3 katl\u0131 apartmanda yang\u0131n: 5 ki\u015fi dumandan etkilendi | \u00c7orlu&#8217;da Haber"},"content":{"rendered":"<div class=\"corlu-icerikten-once_3\" id=\"corlu-3872267238\"><script type='text\/javascript' src='https:\/\/platform-api.sharethis.com\/js\/sharethis.js#property=5ce8cf08af7d000012cb0ca1&product=inline-reaction-buttons' async='async'><\/script>\r\n\r\n<\/div><div readability=\"46\"><span class=\"category-name hidden\"><\/span><\/p><div class=\"corlu-icerik-2\" id=\"corlu-3845208176\"><!-- Admatic AUTO ads START -->\r\n<ins data-publisher=\"adm-pub-155556240050\" data-ad-network=\"659428a24d11b285b616c18d\"   class=\"adm-ads-area\"><\/ins>\r\n<script type=\"text\/javascript\" src=\"https:\/\/static.cdn.admatic.com.tr\/showad\/showad.min.js\"><\/script>\r\n<!-- Admatic AUTO ads END --><\/div>\n<p>Mehmetcan ARSLAN \/ \u00c7ORLU (Tekirda\u011f), (DHA)- TEK\u0130RDA\u011e&#8217;\u0131n \u00c7orlu il\u00e7esinde apartman\u0131n \u00fc\u00e7\u00fcnc\u00fc kat\u0131ndaki dairede yang\u0131n \u00e7\u0131kt\u0131. \u0130tfaiye ekiplerinin kontrol alt\u0131na ald\u0131\u011f\u0131 yang\u0131nda, 5 ki\u015fi dumandan etkilendi. <\/p>\n<p>Yang\u0131n, il\u00e7ede \u015eeyhsinan  Mahallesi Abdi \u0130pek\u00e7i Sokak \u00fczerinde meydana geldi. \u00dc\u00e7 katl\u0131 binan\u0131n en \u00fcst kat\u0131ndaki oturma odas\u0131nda hen\u00fcz belirlenemeyen nedenle yang\u0131n \u00e7\u0131kt\u0131. Yang\u0131n\u0131 fark eden vatanda\u015flar\u0131n ihbar\u0131 \u00fczerine b\u00f6lgeye itfaiye, ambulans ve polis ekipleri sevk edildi. Yang\u0131n k\u0131sa s\u00fcrede kontrol alt\u0131na al\u0131n\u0131rken, apartmanda mahsur kalanlar itfaiye merdiveniyle tahliye edildi. Dumandan etkilendi\u011fi belirlenen 5 ki\u015fiye olay yerine gelen ambulanslarda m\u00fcdahaleleri yap\u0131ld\u0131. <\/p>\n<p>Yang\u0131n\u0131n \u00e7\u0131k\u0131\u015f nedeniyle ilgili inceleme ba\u015flat\u0131ld\u0131.(DHA)<\/p>\n<\/div>\n<div class=\"corlu-icerikten-sonra_3\" id=\"corlu-1681353441\"><p><img loading=\"lazy\" decoding=\"async\" class=\"aligncenter\" src=\"https:\/\/www.corludahaber.com\/bahcesehir.jpg\" alt=\"\" width=\"624\" height=\"196\" \/><\/p>\n<table style=\"text-align: left; width: 100%;\" border=\"1\" cellspacing=\"2\" cellpadding=\"2\">\n<tbody>\n<tr>\n<td style=\"background-color: #050805;\"><span style=\"font-size: 12pt;\"><small><small><em><strong><big><span style=\"color: #ff0000;\">Haber ve resimlerin telif haklar\u0131ndan dolay\u0131 kullan\u0131m\u0131 yasakt\u0131r<span style=\"color: #000000;\">.<\/span><\/span><span style=\"color: #000000;\">\u00a0<\/span><span style=\"color: #ffffff;\">Yaz\u0131l\u0131 izni al\u0131nmadan hi\u00e7bir yaz\u0131l\u0131, g\u00f6rsel, i\u015fitsel i\u00e7erik kopyalanamaz, de\u011fi\u015ftirilemez, yay\u0131nlanamaz veya sat\u0131lamaz. Aksi halde<\/span>\u00a0<span style=\"color: #ff0000;\">5846<span style=\"color: #ffffff;\">\u00a0<\/span><\/span><span style=\"color: #ffffff;\">say\u0131l\u0131 Fikir ve Sanat Eserleri Kanunu\u2019na ve<\/span>\u00a0<span style=\"color: #800000;\"><span style=\"color: #ff0000;\">6102<\/span><span style=\"color: #ffffff;\">\u00a0<\/span><\/span><span style=\"color: #ffffff;\">say\u0131l\u0131 maddesine g\u00f6re<\/span>\u00a0<span style=\"color: #ff0000;\">gerekli i\u015flemler uygulanacakt\u0131r.<\/span><br \/>\n<span style=\"color: #ffffff;\">\u00a9 Copyright 2014<\/span><\/big><\/strong><\/em><\/small><\/small><\/span><\/td>\n<\/tr>\n<\/tbody>\n<\/table>\n<p><small><small>\u00a0<\/small><\/small><\/p>\n<\/div>","protected":false},"excerpt":{"rendered":"<p>Mehmetcan ARSLAN \/ \u00c7ORLU (Tekirda\u011f), (DHA)- TEK\u0130RDA\u011e&#8217;\u0131n \u00c7orlu il\u00e7esinde apartman\u0131n \u00fc\u00e7\u00fcnc\u00fc kat\u0131ndaki dairede yang\u0131n \u00e7\u0131kt\u0131. \u0130tfaiye ekiplerinin kontrol alt\u0131na ald\u0131\u011f\u0131 yang\u0131nda, 5 ki\u015fi dumandan etkilendi. Yang\u0131n, il\u00e7ede \u015eeyhsinan Mahallesi Abdi \u0130pek\u00e7i Sokak \u00fczerinde meydana geldi. \u00dc\u00e7 katl\u0131 binan\u0131n en \u00fcst kat\u0131ndaki oturma odas\u0131nda hen\u00fcz belirlenemeyen nedenle yang\u0131n \u00e7\u0131kt\u0131. Yang\u0131n\u0131 fark eden vatanda\u015flar\u0131n ihbar\u0131 \u00fczerine b\u00f6lgeye &hellip;<\/p>\n","protected":false},"author":151,"featured_media":104598,"comment_status":"open","ping_status":"closed","sticky":false,"template":"","format":"standard","meta":{"footnotes":""},"categories":[56],"tags":[2866,8025,411,9376,15478,26273,609,610,603,6838,458,3661,608],"class_list":["post-104597","post","type-post","status-publish","format-standard","has-post-thumbnail","hentry","category-aktuel","tag-apartmanda","tag-asayis","tag-corlu","tag-corlu-kaza","tag-corlu-son-dakika-kaza","tag-corluda-3-katli-apartmanda-yangin-5-kisi-dumandan-etkilendi-corluda-haber","tag-dumandan","tag-etkilendi","tag-haber","tag-katli","tag-kisi","tag-son-dakika-kaza","tag-yangin"],"yoast_head":"<!-- This site is optimized with the Yoast SEO Premium plugin v23.3 (Yoast SEO v23.3) - https:\/\/yoast.com\/wordpress\/plugins\/seo\/ -->\n<title>\u00c7orlu&#039;da 3 katl\u0131 apartmanda yang\u0131n: 5 ki\u015fi dumandan etkilendi | \u00c7orlu&#039;da Haber | \u00c7orlu&#039;da Haber<\/title>\n<meta name=\"description\" content=\"\u00c7orlu&#039;da 3 katl\u0131 apartmanda yang\u0131n: 5 ki\u015fi dumandan etkilendi | \u00c7orlu&#039;da Haber | \u00c7orlu&#039;da Haber\" \/>\n<meta name=\"robots\" content=\"index, follow, max-snippet:-1, max-image-preview:large, max-video-preview:-1\" \/>\n<link rel=\"canonical\" href=\"https:\/\/corludahaber.com\/h\/corluda-3-katli-apartmanda-yangin-5-kisi-dumandan-etkilendi-corluda-haber\/104597\" \/>\n<meta property=\"og:locale\" content=\"tr_TR\" \/>\n<meta property=\"og:type\" content=\"article\" \/>\n<meta property=\"og:title\" content=\"\u00c7orlu&#039;da 3 katl\u0131 apartmanda yang\u0131n: 5 ki\u015fi dumandan etkilendi | \u00c7orlu&#039;da Haber | \u00c7orlu&#039;da Haber\" \/>\n<meta property=\"og:description\" content=\"\u00c7orlu&#039;da 3 katl\u0131 apartmanda yang\u0131n: 5 ki\u015fi dumandan etkilendi | \u00c7orlu&#039;da Haber | \u00c7orlu&#039;da Haber\" \/>\n<meta property=\"og:url\" content=\"https:\/\/corludahaber.com\/h\/corluda-3-katli-apartmanda-yangin-5-kisi-dumandan-etkilendi-corluda-haber\/104597\" \/>\n<meta property=\"og:site_name\" content=\"\u00c7orlu&#039;da Haber\" \/>\n<meta property=\"article:publisher\" content=\"https:\/\/facebook.com\/habercorluda\" \/>\n<meta property=\"article:published_time\" content=\"2025-05-20T13:49:18+00:00\" \/>\n<meta property=\"article:modified_time\" content=\"2025-05-20T13:49:38+00:00\" \/>\n<meta property=\"og:image\" content=\"http:\/\/corludahaber.com\/h\/wp-content\/uploads\/2025\/05\/corluda-3-katli-apartmanda-yangin-5-kisi-dumandan-etkilendi-corluda-haber_682c886676ac5-scaled.jpeg\" \/>\n\t<meta property=\"og:image:width\" content=\"1920\" \/>\n\t<meta property=\"og:image:height\" content=\"1259\" \/>\n\t<meta property=\"og:image:type\" content=\"image\/jpeg\" \/>\n<meta name=\"author\" content=\"\u00c7orlu&#039;da Haber\" \/>\n<meta name=\"twitter:card\" content=\"summary_large_image\" \/>\n<meta name=\"twitter:creator\" content=\"@habercorluda\" \/>\n<meta name=\"twitter:site\" content=\"@habercorluda\" \/>\n<meta name=\"twitter:label1\" content=\"Yazan:\" \/>\n\t<meta name=\"twitter:data1\" content=\"\u00c7orlu&#039;da Haber\" \/>\n\t<meta name=\"twitter:label2\" content=\"Tahmini okuma s\u00fcresi\" \/>\n\t<meta name=\"twitter:data2\" content=\"1 dakika\" \/>\n<script type=\"application\/ld+json\" class=\"yoast-schema-graph\">{\"@context\":\"https:\/\/schema.org\",\"@graph\":[{\"@type\":\"Article\",\"@id\":\"https:\/\/corludahaber.com\/h\/corluda-3-katli-apartmanda-yangin-5-kisi-dumandan-etkilendi-corluda-haber\/104597#article\",\"isPartOf\":{\"@id\":\"https:\/\/corludahaber.com\/h\/corluda-3-katli-apartmanda-yangin-5-kisi-dumandan-etkilendi-corluda-haber\/104597\"},\"author\":{\"name\":\"\u00c7orlu'da Haber\",\"@id\":\"https:\/\/corludahaber.com\/h\/#\/schema\/person\/b523522be44b062db5d74a62589768cd\"},\"headline\":\"\u00c7orlu&#8217;da 3 katl\u0131 apartmanda yang\u0131n: 5 ki\u015fi dumandan etkilendi | \u00c7orlu&#8217;da Haber\",\"datePublished\":\"2025-05-20T13:49:18+00:00\",\"dateModified\":\"2025-05-20T13:49:38+00:00\",\"mainEntityOfPage\":{\"@id\":\"https:\/\/corludahaber.com\/h\/corluda-3-katli-apartmanda-yangin-5-kisi-dumandan-etkilendi-corluda-haber\/104597\"},\"wordCount\":138,\"commentCount\":0,\"publisher\":{\"@id\":\"https:\/\/corludahaber.com\/h\/#organization\"},\"image\":{\"@id\":\"https:\/\/corludahaber.com\/h\/corluda-3-katli-apartmanda-yangin-5-kisi-dumandan-etkilendi-corluda-haber\/104597#primaryimage\"},\"thumbnailUrl\":\"https:\/\/corludahaber.com\/h\/wp-content\/uploads\/2025\/05\/corluda-3-katli-apartmanda-yangin-5-kisi-dumandan-etkilendi-corluda-haber_682c886676ac5-scaled.jpeg\",\"keywords\":[\"Apartmanda\",\"asayi\u015f\",\"\u00c7orlu\",\"\u00c7orlu kaza\",\"\u00c7orlu son dakika kaza\",\"\u00c7orlu'da 3 katl\u0131 apartmanda yang\u0131n: 5 ki\u015fi dumandan etkilendi | \u00c7orlu'da Haber\",\"Dumandan\",\"Etkilendi\",\"Haber\",\"katl\u0131\",\"ki\u015fi\",\"son dakika kaza\",\"Yang\u0131n\"],\"articleSection\":[\"Akt\u00fcel\"],\"inLanguage\":\"tr\",\"potentialAction\":[{\"@type\":\"CommentAction\",\"name\":\"Comment\",\"target\":[\"https:\/\/corludahaber.com\/h\/corluda-3-katli-apartmanda-yangin-5-kisi-dumandan-etkilendi-corluda-haber\/104597#respond\"]}]},{\"@type\":\"WebPage\",\"@id\":\"https:\/\/corludahaber.com\/h\/corluda-3-katli-apartmanda-yangin-5-kisi-dumandan-etkilendi-corluda-haber\/104597\",\"url\":\"https:\/\/corludahaber.com\/h\/corluda-3-katli-apartmanda-yangin-5-kisi-dumandan-etkilendi-corluda-haber\/104597\",\"name\":\"\u00c7orlu'da 3 katl\u0131 apartmanda yang\u0131n: 5 ki\u015fi dumandan etkilendi | \u00c7orlu'da Haber | \u00c7orlu&#039;da Haber\",\"isPartOf\":{\"@id\":\"https:\/\/corludahaber.com\/h\/#website\"},\"primaryImageOfPage\":{\"@id\":\"https:\/\/corludahaber.com\/h\/corluda-3-katli-apartmanda-yangin-5-kisi-dumandan-etkilendi-corluda-haber\/104597#primaryimage\"},\"image\":{\"@id\":\"https:\/\/corludahaber.com\/h\/corluda-3-katli-apartmanda-yangin-5-kisi-dumandan-etkilendi-corluda-haber\/104597#primaryimage\"},\"thumbnailUrl\":\"https:\/\/corludahaber.com\/h\/wp-content\/uploads\/2025\/05\/corluda-3-katli-apartmanda-yangin-5-kisi-dumandan-etkilendi-corluda-haber_682c886676ac5-scaled.jpeg\",\"datePublished\":\"2025-05-20T13:49:18+00:00\",\"dateModified\":\"2025-05-20T13:49:38+00:00\",\"description\":\"\u00c7orlu'da 3 katl\u0131 apartmanda yang\u0131n: 5 ki\u015fi dumandan etkilendi | \u00c7orlu'da Haber | \u00c7orlu&#039;da Haber\",\"breadcrumb\":{\"@id\":\"https:\/\/corludahaber.com\/h\/corluda-3-katli-apartmanda-yangin-5-kisi-dumandan-etkilendi-corluda-haber\/104597#breadcrumb\"},\"inLanguage\":\"tr\",\"potentialAction\":[{\"@type\":\"ReadAction\",\"target\":[\"https:\/\/corludahaber.com\/h\/corluda-3-katli-apartmanda-yangin-5-kisi-dumandan-etkilendi-corluda-haber\/104597\"]}]},{\"@type\":\"ImageObject\",\"inLanguage\":\"tr\",\"@id\":\"https:\/\/corludahaber.com\/h\/corluda-3-katli-apartmanda-yangin-5-kisi-dumandan-etkilendi-corluda-haber\/104597#primaryimage\",\"url\":\"https:\/\/corludahaber.com\/h\/wp-content\/uploads\/2025\/05\/corluda-3-katli-apartmanda-yangin-5-kisi-dumandan-etkilendi-corluda-haber_682c886676ac5-scaled.jpeg\",\"contentUrl\":\"https:\/\/corludahaber.com\/h\/wp-content\/uploads\/2025\/05\/corluda-3-katli-apartmanda-yangin-5-kisi-dumandan-etkilendi-corluda-haber_682c886676ac5-scaled.jpeg\",\"width\":1920,\"height\":1259},{\"@type\":\"BreadcrumbList\",\"@id\":\"https:\/\/corludahaber.com\/h\/corluda-3-katli-apartmanda-yangin-5-kisi-dumandan-etkilendi-corluda-haber\/104597#breadcrumb\",\"itemListElement\":[{\"@type\":\"ListItem\",\"position\":1,\"name\":\"Anasayfa\",\"item\":\"https:\/\/corludahaber.com\/h\/\"},{\"@type\":\"ListItem\",\"position\":2,\"name\":\"Genel\",\"item\":\"https:\/\/corludahaber.com\/h\/kategori\/genel\"},{\"@type\":\"ListItem\",\"position\":3,\"name\":\"\u00c7orlu&#8217;da 3 katl\u0131 apartmanda yang\u0131n: 5 ki\u015fi dumandan etkilendi | \u00c7orlu&#8217;da Haber\"}]},{\"@type\":\"WebSite\",\"@id\":\"https:\/\/corludahaber.com\/h\/#website\",\"url\":\"https:\/\/corludahaber.com\/h\/\",\"name\":\"\u00c7orlu'da Haber\",\"description\":\"Ger\u00e7ek Tarafs\u0131z Haber\",\"publisher\":{\"@id\":\"https:\/\/corludahaber.com\/h\/#organization\"},\"potentialAction\":[{\"@type\":\"SearchAction\",\"target\":{\"@type\":\"EntryPoint\",\"urlTemplate\":\"https:\/\/corludahaber.com\/h\/?s={search_term_string}\"},\"query-input\":\"required name=search_term_string\"}],\"inLanguage\":\"tr\"},{\"@type\":\"Organization\",\"@id\":\"https:\/\/corludahaber.com\/h\/#organization\",\"name\":\"\u00c7orlu'da Haber\",\"url\":\"https:\/\/corludahaber.com\/h\/\",\"logo\":{\"@type\":\"ImageObject\",\"inLanguage\":\"tr\",\"@id\":\"https:\/\/corludahaber.com\/h\/#\/schema\/logo\/image\/\",\"url\":\"https:\/\/corludahaber.com\/h\/wp-content\/uploads\/2021\/12\/logo__9__1_-removebg-preview.png\",\"contentUrl\":\"https:\/\/corludahaber.com\/h\/wp-content\/uploads\/2021\/12\/logo__9__1_-removebg-preview.png\",\"width\":500,\"height\":157,\"caption\":\"\u00c7orlu'da Haber\"},\"image\":{\"@id\":\"https:\/\/corludahaber.com\/h\/#\/schema\/logo\/image\/\"},\"sameAs\":[\"https:\/\/facebook.com\/habercorluda\",\"https:\/\/x.com\/habercorluda\",\"https:\/\/www.instagram.com\/corludahaber\",\"https:\/\/www.youtube.com\/user\/corludahaber\"]},{\"@type\":\"Person\",\"@id\":\"https:\/\/corludahaber.com\/h\/#\/schema\/person\/b523522be44b062db5d74a62589768cd\",\"name\":\"\u00c7orlu'da Haber\",\"image\":{\"@type\":\"ImageObject\",\"inLanguage\":\"tr\",\"@id\":\"https:\/\/corludahaber.com\/h\/#\/schema\/person\/image\/\",\"url\":\"https:\/\/secure.gravatar.com\/avatar\/1033e54e078c29fd7f053370086ff627ba414b05c2b231c418a481adecd764ce?s=96&d=blank&r=g\",\"contentUrl\":\"https:\/\/secure.gravatar.com\/avatar\/1033e54e078c29fd7f053370086ff627ba414b05c2b231c418a481adecd764ce?s=96&d=blank&r=g\",\"caption\":\"\u00c7orlu'da Haber\"},\"sameAs\":[\"https:\/\/corludahaber.com\/h\"],\"url\":\"https:\/\/corludahaber.com\/h\/author\/admin\"}]}<\/script>\n<!-- \/ Yoast SEO Premium plugin. -->","yoast_head_json":{"title":"\u00c7orlu'da 3 katl\u0131 apartmanda yang\u0131n: 5 ki\u015fi dumandan etkilendi | \u00c7orlu'da Haber | \u00c7orlu&#039;da Haber","description":"\u00c7orlu'da 3 katl\u0131 apartmanda yang\u0131n: 5 ki\u015fi dumandan etkilendi | \u00c7orlu'da Haber | \u00c7orlu&#039;da Haber","robots":{"index":"index","follow":"follow","max-snippet":"max-snippet:-1","max-image-preview":"max-image-preview:large","max-video-preview":"max-video-preview:-1"},"canonical":"https:\/\/corludahaber.com\/h\/corluda-3-katli-apartmanda-yangin-5-kisi-dumandan-etkilendi-corluda-haber\/104597","og_locale":"tr_TR","og_type":"article","og_title":"\u00c7orlu'da 3 katl\u0131 apartmanda yang\u0131n: 5 ki\u015fi dumandan etkilendi | \u00c7orlu'da Haber | \u00c7orlu&#039;da Haber","og_description":"\u00c7orlu'da 3 katl\u0131 apartmanda yang\u0131n: 5 ki\u015fi dumandan etkilendi | \u00c7orlu'da Haber | \u00c7orlu&#039;da Haber","og_url":"https:\/\/corludahaber.com\/h\/corluda-3-katli-apartmanda-yangin-5-kisi-dumandan-etkilendi-corluda-haber\/104597","og_site_name":"\u00c7orlu&#039;da Haber","article_publisher":"https:\/\/facebook.com\/habercorluda","article_published_time":"2025-05-20T13:49:18+00:00","article_modified_time":"2025-05-20T13:49:38+00:00","og_image":[{"width":1920,"height":1259,"url":"http:\/\/corludahaber.com\/h\/wp-content\/uploads\/2025\/05\/corluda-3-katli-apartmanda-yangin-5-kisi-dumandan-etkilendi-corluda-haber_682c886676ac5-scaled.jpeg","type":"image\/jpeg"}],"author":"\u00c7orlu'da Haber","twitter_card":"summary_large_image","twitter_creator":"@habercorluda","twitter_site":"@habercorluda","twitter_misc":{"Yazan:":"\u00c7orlu'da Haber","Tahmini okuma s\u00fcresi":"1 dakika"},"schema":{"@context":"https:\/\/schema.org","@graph":[{"@type":"Article","@id":"https:\/\/corludahaber.com\/h\/corluda-3-katli-apartmanda-yangin-5-kisi-dumandan-etkilendi-corluda-haber\/104597#article","isPartOf":{"@id":"https:\/\/corludahaber.com\/h\/corluda-3-katli-apartmanda-yangin-5-kisi-dumandan-etkilendi-corluda-haber\/104597"},"author":{"name":"\u00c7orlu'da Haber","@id":"https:\/\/corludahaber.com\/h\/#\/schema\/person\/b523522be44b062db5d74a62589768cd"},"headline":"\u00c7orlu&#8217;da 3 katl\u0131 apartmanda yang\u0131n: 5 ki\u015fi dumandan etkilendi | \u00c7orlu&#8217;da Haber","datePublished":"2025-05-20T13:49:18+00:00","dateModified":"2025-05-20T13:49:38+00:00","mainEntityOfPage":{"@id":"https:\/\/corludahaber.com\/h\/corluda-3-katli-apartmanda-yangin-5-kisi-dumandan-etkilendi-corluda-haber\/104597"},"wordCount":138,"commentCount":0,"publisher":{"@id":"https:\/\/corludahaber.com\/h\/#organization"},"image":{"@id":"https:\/\/corludahaber.com\/h\/corluda-3-katli-apartmanda-yangin-5-kisi-dumandan-etkilendi-corluda-haber\/104597#primaryimage"},"thumbnailUrl":"https:\/\/corludahaber.com\/h\/wp-content\/uploads\/2025\/05\/corluda-3-katli-apartmanda-yangin-5-kisi-dumandan-etkilendi-corluda-haber_682c886676ac5-scaled.jpeg","keywords":["Apartmanda","asayi\u015f","\u00c7orlu","\u00c7orlu kaza","\u00c7orlu son dakika kaza","\u00c7orlu'da 3 katl\u0131 apartmanda yang\u0131n: 5 ki\u015fi dumandan etkilendi | \u00c7orlu'da Haber","Dumandan","Etkilendi","Haber","katl\u0131","ki\u015fi","son dakika kaza","Yang\u0131n"],"articleSection":["Akt\u00fcel"],"inLanguage":"tr","potentialAction":[{"@type":"CommentAction","name":"Comment","target":["https:\/\/corludahaber.com\/h\/corluda-3-katli-apartmanda-yangin-5-kisi-dumandan-etkilendi-corluda-haber\/104597#respond"]}]},{"@type":"WebPage","@id":"https:\/\/corludahaber.com\/h\/corluda-3-katli-apartmanda-yangin-5-kisi-dumandan-etkilendi-corluda-haber\/104597","url":"https:\/\/corludahaber.com\/h\/corluda-3-katli-apartmanda-yangin-5-kisi-dumandan-etkilendi-corluda-haber\/104597","name":"\u00c7orlu'da 3 katl\u0131 apartmanda yang\u0131n: 5 ki\u015fi dumandan etkilendi | \u00c7orlu'da Haber | \u00c7orlu&#039;da Haber","isPartOf":{"@id":"https:\/\/corludahaber.com\/h\/#website"},"primaryImageOfPage":{"@id":"https:\/\/corludahaber.com\/h\/corluda-3-katli-apartmanda-yangin-5-kisi-dumandan-etkilendi-corluda-haber\/104597#primaryimage"},"image":{"@id":"https:\/\/corludahaber.com\/h\/corluda-3-katli-apartmanda-yangin-5-kisi-dumandan-etkilendi-corluda-haber\/104597#primaryimage"},"thumbnailUrl":"https:\/\/corludahaber.com\/h\/wp-content\/uploads\/2025\/05\/corluda-3-katli-apartmanda-yangin-5-kisi-dumandan-etkilendi-corluda-haber_682c886676ac5-scaled.jpeg","datePublished":"2025-05-20T13:49:18+00:00","dateModified":"2025-05-20T13:49:38+00:00","description":"\u00c7orlu'da 3 katl\u0131 apartmanda yang\u0131n: 5 ki\u015fi dumandan etkilendi | \u00c7orlu'da Haber | \u00c7orlu&#039;da Haber","breadcrumb":{"@id":"https:\/\/corludahaber.com\/h\/corluda-3-katli-apartmanda-yangin-5-kisi-dumandan-etkilendi-corluda-haber\/104597#breadcrumb"},"inLanguage":"tr","potentialAction":[{"@type":"ReadAction","target":["https:\/\/corludahaber.com\/h\/corluda-3-katli-apartmanda-yangin-5-kisi-dumandan-etkilendi-corluda-haber\/104597"]}]},{"@type":"ImageObject","inLanguage":"tr","@id":"https:\/\/corludahaber.com\/h\/corluda-3-katli-apartmanda-yangin-5-kisi-dumandan-etkilendi-corluda-haber\/104597#primaryimage","url":"https:\/\/corludahaber.com\/h\/wp-content\/uploads\/2025\/05\/corluda-3-katli-apartmanda-yangin-5-kisi-dumandan-etkilendi-corluda-haber_682c886676ac5-scaled.jpeg","contentUrl":"https:\/\/corludahaber.com\/h\/wp-content\/uploads\/2025\/05\/corluda-3-katli-apartmanda-yangin-5-kisi-dumandan-etkilendi-corluda-haber_682c886676ac5-scaled.jpeg","width":1920,"height":1259},{"@type":"BreadcrumbList","@id":"https:\/\/corludahaber.com\/h\/corluda-3-katli-apartmanda-yangin-5-kisi-dumandan-etkilendi-corluda-haber\/104597#breadcrumb","itemListElement":[{"@type":"ListItem","position":1,"name":"Anasayfa","item":"https:\/\/corludahaber.com\/h\/"},{"@type":"ListItem","position":2,"name":"Genel","item":"https:\/\/corludahaber.com\/h\/kategori\/genel"},{"@type":"ListItem","position":3,"name":"\u00c7orlu&#8217;da 3 katl\u0131 apartmanda yang\u0131n: 5 ki\u015fi dumandan etkilendi | \u00c7orlu&#8217;da Haber"}]},{"@type":"WebSite","@id":"https:\/\/corludahaber.com\/h\/#website","url":"https:\/\/corludahaber.com\/h\/","name":"\u00c7orlu'da Haber","description":"Ger\u00e7ek Tarafs\u0131z Haber","publisher":{"@id":"https:\/\/corludahaber.com\/h\/#organization"},"potentialAction":[{"@type":"SearchAction","target":{"@type":"EntryPoint","urlTemplate":"https:\/\/corludahaber.com\/h\/?s={search_term_string}"},"query-input":"required name=search_term_string"}],"inLanguage":"tr"},{"@type":"Organization","@id":"https:\/\/corludahaber.com\/h\/#organization","name":"\u00c7orlu'da Haber","url":"https:\/\/corludahaber.com\/h\/","logo":{"@type":"ImageObject","inLanguage":"tr","@id":"https:\/\/corludahaber.com\/h\/#\/schema\/logo\/image\/","url":"https:\/\/corludahaber.com\/h\/wp-content\/uploads\/2021\/12\/logo__9__1_-removebg-preview.png","contentUrl":"https:\/\/corludahaber.com\/h\/wp-content\/uploads\/2021\/12\/logo__9__1_-removebg-preview.png","width":500,"height":157,"caption":"\u00c7orlu'da Haber"},"image":{"@id":"https:\/\/corludahaber.com\/h\/#\/schema\/logo\/image\/"},"sameAs":["https:\/\/facebook.com\/habercorluda","https:\/\/x.com\/habercorluda","https:\/\/www.instagram.com\/corludahaber","https:\/\/www.youtube.com\/user\/corludahaber"]},{"@type":"Person","@id":"https:\/\/corludahaber.com\/h\/#\/schema\/person\/b523522be44b062db5d74a62589768cd","name":"\u00c7orlu'da Haber","image":{"@type":"ImageObject","inLanguage":"tr","@id":"https:\/\/corludahaber.com\/h\/#\/schema\/person\/image\/","url":"https:\/\/secure.gravatar.com\/avatar\/1033e54e078c29fd7f053370086ff627ba414b05c2b231c418a481adecd764ce?s=96&d=blank&r=g","contentUrl":"https:\/\/secure.gravatar.com\/avatar\/1033e54e078c29fd7f053370086ff627ba414b05c2b231c418a481adecd764ce?s=96&d=blank&r=g","caption":"\u00c7orlu'da Haber"},"sameAs":["https:\/\/corludahaber.com\/h"],"url":"https:\/\/corludahaber.com\/h\/author\/admin"}]}},"_links":{"self":[{"href":"https:\/\/corludahaber.com\/h\/wp-json\/wp\/v2\/posts\/104597","targetHints":{"allow":["GET"]}}],"collection":[{"href":"https:\/\/corludahaber.com\/h\/wp-json\/wp\/v2\/posts"}],"about":[{"href":"https:\/\/corludahaber.com\/h\/wp-json\/wp\/v2\/types\/post"}],"author":[{"embeddable":true,"href":"https:\/\/corludahaber.com\/h\/wp-json\/wp\/v2\/users\/151"}],"replies":[{"embeddable":true,"href":"https:\/\/corludahaber.com\/h\/wp-json\/wp\/v2\/comments?post=104597"}],"version-history":[{"count":1,"href":"https:\/\/corludahaber.com\/h\/wp-json\/wp\/v2\/posts\/104597\/revisions"}],"predecessor-version":[{"id":104599,"href":"https:\/\/corludahaber.com\/h\/wp-json\/wp\/v2\/posts\/104597\/revisions\/104599"}],"wp:featuredmedia":[{"embeddable":true,"href":"https:\/\/corludahaber.com\/h\/wp-json\/wp\/v2\/media\/104598"}],"wp:attachment":[{"href":"https:\/\/corludahaber.com\/h\/wp-json\/wp\/v2\/media?parent=104597"}],"wp:term":[{"taxonomy":"category","embeddable":true,"href":"https:\/\/corludahaber.com\/h\/wp-json\/wp\/v2\/categories?post=104597"},{"taxonomy":"post_tag","embeddable":true,"href":"https:\/\/corludahaber.com\/h\/wp-json\/wp\/v2\/tags?post=104597"}],"curies":[{"name":"wp","href":"https:\/\/api.w.org\/{rel}","templated":true}]}}