{"id":101431,"date":"2025-03-27T22:35:44","date_gmt":"2025-03-27T19:35:44","guid":{"rendered":"https:\/\/corludahaber.com\/h\/marmara-icin-bayramda-saganak-uyarisi\/101431"},"modified":"2025-03-28T07:15:34","modified_gmt":"2025-03-28T04:15:34","slug":"marmara-icin-bayramda-saganak-uyarisi","status":"publish","type":"post","link":"https:\/\/corludahaber.com\/h\/marmara-icin-bayramda-saganak-uyarisi\/101431","title":{"rendered":"MGM&#8217;den Bayramda &#8216;Sa\u011fanak&#8217; Uyar\u0131s\u0131"},"content":{"rendered":"<div class=\"corlu-icerikten-once_3\" id=\"corlu-2882077834\"><script type='text\/javascript' src='https:\/\/platform-api.sharethis.com\/js\/sharethis.js#property=5ce8cf08af7d000012cb0ca1&product=inline-reaction-buttons' async='async'><\/script>\r\n\r\n<\/div><p>METEOROLOJ\u0130 Genel M\u00fcd\u00fcrl\u00fc\u011f\u00fc (MGM), ba\u015fta Tekirda\u011f olmak \u00fczere Marmara b\u00f6lgesi i\u00e7in bayramda &#8216;g\u00f6k g\u00fcr\u00fclt\u00fcl\u00fc sa\u011fanak&#8217; uyar\u0131s\u0131nda bulundu.<\/p><div class=\"corlu-icerik-2\" id=\"corlu-3847866035\"><!-- Admatic AUTO ads START -->\r\n<ins data-publisher=\"adm-pub-155556240050\" data-ad-network=\"659428a24d11b285b616c18d\"   class=\"adm-ads-area\"><\/ins>\r\n<script type=\"text\/javascript\" src=\"https:\/\/static.cdn.admatic.com.tr\/showad\/showad.min.js\"><\/script>\r\n<!-- Admatic AUTO ads END --><\/div>\n<div>\n<p>MGM \u0130stanbul B\u00f6lge Tahmin ve Erken Uyar\u0131 Merkezi, Ramazan Bayram\u0131 \u00f6ncesi Marmara B\u00f6lgesi i\u00e7in &#8216;ya\u011f\u0131\u015f&#8217; uyar\u0131s\u0131 yapt\u0131. Marmara B\u00f6lgesi\u2019nin yar\u0131ndan itibaren ya\u011f\u0131\u015fl\u0131 havan\u0131n etkisi alt\u0131na girece\u011fi tahmin ediliyor.<\/p>\n<p>Mevsim normallerinin olduk\u00e7a \u00fczerinde seyreden hava s\u0131cakl\u0131klar\u0131n\u0131n ise azalaca\u011f\u0131, bayram s\u00fcresince mevsim normallerinin biraz \u00fczerinde seyredece\u011fi de\u011ferlendiriliyor. Arife g\u00fcn\u00fc b\u00f6lge genelinin sa\u011fanak ve g\u00f6k g\u00fcr\u00fclt\u00fcl\u00fc sa\u011fanak ya\u011f\u0131\u015fl\u0131 ge\u00e7ece\u011fi tahmin ediliyor.<\/p>\n<p>Bayram\u0131n 1\u2019inci g\u00fcn\u00fc b\u00f6lge genelinin sa\u011fanak ve g\u00f6k g\u00fcr\u00fclt\u00fcl\u00fc sa\u011fanak ya\u011f\u0131\u015fl\u0131, ya\u011f\u0131\u015flar\u0131n Edirne il geneli ile Tekirda\u011f\u2019\u0131n bat\u0131 kesimlerinde yerel kuvvetli olmas\u0131 bekleniyor. Bayram\u0131n 2\u2019nci g\u00fcn\u00fc b\u00f6lge genelinin sa\u011fanak ve g\u00f6k g\u00fcr\u00fclt\u00fcl\u00fc sa\u011fanak ya\u011f\u0131\u015fl\u0131 ge\u00e7ece\u011fi tahmin ediliyor.<\/p>\n<p>Bayram\u0131n 3\u2019\u00fcnc\u00fc g\u00fcn\u00fc b\u00f6lge genelinin sa\u011fanak ve g\u00f6k g\u00fcr\u00fclt\u00fcl\u00fc sa\u011fanak ya\u011f\u0131\u015fl\u0131 ge\u00e7ece\u011fi de\u011ferlendiriliyor.<\/p>\n<\/div>\n<p>&nbsp;<\/p>\n<div class=\"corlu-icerikten-sonra_3\" id=\"corlu-4182482158\"><p><img loading=\"lazy\" decoding=\"async\" class=\"aligncenter\" src=\"https:\/\/www.corludahaber.com\/bahcesehir.jpg\" alt=\"\" width=\"624\" height=\"196\" \/><\/p>\n<table style=\"text-align: left; width: 100%;\" border=\"1\" cellspacing=\"2\" cellpadding=\"2\">\n<tbody>\n<tr>\n<td style=\"background-color: #050805;\"><span style=\"font-size: 12pt;\"><small><small><em><strong><big><span style=\"color: #ff0000;\">Haber ve resimlerin telif haklar\u0131ndan dolay\u0131 kullan\u0131m\u0131 yasakt\u0131r<span style=\"color: #000000;\">.<\/span><\/span><span style=\"color: #000000;\">\u00a0<\/span><span style=\"color: #ffffff;\">Yaz\u0131l\u0131 izni al\u0131nmadan hi\u00e7bir yaz\u0131l\u0131, g\u00f6rsel, i\u015fitsel i\u00e7erik kopyalanamaz, de\u011fi\u015ftirilemez, yay\u0131nlanamaz veya sat\u0131lamaz. Aksi halde<\/span>\u00a0<span style=\"color: #ff0000;\">5846<span style=\"color: #ffffff;\">\u00a0<\/span><\/span><span style=\"color: #ffffff;\">say\u0131l\u0131 Fikir ve Sanat Eserleri Kanunu\u2019na ve<\/span>\u00a0<span style=\"color: #800000;\"><span style=\"color: #ff0000;\">6102<\/span><span style=\"color: #ffffff;\">\u00a0<\/span><\/span><span style=\"color: #ffffff;\">say\u0131l\u0131 maddesine g\u00f6re<\/span>\u00a0<span style=\"color: #ff0000;\">gerekli i\u015flemler uygulanacakt\u0131r.<\/span><br \/>\n<span style=\"color: #ffffff;\">\u00a9 Copyright 2014<\/span><\/big><\/strong><\/em><\/small><\/small><\/span><\/td>\n<\/tr>\n<\/tbody>\n<\/table>\n<p><small><small>\u00a0<\/small><\/small><\/p>\n<\/div>","protected":false},"excerpt":{"rendered":"<p>METEOROLOJ\u0130 Genel M\u00fcd\u00fcrl\u00fc\u011f\u00fc (MGM), ba\u015fta Tekirda\u011f olmak \u00fczere Marmara b\u00f6lgesi i\u00e7in bayramda &#8216;g\u00f6k g\u00fcr\u00fclt\u00fcl\u00fc sa\u011fanak&#8217; uyar\u0131s\u0131nda bulundu. MGM \u0130stanbul B\u00f6lge Tahmin ve Erken Uyar\u0131 Merkezi, Ramazan Bayram\u0131 \u00f6ncesi Marmara B\u00f6lgesi i\u00e7in &#8216;ya\u011f\u0131\u015f&#8217; uyar\u0131s\u0131 yapt\u0131. Marmara B\u00f6lgesi\u2019nin yar\u0131ndan itibaren ya\u011f\u0131\u015fl\u0131 havan\u0131n etkisi alt\u0131na girece\u011fi tahmin ediliyor. Mevsim normallerinin olduk\u00e7a \u00fczerinde seyreden hava s\u0131cakl\u0131klar\u0131n\u0131n ise azalaca\u011f\u0131, bayram &hellip;<\/p>\n","protected":false},"author":151,"featured_media":101432,"comment_status":"open","ping_status":"closed","sticky":false,"template":"","format":"standard","meta":{"footnotes":""},"categories":[27],"tags":[8025,874,9376,15478,594,347,24816,24821,67,3661,1552],"class_list":["post-101431","post","type-post","status-publish","format-standard","has-post-thumbnail","hentry","category-yasam","tag-asayis","tag-bayramda","tag-corlu-kaza","tag-corlu-son-dakika-kaza","tag-icin","tag-marmara","tag-marmara-icin-bayramda-saganak-uyarisi","tag-mgmden-bayramda-saganak-uyarisi","tag-saganak","tag-son-dakika-kaza","tag-uyarisi"],"yoast_head":"<!-- This site is optimized with the Yoast SEO Premium plugin v23.3 (Yoast SEO v23.3) - https:\/\/yoast.com\/wordpress\/plugins\/seo\/ -->\n<title>MGM&#039;den Bayramda &#039;Sa\u011fanak&#039; Uyar\u0131s\u0131 | \u00c7orlu&#039;da Haber<\/title>\n<meta name=\"description\" content=\"MGM&#039;den Bayramda &#039;Sa\u011fanak&#039; Uyar\u0131s\u0131 | Ya\u015fam \u00c7orlu&#039;da Haber\" \/>\n<meta name=\"robots\" content=\"index, follow, max-snippet:-1, max-image-preview:large, max-video-preview:-1\" \/>\n<link rel=\"canonical\" href=\"https:\/\/corludahaber.com\/h\/marmara-icin-bayramda-saganak-uyarisi\/101431\" \/>\n<meta property=\"og:locale\" content=\"tr_TR\" \/>\n<meta property=\"og:type\" content=\"article\" \/>\n<meta property=\"og:title\" content=\"MGM&#039;den Bayramda &#039;Sa\u011fanak&#039; Uyar\u0131s\u0131 | \u00c7orlu&#039;da Haber\" \/>\n<meta property=\"og:description\" content=\"MGM&#039;den Bayramda &#039;Sa\u011fanak&#039; Uyar\u0131s\u0131 | Ya\u015fam \u00c7orlu&#039;da Haber\" \/>\n<meta property=\"og:url\" content=\"https:\/\/corludahaber.com\/h\/marmara-icin-bayramda-saganak-uyarisi\/101431\" \/>\n<meta property=\"og:site_name\" content=\"\u00c7orlu&#039;da Haber\" \/>\n<meta property=\"article:publisher\" content=\"https:\/\/facebook.com\/habercorluda\" \/>\n<meta property=\"article:published_time\" content=\"2025-03-27T19:35:44+00:00\" \/>\n<meta property=\"article:modified_time\" content=\"2025-03-28T04:15:34+00:00\" \/>\n<meta property=\"og:image\" content=\"http:\/\/corludahaber.com\/h\/wp-content\/uploads\/2025\/03\/marmara-icin-bayramda-saganak-uyarisi_67e5a891b9cfe-scaled.jpeg\" \/>\n\t<meta property=\"og:image:width\" content=\"1920\" \/>\n\t<meta property=\"og:image:height\" content=\"1368\" \/>\n\t<meta property=\"og:image:type\" content=\"image\/jpeg\" \/>\n<meta name=\"author\" content=\"\u00c7orlu&#039;da Haber\" \/>\n<meta name=\"twitter:card\" content=\"summary_large_image\" \/>\n<meta name=\"twitter:creator\" content=\"@habercorluda\" \/>\n<meta name=\"twitter:site\" content=\"@habercorluda\" \/>\n<meta name=\"twitter:label1\" content=\"Yazan:\" \/>\n\t<meta name=\"twitter:data1\" content=\"\u00c7orlu&#039;da Haber\" \/>\n\t<meta name=\"twitter:label2\" content=\"Tahmini okuma s\u00fcresi\" \/>\n\t<meta name=\"twitter:data2\" content=\"1 dakika\" \/>\n<script type=\"application\/ld+json\" class=\"yoast-schema-graph\">{\"@context\":\"https:\/\/schema.org\",\"@graph\":[{\"@type\":\"Article\",\"@id\":\"https:\/\/corludahaber.com\/h\/marmara-icin-bayramda-saganak-uyarisi\/101431#article\",\"isPartOf\":{\"@id\":\"https:\/\/corludahaber.com\/h\/marmara-icin-bayramda-saganak-uyarisi\/101431\"},\"author\":{\"name\":\"\u00c7orlu'da Haber\",\"@id\":\"https:\/\/corludahaber.com\/h\/#\/schema\/person\/b523522be44b062db5d74a62589768cd\"},\"headline\":\"MGM&#8217;den Bayramda &#8216;Sa\u011fanak&#8217; Uyar\u0131s\u0131\",\"datePublished\":\"2025-03-27T19:35:44+00:00\",\"dateModified\":\"2025-03-28T04:15:34+00:00\",\"mainEntityOfPage\":{\"@id\":\"https:\/\/corludahaber.com\/h\/marmara-icin-bayramda-saganak-uyarisi\/101431\"},\"wordCount\":213,\"commentCount\":0,\"publisher\":{\"@id\":\"https:\/\/corludahaber.com\/h\/#organization\"},\"image\":{\"@id\":\"https:\/\/corludahaber.com\/h\/marmara-icin-bayramda-saganak-uyarisi\/101431#primaryimage\"},\"thumbnailUrl\":\"https:\/\/corludahaber.com\/h\/wp-content\/uploads\/2025\/03\/marmara-icin-bayramda-saganak-uyarisi_67e5a891b9cfe-scaled.jpeg\",\"keywords\":[\"asayi\u015f\",\"BAYRAMDA\",\"\u00c7orlu kaza\",\"\u00c7orlu son dakika kaza\",\"i\u00e7in\",\"Marmara\",\"Marmara i\u00e7in bayramda 'sa\u011fanak' uyar\u0131s\u0131\",\"MGM'den Bayramda 'Sa\u011fanak' Uyar\u0131s\u0131\",\"sa\u011fanak\",\"son dakika kaza\",\"uyar\u0131s\u0131\"],\"articleSection\":[\"Ya\u015fam\"],\"inLanguage\":\"tr\",\"potentialAction\":[{\"@type\":\"CommentAction\",\"name\":\"Comment\",\"target\":[\"https:\/\/corludahaber.com\/h\/marmara-icin-bayramda-saganak-uyarisi\/101431#respond\"]}]},{\"@type\":\"WebPage\",\"@id\":\"https:\/\/corludahaber.com\/h\/marmara-icin-bayramda-saganak-uyarisi\/101431\",\"url\":\"https:\/\/corludahaber.com\/h\/marmara-icin-bayramda-saganak-uyarisi\/101431\",\"name\":\"MGM'den Bayramda 'Sa\u011fanak' Uyar\u0131s\u0131 | \u00c7orlu&#039;da Haber\",\"isPartOf\":{\"@id\":\"https:\/\/corludahaber.com\/h\/#website\"},\"primaryImageOfPage\":{\"@id\":\"https:\/\/corludahaber.com\/h\/marmara-icin-bayramda-saganak-uyarisi\/101431#primaryimage\"},\"image\":{\"@id\":\"https:\/\/corludahaber.com\/h\/marmara-icin-bayramda-saganak-uyarisi\/101431#primaryimage\"},\"thumbnailUrl\":\"https:\/\/corludahaber.com\/h\/wp-content\/uploads\/2025\/03\/marmara-icin-bayramda-saganak-uyarisi_67e5a891b9cfe-scaled.jpeg\",\"datePublished\":\"2025-03-27T19:35:44+00:00\",\"dateModified\":\"2025-03-28T04:15:34+00:00\",\"description\":\"MGM'den Bayramda 'Sa\u011fanak' Uyar\u0131s\u0131 | Ya\u015fam \u00c7orlu&#039;da Haber\",\"breadcrumb\":{\"@id\":\"https:\/\/corludahaber.com\/h\/marmara-icin-bayramda-saganak-uyarisi\/101431#breadcrumb\"},\"inLanguage\":\"tr\",\"potentialAction\":[{\"@type\":\"ReadAction\",\"target\":[\"https:\/\/corludahaber.com\/h\/marmara-icin-bayramda-saganak-uyarisi\/101431\"]}]},{\"@type\":\"ImageObject\",\"inLanguage\":\"tr\",\"@id\":\"https:\/\/corludahaber.com\/h\/marmara-icin-bayramda-saganak-uyarisi\/101431#primaryimage\",\"url\":\"https:\/\/corludahaber.com\/h\/wp-content\/uploads\/2025\/03\/marmara-icin-bayramda-saganak-uyarisi_67e5a891b9cfe-scaled.jpeg\",\"contentUrl\":\"https:\/\/corludahaber.com\/h\/wp-content\/uploads\/2025\/03\/marmara-icin-bayramda-saganak-uyarisi_67e5a891b9cfe-scaled.jpeg\",\"width\":1920,\"height\":1368},{\"@type\":\"BreadcrumbList\",\"@id\":\"https:\/\/corludahaber.com\/h\/marmara-icin-bayramda-saganak-uyarisi\/101431#breadcrumb\",\"itemListElement\":[{\"@type\":\"ListItem\",\"position\":1,\"name\":\"Anasayfa\",\"item\":\"https:\/\/corludahaber.com\/h\/\"},{\"@type\":\"ListItem\",\"position\":2,\"name\":\"Ya\u015fam\",\"item\":\"https:\/\/corludahaber.com\/h\/kategori\/yasam\"},{\"@type\":\"ListItem\",\"position\":3,\"name\":\"MGM&#8217;den Bayramda &#8216;Sa\u011fanak&#8217; Uyar\u0131s\u0131\"}]},{\"@type\":\"WebSite\",\"@id\":\"https:\/\/corludahaber.com\/h\/#website\",\"url\":\"https:\/\/corludahaber.com\/h\/\",\"name\":\"\u00c7orlu'da Haber\",\"description\":\"Ger\u00e7ek Tarafs\u0131z Haber\",\"publisher\":{\"@id\":\"https:\/\/corludahaber.com\/h\/#organization\"},\"potentialAction\":[{\"@type\":\"SearchAction\",\"target\":{\"@type\":\"EntryPoint\",\"urlTemplate\":\"https:\/\/corludahaber.com\/h\/?s={search_term_string}\"},\"query-input\":\"required name=search_term_string\"}],\"inLanguage\":\"tr\"},{\"@type\":\"Organization\",\"@id\":\"https:\/\/corludahaber.com\/h\/#organization\",\"name\":\"\u00c7orlu'da Haber\",\"url\":\"https:\/\/corludahaber.com\/h\/\",\"logo\":{\"@type\":\"ImageObject\",\"inLanguage\":\"tr\",\"@id\":\"https:\/\/corludahaber.com\/h\/#\/schema\/logo\/image\/\",\"url\":\"https:\/\/corludahaber.com\/h\/wp-content\/uploads\/2021\/12\/logo__9__1_-removebg-preview.png\",\"contentUrl\":\"https:\/\/corludahaber.com\/h\/wp-content\/uploads\/2021\/12\/logo__9__1_-removebg-preview.png\",\"width\":500,\"height\":157,\"caption\":\"\u00c7orlu'da Haber\"},\"image\":{\"@id\":\"https:\/\/corludahaber.com\/h\/#\/schema\/logo\/image\/\"},\"sameAs\":[\"https:\/\/facebook.com\/habercorluda\",\"https:\/\/x.com\/habercorluda\",\"https:\/\/www.instagram.com\/corludahaber\",\"https:\/\/www.youtube.com\/user\/corludahaber\"]},{\"@type\":\"Person\",\"@id\":\"https:\/\/corludahaber.com\/h\/#\/schema\/person\/b523522be44b062db5d74a62589768cd\",\"name\":\"\u00c7orlu'da Haber\",\"image\":{\"@type\":\"ImageObject\",\"inLanguage\":\"tr\",\"@id\":\"https:\/\/corludahaber.com\/h\/#\/schema\/person\/image\/\",\"url\":\"https:\/\/secure.gravatar.com\/avatar\/1033e54e078c29fd7f053370086ff627ba414b05c2b231c418a481adecd764ce?s=96&d=blank&r=g\",\"contentUrl\":\"https:\/\/secure.gravatar.com\/avatar\/1033e54e078c29fd7f053370086ff627ba414b05c2b231c418a481adecd764ce?s=96&d=blank&r=g\",\"caption\":\"\u00c7orlu'da Haber\"},\"sameAs\":[\"https:\/\/corludahaber.com\/h\"],\"url\":\"https:\/\/corludahaber.com\/h\/author\/admin\"}]}<\/script>\n<!-- \/ Yoast SEO Premium plugin. -->","yoast_head_json":{"title":"MGM'den Bayramda 'Sa\u011fanak' Uyar\u0131s\u0131 | \u00c7orlu&#039;da Haber","description":"MGM'den Bayramda 'Sa\u011fanak' Uyar\u0131s\u0131 | Ya\u015fam \u00c7orlu&#039;da Haber","robots":{"index":"index","follow":"follow","max-snippet":"max-snippet:-1","max-image-preview":"max-image-preview:large","max-video-preview":"max-video-preview:-1"},"canonical":"https:\/\/corludahaber.com\/h\/marmara-icin-bayramda-saganak-uyarisi\/101431","og_locale":"tr_TR","og_type":"article","og_title":"MGM'den Bayramda 'Sa\u011fanak' Uyar\u0131s\u0131 | \u00c7orlu&#039;da Haber","og_description":"MGM'den Bayramda 'Sa\u011fanak' Uyar\u0131s\u0131 | Ya\u015fam \u00c7orlu&#039;da Haber","og_url":"https:\/\/corludahaber.com\/h\/marmara-icin-bayramda-saganak-uyarisi\/101431","og_site_name":"\u00c7orlu&#039;da Haber","article_publisher":"https:\/\/facebook.com\/habercorluda","article_published_time":"2025-03-27T19:35:44+00:00","article_modified_time":"2025-03-28T04:15:34+00:00","og_image":[{"width":1920,"height":1368,"url":"http:\/\/corludahaber.com\/h\/wp-content\/uploads\/2025\/03\/marmara-icin-bayramda-saganak-uyarisi_67e5a891b9cfe-scaled.jpeg","type":"image\/jpeg"}],"author":"\u00c7orlu'da Haber","twitter_card":"summary_large_image","twitter_creator":"@habercorluda","twitter_site":"@habercorluda","twitter_misc":{"Yazan:":"\u00c7orlu'da Haber","Tahmini okuma s\u00fcresi":"1 dakika"},"schema":{"@context":"https:\/\/schema.org","@graph":[{"@type":"Article","@id":"https:\/\/corludahaber.com\/h\/marmara-icin-bayramda-saganak-uyarisi\/101431#article","isPartOf":{"@id":"https:\/\/corludahaber.com\/h\/marmara-icin-bayramda-saganak-uyarisi\/101431"},"author":{"name":"\u00c7orlu'da Haber","@id":"https:\/\/corludahaber.com\/h\/#\/schema\/person\/b523522be44b062db5d74a62589768cd"},"headline":"MGM&#8217;den Bayramda &#8216;Sa\u011fanak&#8217; Uyar\u0131s\u0131","datePublished":"2025-03-27T19:35:44+00:00","dateModified":"2025-03-28T04:15:34+00:00","mainEntityOfPage":{"@id":"https:\/\/corludahaber.com\/h\/marmara-icin-bayramda-saganak-uyarisi\/101431"},"wordCount":213,"commentCount":0,"publisher":{"@id":"https:\/\/corludahaber.com\/h\/#organization"},"image":{"@id":"https:\/\/corludahaber.com\/h\/marmara-icin-bayramda-saganak-uyarisi\/101431#primaryimage"},"thumbnailUrl":"https:\/\/corludahaber.com\/h\/wp-content\/uploads\/2025\/03\/marmara-icin-bayramda-saganak-uyarisi_67e5a891b9cfe-scaled.jpeg","keywords":["asayi\u015f","BAYRAMDA","\u00c7orlu kaza","\u00c7orlu son dakika kaza","i\u00e7in","Marmara","Marmara i\u00e7in bayramda 'sa\u011fanak' uyar\u0131s\u0131","MGM'den Bayramda 'Sa\u011fanak' Uyar\u0131s\u0131","sa\u011fanak","son dakika kaza","uyar\u0131s\u0131"],"articleSection":["Ya\u015fam"],"inLanguage":"tr","potentialAction":[{"@type":"CommentAction","name":"Comment","target":["https:\/\/corludahaber.com\/h\/marmara-icin-bayramda-saganak-uyarisi\/101431#respond"]}]},{"@type":"WebPage","@id":"https:\/\/corludahaber.com\/h\/marmara-icin-bayramda-saganak-uyarisi\/101431","url":"https:\/\/corludahaber.com\/h\/marmara-icin-bayramda-saganak-uyarisi\/101431","name":"MGM'den Bayramda 'Sa\u011fanak' Uyar\u0131s\u0131 | \u00c7orlu&#039;da Haber","isPartOf":{"@id":"https:\/\/corludahaber.com\/h\/#website"},"primaryImageOfPage":{"@id":"https:\/\/corludahaber.com\/h\/marmara-icin-bayramda-saganak-uyarisi\/101431#primaryimage"},"image":{"@id":"https:\/\/corludahaber.com\/h\/marmara-icin-bayramda-saganak-uyarisi\/101431#primaryimage"},"thumbnailUrl":"https:\/\/corludahaber.com\/h\/wp-content\/uploads\/2025\/03\/marmara-icin-bayramda-saganak-uyarisi_67e5a891b9cfe-scaled.jpeg","datePublished":"2025-03-27T19:35:44+00:00","dateModified":"2025-03-28T04:15:34+00:00","description":"MGM'den Bayramda 'Sa\u011fanak' Uyar\u0131s\u0131 | Ya\u015fam \u00c7orlu&#039;da Haber","breadcrumb":{"@id":"https:\/\/corludahaber.com\/h\/marmara-icin-bayramda-saganak-uyarisi\/101431#breadcrumb"},"inLanguage":"tr","potentialAction":[{"@type":"ReadAction","target":["https:\/\/corludahaber.com\/h\/marmara-icin-bayramda-saganak-uyarisi\/101431"]}]},{"@type":"ImageObject","inLanguage":"tr","@id":"https:\/\/corludahaber.com\/h\/marmara-icin-bayramda-saganak-uyarisi\/101431#primaryimage","url":"https:\/\/corludahaber.com\/h\/wp-content\/uploads\/2025\/03\/marmara-icin-bayramda-saganak-uyarisi_67e5a891b9cfe-scaled.jpeg","contentUrl":"https:\/\/corludahaber.com\/h\/wp-content\/uploads\/2025\/03\/marmara-icin-bayramda-saganak-uyarisi_67e5a891b9cfe-scaled.jpeg","width":1920,"height":1368},{"@type":"BreadcrumbList","@id":"https:\/\/corludahaber.com\/h\/marmara-icin-bayramda-saganak-uyarisi\/101431#breadcrumb","itemListElement":[{"@type":"ListItem","position":1,"name":"Anasayfa","item":"https:\/\/corludahaber.com\/h\/"},{"@type":"ListItem","position":2,"name":"Ya\u015fam","item":"https:\/\/corludahaber.com\/h\/kategori\/yasam"},{"@type":"ListItem","position":3,"name":"MGM&#8217;den Bayramda &#8216;Sa\u011fanak&#8217; Uyar\u0131s\u0131"}]},{"@type":"WebSite","@id":"https:\/\/corludahaber.com\/h\/#website","url":"https:\/\/corludahaber.com\/h\/","name":"\u00c7orlu'da Haber","description":"Ger\u00e7ek Tarafs\u0131z Haber","publisher":{"@id":"https:\/\/corludahaber.com\/h\/#organization"},"potentialAction":[{"@type":"SearchAction","target":{"@type":"EntryPoint","urlTemplate":"https:\/\/corludahaber.com\/h\/?s={search_term_string}"},"query-input":"required name=search_term_string"}],"inLanguage":"tr"},{"@type":"Organization","@id":"https:\/\/corludahaber.com\/h\/#organization","name":"\u00c7orlu'da Haber","url":"https:\/\/corludahaber.com\/h\/","logo":{"@type":"ImageObject","inLanguage":"tr","@id":"https:\/\/corludahaber.com\/h\/#\/schema\/logo\/image\/","url":"https:\/\/corludahaber.com\/h\/wp-content\/uploads\/2021\/12\/logo__9__1_-removebg-preview.png","contentUrl":"https:\/\/corludahaber.com\/h\/wp-content\/uploads\/2021\/12\/logo__9__1_-removebg-preview.png","width":500,"height":157,"caption":"\u00c7orlu'da Haber"},"image":{"@id":"https:\/\/corludahaber.com\/h\/#\/schema\/logo\/image\/"},"sameAs":["https:\/\/facebook.com\/habercorluda","https:\/\/x.com\/habercorluda","https:\/\/www.instagram.com\/corludahaber","https:\/\/www.youtube.com\/user\/corludahaber"]},{"@type":"Person","@id":"https:\/\/corludahaber.com\/h\/#\/schema\/person\/b523522be44b062db5d74a62589768cd","name":"\u00c7orlu'da Haber","image":{"@type":"ImageObject","inLanguage":"tr","@id":"https:\/\/corludahaber.com\/h\/#\/schema\/person\/image\/","url":"https:\/\/secure.gravatar.com\/avatar\/1033e54e078c29fd7f053370086ff627ba414b05c2b231c418a481adecd764ce?s=96&d=blank&r=g","contentUrl":"https:\/\/secure.gravatar.com\/avatar\/1033e54e078c29fd7f053370086ff627ba414b05c2b231c418a481adecd764ce?s=96&d=blank&r=g","caption":"\u00c7orlu'da Haber"},"sameAs":["https:\/\/corludahaber.com\/h"],"url":"https:\/\/corludahaber.com\/h\/author\/admin"}]}},"_links":{"self":[{"href":"https:\/\/corludahaber.com\/h\/wp-json\/wp\/v2\/posts\/101431","targetHints":{"allow":["GET"]}}],"collection":[{"href":"https:\/\/corludahaber.com\/h\/wp-json\/wp\/v2\/posts"}],"about":[{"href":"https:\/\/corludahaber.com\/h\/wp-json\/wp\/v2\/types\/post"}],"author":[{"embeddable":true,"href":"https:\/\/corludahaber.com\/h\/wp-json\/wp\/v2\/users\/151"}],"replies":[{"embeddable":true,"href":"https:\/\/corludahaber.com\/h\/wp-json\/wp\/v2\/comments?post=101431"}],"version-history":[{"count":4,"href":"https:\/\/corludahaber.com\/h\/wp-json\/wp\/v2\/posts\/101431\/revisions"}],"predecessor-version":[{"id":101444,"href":"https:\/\/corludahaber.com\/h\/wp-json\/wp\/v2\/posts\/101431\/revisions\/101444"}],"wp:featuredmedia":[{"embeddable":true,"href":"https:\/\/corludahaber.com\/h\/wp-json\/wp\/v2\/media\/101432"}],"wp:attachment":[{"href":"https:\/\/corludahaber.com\/h\/wp-json\/wp\/v2\/media?parent=101431"}],"wp:term":[{"taxonomy":"category","embeddable":true,"href":"https:\/\/corludahaber.com\/h\/wp-json\/wp\/v2\/categories?post=101431"},{"taxonomy":"post_tag","embeddable":true,"href":"https:\/\/corludahaber.com\/h\/wp-json\/wp\/v2\/tags?post=101431"}],"curies":[{"name":"wp","href":"https:\/\/api.w.org\/{rel}","templated":true}]}}